{"id":48836,"date":"2024-07-08T05:58:05","date_gmt":"2024-07-08T08:58:05","guid":{"rendered":"https:\/\/www.pbagora.com.br\/?p=843088"},"modified":"2024-07-08T10:30:05","modified_gmt":"2024-07-08T13:30:05","slug":"mulheres-morrem-em-acidente-entre-carro-e-moto-no-interior-da-paraiba","status":"publish","type":"post","link":"https:\/\/sindaopcpb.org.br\/index.php\/2024\/07\/08\/mulheres-morrem-em-acidente-entre-carro-e-moto-no-interior-da-paraiba\/","title":{"rendered":"Mulheres morrem em acidente entre carro e moto no interior da Para\u00edba"},"content":{"rendered":"<p><img width=\"460\" height=\"305\" src=\"https:\/\/pbagora.s3.amazonaws.com\/2022\/03\/03074650\/samu-06012019180129334.jpeg\" class=\"attachment-large size-large wp-post-image\" alt=\"\" style=\"margin-bottom: 20px;\" decoding=\"async\" loading=\"lazy\" srcset=\"https:\/\/pbagora.s3.amazonaws.com\/2022\/03\/03074650\/samu-06012019180129334.jpeg 460w, https:\/\/pbagora.s3.amazonaws.com\/2022\/03\/03074650\/samu-06012019180129334-300x199.jpeg 300w, https:\/\/pbagora.s3.amazonaws.com\/2022\/03\/03074650\/samu-06012019180129334-150x99.jpeg 150w, https:\/\/pbagora.s3.amazonaws.com\/2022\/03\/03074650\/samu-06012019180129334-380x252.jpeg 380w, https:\/\/pbagora.s3.amazonaws.com\/2022\/03\/03074650\/samu-06012019180129334-80x53.jpeg 80w\" sizes=\"(max-width: 460px) 100vw, 460px\" \/><\/p><p>Uma trag\u00e9dia ocorreu na noite de ontem (7) em Concei\u00e7\u00e3o, no Vale do Pianc\u00f3, na Para\u00edba. Quando uma colis\u00e3o na rodovia estadual PB-386 resultou na morte de duas mulheres. A colis\u00e3o entre um carro e uma moto ocorreu na sa\u00edda da cidade, na dire\u00e7\u00e3o do estado do Cear\u00e1.<\/p>\n<p>As v\u00edtimas estavam em uma motocicleta quando foram envolvidas no acidente. Relatos preliminares indicam que um ve\u00edculo, possivelmente um Hyundai HB20 branco, colidiu com a moto em que as mulheres estavam, causando um impacto devastador que resultou na morte imediata das v\u00edtimas no local.<\/p>\n<p>Segundo relatos de testemunhas, o motorista do carro, ap\u00f3s a colis\u00e3o, abandonou o ve\u00edculo e fugiu do local, deixando a cena do acidente sem prestar socorro ou aguardar as autoridades. A Pol\u00edcia Militar e o Servi\u00e7o de Atendimento M\u00f3vel de Urg\u00eancia (SAMU) foram chamados. A \u00e1rea foi isolada para os procedimentos de emerg\u00eancia e investiga\u00e7\u00e3o.<\/p>\n<p>O local do acidente foi rapidamente cercado pelas autoridades, que trabalham para reunir evid\u00eancias e identificar o respons\u00e1vel pela fuga.<\/p>\n<p>Reda\u00e7\u00e3o<\/p>\n","protected":false},"excerpt":{"rendered":"<p><img decoding=\"async\" width=\"460\" height=\"305\" src=\"https:\/\/pbagora.s3.amazonaws.com\/2022\/03\/03074650\/samu-06012019180129334.jpeg\" class=\"attachment-large size-large wp-post-image\" alt=\"\" loading=\"lazy\"><\/p>\n<p>Uma trag\u00e9dia ocorreu na noite de ontem (7) em Concei\u00e7\u00e3o, no Vale do Pianc\u00f3, na Para\u00edba. Quando uma\u2026<\/p>\n","protected":false},"author":123457,"featured_media":0,"comment_status":"closed","ping_status":"closed","sticky":false,"template":"","format":"standard","meta":{"advgb_blocks_editor_width":"","advgb_blocks_columns_visual_guide":"","footnotes":""},"categories":[34],"tags":[35,10839,10847],"class_list":["post-48836","post","type-post","status-publish","format-standard","hentry","category-g1","tag-g1","tag-policial","tag-rodape-03"],"author_meta":{"display_name":"Reda\u00e7\u00e3o","author_link":"https:\/\/sindaopcpb.org.br\/author\/redacao\/"},"featured_img":null,"coauthors":[],"tax_additional":{"categories":{"linked":["<a href=\"https:\/\/sindaopcpb.org.br\/g1\/\" class=\"advgb-post-tax-term\">G1<\/a>"],"unlinked":["<span class=\"advgb-post-tax-term\">G1<\/span>"]},"tags":{"linked":["<a href=\"https:\/\/sindaopcpb.org.br\/g1\/\" class=\"advgb-post-tax-term\">g1<\/a>","<a href=\"https:\/\/sindaopcpb.org.br\/g1\/\" class=\"advgb-post-tax-term\">Policial<\/a>","<a href=\"https:\/\/sindaopcpb.org.br\/g1\/\" class=\"advgb-post-tax-term\">Rodape 03<\/a>"],"unlinked":["<span class=\"advgb-post-tax-term\">g1<\/span>","<span class=\"advgb-post-tax-term\">Policial<\/span>","<span class=\"advgb-post-tax-term\">Rodape 03<\/span>"]}},"comment_count":"0","relative_dates":{"created":"Publicado 2 anos atr\u00e1s","modified":"Atualizado 2 anos atr\u00e1s"},"absolute_dates":{"created":"Publicado em 8 de julho de 2024","modified":"Atualizado em 8 de julho de 2024"},"absolute_dates_time":{"created":"Publicado em 8 de julho de 2024 05:58","modified":"Atualizado em 8 de julho de 2024 10:30"},"featured_img_caption":"","series_order":"","_links":{"self":[{"href":"https:\/\/sindaopcpb.org.br\/index.php\/wp-json\/wp\/v2\/posts\/48836","targetHints":{"allow":["GET"]}}],"collection":[{"href":"https:\/\/sindaopcpb.org.br\/index.php\/wp-json\/wp\/v2\/posts"}],"about":[{"href":"https:\/\/sindaopcpb.org.br\/index.php\/wp-json\/wp\/v2\/types\/post"}],"author":[{"embeddable":true,"href":"https:\/\/sindaopcpb.org.br\/index.php\/wp-json\/wp\/v2\/users\/123457"}],"replies":[{"embeddable":true,"href":"https:\/\/sindaopcpb.org.br\/index.php\/wp-json\/wp\/v2\/comments?post=48836"}],"version-history":[{"count":4,"href":"https:\/\/sindaopcpb.org.br\/index.php\/wp-json\/wp\/v2\/posts\/48836\/revisions"}],"predecessor-version":[{"id":48858,"href":"https:\/\/sindaopcpb.org.br\/index.php\/wp-json\/wp\/v2\/posts\/48836\/revisions\/48858"}],"wp:attachment":[{"href":"https:\/\/sindaopcpb.org.br\/index.php\/wp-json\/wp\/v2\/media?parent=48836"}],"wp:term":[{"taxonomy":"category","embeddable":true,"href":"https:\/\/sindaopcpb.org.br\/index.php\/wp-json\/wp\/v2\/categories?post=48836"},{"taxonomy":"post_tag","embeddable":true,"href":"https:\/\/sindaopcpb.org.br\/index.php\/wp-json\/wp\/v2\/tags?post=48836"}],"curies":[{"name":"wp","href":"https:\/\/api.w.org\/{rel}","templated":true}]}}