{"id":48834,"date":"2024-07-08T06:36:33","date_gmt":"2024-07-08T09:36:33","guid":{"rendered":"https:\/\/www.pbagora.com.br\/?p=843110"},"modified":"2024-07-08T09:36:33","modified_gmt":"2024-07-08T12:36:33","slug":"homem-e-assassinado-a-tiros-dentro-da-propria-residencia-na-cidade-de-santa-rita","status":"publish","type":"post","link":"https:\/\/sindaopcpb.org.br\/index.php\/2024\/07\/08\/homem-e-assassinado-a-tiros-dentro-da-propria-residencia-na-cidade-de-santa-rita\/","title":{"rendered":"Homem \u00e9 assassinado a tiros dentro da pr\u00f3pria resid\u00eancia na cidade de Santa Rita"},"content":{"rendered":"<p><img width=\"937\" height=\"416\" src=\"https:\/\/pbagora.s3.amazonaws.com\/2024\/07\/08063626\/Sem-titulo-10.jpg\" class=\"attachment-large size-large wp-post-image\" alt=\"\" style=\"margin-bottom: 20px;\" decoding=\"async\" loading=\"lazy\" srcset=\"https:\/\/pbagora.s3.amazonaws.com\/2024\/07\/08063626\/Sem-titulo-10.jpg 937w, https:\/\/pbagora.s3.amazonaws.com\/2024\/07\/08063626\/Sem-titulo-10-300x133.jpg 300w, https:\/\/pbagora.s3.amazonaws.com\/2024\/07\/08063626\/Sem-titulo-10-150x67.jpg 150w, https:\/\/pbagora.s3.amazonaws.com\/2024\/07\/08063626\/Sem-titulo-10-768x341.jpg 768w, https:\/\/pbagora.s3.amazonaws.com\/2024\/07\/08063626\/Sem-titulo-10-380x169.jpg 380w, https:\/\/pbagora.s3.amazonaws.com\/2024\/07\/08063626\/Sem-titulo-10-800x355.jpg 800w, https:\/\/pbagora.s3.amazonaws.com\/2024\/07\/08063626\/Sem-titulo-10-80x36.jpg 80w, https:\/\/pbagora.s3.amazonaws.com\/2024\/07\/08063626\/Sem-titulo-10-760x337.jpg 760w, https:\/\/pbagora.s3.amazonaws.com\/2024\/07\/08063626\/Sem-titulo-10-600x266.jpg 600w\" sizes=\"(max-width: 937px) 100vw, 937px\" \/><\/p><p>Um homem foi assassinado a tiros na madrugada de hoje (8) na cidade de Santa Rita, na Grande Jo\u00e3o Pessoa. O crime aconteceu dentro da pr\u00f3pria casa da v\u00edtima. Segundo as informa\u00e7\u00f5es iniciais da Pol\u00edcia Civil, a suspeita \u00e9 de que o homem chegava de uma festa do munic\u00edpio quando foi surpreendido pelo atirador.<\/p>\n<p>A v\u00edtima ainda tentou fugir, se escondendo em um banheiro da resid\u00eancia, mas a porta do c\u00f4modo foi arrombada pelo criminoso. Ainda de acordo com a per\u00edcia, a v\u00edtima foi morta com cerca de dez tiros. No local, n\u00e3o havia familiares do homem. Mas a suspeita da per\u00edcia \u00e9 que no momento do crime outra pessoa estivesse na casa.<\/p>\n<p>O crime deve ser investigado na tentativa de identificar a motiva\u00e7\u00e3o e o respons\u00e1vel.<\/p>\n<p>Reda\u00e7\u00e3o<\/p>\n","protected":false},"excerpt":{"rendered":"<p><img decoding=\"async\" width=\"937\" height=\"416\" src=\"https:\/\/pbagora.s3.amazonaws.com\/2024\/07\/08063626\/Sem-titulo-10.jpg\" class=\"attachment-large size-large wp-post-image\" alt=\"\" loading=\"lazy\"><\/p>\n<p>Um homem foi assassinado a tiros na madrugada de hoje (8) na cidade de Santa Rita, na Grande\u2026<\/p>\n","protected":false},"author":123457,"featured_media":0,"comment_status":"closed","ping_status":"closed","sticky":false,"template":"","format":"standard","meta":{"advgb_blocks_editor_width":"","advgb_blocks_columns_visual_guide":"","footnotes":""},"categories":[34],"tags":[10852,35,10839],"class_list":["post-48834","post","type-post","status-publish","format-standard","hentry","category-g1","tag-destaque-final-01","tag-g1","tag-policial"],"author_meta":{"display_name":"Reda\u00e7\u00e3o","author_link":"https:\/\/sindaopcpb.org.br\/author\/redacao\/"},"featured_img":null,"coauthors":[],"tax_additional":{"categories":{"linked":["<a href=\"https:\/\/sindaopcpb.org.br\/g1\/\" class=\"advgb-post-tax-term\">G1<\/a>"],"unlinked":["<span class=\"advgb-post-tax-term\">G1<\/span>"]},"tags":{"linked":["<a href=\"https:\/\/sindaopcpb.org.br\/g1\/\" class=\"advgb-post-tax-term\">Destaque Final 01<\/a>","<a href=\"https:\/\/sindaopcpb.org.br\/g1\/\" class=\"advgb-post-tax-term\">g1<\/a>","<a href=\"https:\/\/sindaopcpb.org.br\/g1\/\" class=\"advgb-post-tax-term\">Policial<\/a>"],"unlinked":["<span class=\"advgb-post-tax-term\">Destaque Final 01<\/span>","<span class=\"advgb-post-tax-term\">g1<\/span>","<span class=\"advgb-post-tax-term\">Policial<\/span>"]}},"comment_count":"0","relative_dates":{"created":"Publicado 2 anos atr\u00e1s","modified":"Atualizado 2 anos atr\u00e1s"},"absolute_dates":{"created":"Publicado em 8 de julho de 2024","modified":"Atualizado em 8 de julho de 2024"},"absolute_dates_time":{"created":"Publicado em 8 de julho de 2024 06:36","modified":"Atualizado em 8 de julho de 2024 09:36"},"featured_img_caption":"","series_order":"","_links":{"self":[{"href":"https:\/\/sindaopcpb.org.br\/index.php\/wp-json\/wp\/v2\/posts\/48834","targetHints":{"allow":["GET"]}}],"collection":[{"href":"https:\/\/sindaopcpb.org.br\/index.php\/wp-json\/wp\/v2\/posts"}],"about":[{"href":"https:\/\/sindaopcpb.org.br\/index.php\/wp-json\/wp\/v2\/types\/post"}],"author":[{"embeddable":true,"href":"https:\/\/sindaopcpb.org.br\/index.php\/wp-json\/wp\/v2\/users\/123457"}],"replies":[{"embeddable":true,"href":"https:\/\/sindaopcpb.org.br\/index.php\/wp-json\/wp\/v2\/comments?post=48834"}],"version-history":[{"count":3,"href":"https:\/\/sindaopcpb.org.br\/index.php\/wp-json\/wp\/v2\/posts\/48834\/revisions"}],"predecessor-version":[{"id":48849,"href":"https:\/\/sindaopcpb.org.br\/index.php\/wp-json\/wp\/v2\/posts\/48834\/revisions\/48849"}],"wp:attachment":[{"href":"https:\/\/sindaopcpb.org.br\/index.php\/wp-json\/wp\/v2\/media?parent=48834"}],"wp:term":[{"taxonomy":"category","embeddable":true,"href":"https:\/\/sindaopcpb.org.br\/index.php\/wp-json\/wp\/v2\/categories?post=48834"},{"taxonomy":"post_tag","embeddable":true,"href":"https:\/\/sindaopcpb.org.br\/index.php\/wp-json\/wp\/v2\/tags?post=48834"}],"curies":[{"name":"wp","href":"https:\/\/api.w.org\/{rel}","templated":true}]}}