{"id":48830,"date":"2024-07-07T11:10:05","date_gmt":"2024-07-07T14:10:05","guid":{"rendered":"https:\/\/www.pbagora.com.br\/?p=843052"},"modified":"2024-07-07T20:00:05","modified_gmt":"2024-07-07T23:00:05","slug":"acusado-de-trafico-que-agia-na-praca-da-paz-em-joao-pessoa-e-preso-com-quase-190-porcoes-de-maconha-e-cocaina","status":"publish","type":"post","link":"https:\/\/sindaopcpb.org.br\/index.php\/2024\/07\/07\/acusado-de-trafico-que-agia-na-praca-da-paz-em-joao-pessoa-e-preso-com-quase-190-porcoes-de-maconha-e-cocaina\/","title":{"rendered":"Acusado de tr\u00e1fico que agia na Pra\u00e7a da Paz, em Jo\u00e3o Pessoa, \u00e9 preso com quase 190 por\u00e7\u00f5es de drogas"},"content":{"rendered":"<p><img width=\"1024\" height=\"780\" src=\"https:\/\/pbagora.s3.amazonaws.com\/2024\/07\/07102437\/praca-1024x780.jpeg\" class=\"attachment-large size-large wp-post-image\" alt=\"\" style=\"margin-bottom: 20px;\" decoding=\"async\" loading=\"lazy\" srcset=\"https:\/\/pbagora.s3.amazonaws.com\/2024\/07\/07102437\/praca-1024x780.jpeg 1024w, https:\/\/pbagora.s3.amazonaws.com\/2024\/07\/07102437\/praca-300x229.jpeg 300w, https:\/\/pbagora.s3.amazonaws.com\/2024\/07\/07102437\/praca-150x114.jpeg 150w, https:\/\/pbagora.s3.amazonaws.com\/2024\/07\/07102437\/praca-768x585.jpeg 768w, https:\/\/pbagora.s3.amazonaws.com\/2024\/07\/07102437\/praca-380x289.jpeg 380w, https:\/\/pbagora.s3.amazonaws.com\/2024\/07\/07102437\/praca-800x609.jpeg 800w, https:\/\/pbagora.s3.amazonaws.com\/2024\/07\/07102437\/praca-1160x884.jpeg 1160w, https:\/\/pbagora.s3.amazonaws.com\/2024\/07\/07102437\/praca-80x60.jpeg 80w, https:\/\/pbagora.s3.amazonaws.com\/2024\/07\/07102437\/praca-760x579.jpeg 760w, https:\/\/pbagora.s3.amazonaws.com\/2024\/07\/07102437\/praca-600x457.jpeg 600w, https:\/\/pbagora.s3.amazonaws.com\/2024\/07\/07102437\/praca.jpeg 1280w\" sizes=\"(max-width: 1024px) 100vw, 1024px\" \/><\/p><p>A Pol\u00edcia Militar prendeu um homem acusado de tr\u00e1fico de drogas que agia na Pra\u00e7a da Paz, no bairro dos Banc\u00e1rios, Zona Sul de Jo\u00e3o Pessoa. A pris\u00e3o ocorreu na noite do \u00faltimo s\u00e1bado (06) e, com o suspeito, foram apreendidas v\u00e1rias por\u00e7\u00f5es de entorpecentes.<\/p>\n<p>O acusado foi abordado quando estava em um dos bancos da pra\u00e7a em atitude suspeita. Com ele, os policiais encontraram 189 por\u00e7\u00f5es de subst\u00e2ncias an\u00e1logas a maconha e coca\u00edna, prontas para a venda.\u00a0Ainda segunda pol\u00edcia, o homem portava dinheiro e balan\u00e7a de precis\u00e3o.<\/p>\n<p>A ocorr\u00eancia foi apresentada na Cidade da Pol\u00edcia Civil, no bairro do Geisel, para os procedimentos cab\u00edveis. A investiga\u00e7\u00e3o deve apurar outros envolvidos no crime.<\/p>\n<p>&nbsp;<\/p>\n<p><em><strong>PB Agora<\/strong><\/em><br \/>\ncom informa\u00e7\u00f5es da PMPB<\/p>\n","protected":false},"excerpt":{"rendered":"<p><img decoding=\"async\" width=\"1024\" height=\"780\" src=\"https:\/\/pbagora.s3.amazonaws.com\/2024\/07\/07102437\/praca-1024x780.jpeg\" class=\"attachment-large size-large wp-post-image\" alt=\"\" loading=\"lazy\"><\/p>\n<p>A Pol\u00edcia Militar prendeu um homem acusado de tr\u00e1fico de drogas que agia na Pra\u00e7a da Paz, no\u2026<\/p>\n","protected":false},"author":123457,"featured_media":0,"comment_status":"closed","ping_status":"closed","sticky":false,"template":"","format":"standard","meta":{"advgb_blocks_editor_width":"","advgb_blocks_columns_visual_guide":"","footnotes":""},"categories":[34],"tags":[10841,35,10839],"class_list":["post-48830","post","type-post","status-publish","format-standard","hentry","category-g1","tag-destaque-centro-02","tag-g1","tag-policial"],"author_meta":{"display_name":"Reda\u00e7\u00e3o","author_link":"https:\/\/sindaopcpb.org.br\/author\/redacao\/"},"featured_img":null,"coauthors":[],"tax_additional":{"categories":{"linked":["<a href=\"https:\/\/sindaopcpb.org.br\/g1\/\" class=\"advgb-post-tax-term\">G1<\/a>"],"unlinked":["<span class=\"advgb-post-tax-term\">G1<\/span>"]},"tags":{"linked":["<a href=\"https:\/\/sindaopcpb.org.br\/g1\/\" class=\"advgb-post-tax-term\">Destaque Centro 02<\/a>","<a href=\"https:\/\/sindaopcpb.org.br\/g1\/\" class=\"advgb-post-tax-term\">g1<\/a>","<a href=\"https:\/\/sindaopcpb.org.br\/g1\/\" class=\"advgb-post-tax-term\">Policial<\/a>"],"unlinked":["<span class=\"advgb-post-tax-term\">Destaque Centro 02<\/span>","<span class=\"advgb-post-tax-term\">g1<\/span>","<span class=\"advgb-post-tax-term\">Policial<\/span>"]}},"comment_count":"0","relative_dates":{"created":"Publicado 2 anos atr\u00e1s","modified":"Atualizado 2 anos atr\u00e1s"},"absolute_dates":{"created":"Publicado em 7 de julho de 2024","modified":"Atualizado em 7 de julho de 2024"},"absolute_dates_time":{"created":"Publicado em 7 de julho de 2024 11:10","modified":"Atualizado em 7 de julho de 2024 20:00"},"featured_img_caption":"","series_order":"","_links":{"self":[{"href":"https:\/\/sindaopcpb.org.br\/index.php\/wp-json\/wp\/v2\/posts\/48830","targetHints":{"allow":["GET"]}}],"collection":[{"href":"https:\/\/sindaopcpb.org.br\/index.php\/wp-json\/wp\/v2\/posts"}],"about":[{"href":"https:\/\/sindaopcpb.org.br\/index.php\/wp-json\/wp\/v2\/types\/post"}],"author":[{"embeddable":true,"href":"https:\/\/sindaopcpb.org.br\/index.php\/wp-json\/wp\/v2\/users\/123457"}],"replies":[{"embeddable":true,"href":"https:\/\/sindaopcpb.org.br\/index.php\/wp-json\/wp\/v2\/comments?post=48830"}],"version-history":[{"count":4,"href":"https:\/\/sindaopcpb.org.br\/index.php\/wp-json\/wp\/v2\/posts\/48830\/revisions"}],"predecessor-version":[{"id":48844,"href":"https:\/\/sindaopcpb.org.br\/index.php\/wp-json\/wp\/v2\/posts\/48830\/revisions\/48844"}],"wp:attachment":[{"href":"https:\/\/sindaopcpb.org.br\/index.php\/wp-json\/wp\/v2\/media?parent=48830"}],"wp:term":[{"taxonomy":"category","embeddable":true,"href":"https:\/\/sindaopcpb.org.br\/index.php\/wp-json\/wp\/v2\/categories?post=48830"},{"taxonomy":"post_tag","embeddable":true,"href":"https:\/\/sindaopcpb.org.br\/index.php\/wp-json\/wp\/v2\/tags?post=48830"}],"curies":[{"name":"wp","href":"https:\/\/api.w.org\/{rel}","templated":true}]}}