{"id":4883,"date":"2022-10-10T15:06:36","date_gmt":"2022-10-10T18:06:36","guid":{"rendered":"https:\/\/g1.globo.com\/pb\/paraiba\/noticia\/2022\/10\/10\/manchas-de-oleo-sao-encontradas-na-orla-de-cabedelo-na-paraiba.ghtml"},"modified":"2022-10-10T15:06:36","modified_gmt":"2022-10-10T18:06:36","slug":"manchas-de-oleo-sao-encontradas-na-orla-de-cabedelo-na-paraiba","status":"publish","type":"post","link":"https:\/\/sindaopcpb.org.br\/index.php\/2022\/10\/10\/manchas-de-oleo-sao-encontradas-na-orla-de-cabedelo-na-paraiba\/","title":{"rendered":"Manchas de \u00f3leo s\u00e3o encontradas na orla de Cabedelo, na Para\u00edba"},"content":{"rendered":"   <img src=\"https:\/\/s2.glbimg.com\/MZM2Y4MMH3mu-9Zw66jCpKZ7DP4=\/i.s3.glbimg.com\/v1\/AUTH_59edd422c0c84a879bd37670ae4f538a\/internal_photos\/bs\/2022\/X\/f\/BSHiCyRtub3QkBqbSahw\/manchas-de-oleo-encontradas-no-litoral-paraibano.jpeg\" \/><br \/>   Tamb\u00e9m foram recolhidos 10 quilos do material em Jo\u00e3o Pessoa e outros 35 quilos no Conde nos \u00faltimos dias.  Novas manchas de \u00f3leo s\u00e3o encontradas no litoral paraibano. \nFoto: Reprodu\u00e7\u00e3o\/TV Cabo Branco\nNovas manchas de \u00f3leo foram encontradas neste \u00faltimo fim de semana, entre o s\u00e1bado (8) e o domingo (9), na orla de Cabedelo, na Para\u00edba. Tamb\u00e9m foram recolhidos 10 quilos do material em Jo\u00e3o Pessoa e 35 outros quilos no Conde nos \u00faltimos dias. \nDe acordo com a prefeitura do munic\u00edpio de Cabedelo, a quantidade de \u00f3leo achada foi pequena e a orla da cidade est\u00e1 em monitoramento. O produto foi recolhido pela Secretaria Municipal de Infraestrutura (SEINFRA) e levado para an\u00e1lise. \nAs manchas de \u00f3leo tamb\u00e9m foram encontradas em outras partes do litoral paraibano. \nA Secretaria de Meio Ambiente de Jo\u00e3o Pessoa informou, em nota, que foram coletados 10 quilos de \u00f3leo na praia do Bessa, Jacarap\u00e9 e na Praia do Sol, na \u00faltima sexta-feira (7). O produto coletado foi levado para descarte no aterro sanit\u00e1rio. \nAinda, segundo a Secretaria de Meio Ambiente do Conde, na semana passada, foram recolhidos 35 quilos de \u00f3leo na orla do munic\u00edpio. O material foi recolhido e o Instituto Brasileiro do Meio Ambiente e dos Recursos Naturais Renov\u00e1veis (IBAMA) deve dar um posicionamento sobre o que fazer a seguir.\nA Capitania dos Portos informou que est\u00e1 fazendo monitoramento di\u00e1rio do litoral. \nA Superintend\u00eancia de Administra\u00e7\u00e3o do Meio Ambiente (SUDEMA) ainda n\u00e3o se pronunciou sobre o assunto. \nV\u00eddeos mais assistidos do g1 Para\u00edba ","protected":false},"excerpt":{"rendered":"<p>      Tamb\u00e9m foram recolhidos 10 quilos do material em Jo\u00e3o Pessoa e outros 35 quilos no Conde nos \u00faltimos dias.  Novas manchas de \u00f3leo s\u00e3o encontradas no litoral paraibano.<br \/>\nFoto: Reprodu\u00e7\u00e3o\/TV Cabo Branco<br \/>\nNovas manchas de \u00f3leo foram encontradas neste&#8230;<\/p>\n","protected":false},"author":2,"featured_media":0,"comment_status":"closed","ping_status":"closed","sticky":false,"template":"","format":"standard","meta":{"advgb_blocks_editor_width":"","advgb_blocks_columns_visual_guide":"","footnotes":""},"categories":[34],"tags":[35],"class_list":["post-4883","post","type-post","status-publish","format-standard","hentry","category-g1","tag-g1"],"author_meta":{"display_name":"g1 &gt; Para\u00edba","author_link":"https:\/\/sindaopcpb.org.br\/author\/g1-paraiba\/"},"featured_img":null,"coauthors":[],"tax_additional":{"categories":{"linked":["<a href=\"https:\/\/sindaopcpb.org.br\/g1\/\" class=\"advgb-post-tax-term\">G1<\/a>"],"unlinked":["<span class=\"advgb-post-tax-term\">G1<\/span>"]},"tags":{"linked":["<a href=\"https:\/\/sindaopcpb.org.br\/g1\/\" class=\"advgb-post-tax-term\">g1<\/a>"],"unlinked":["<span class=\"advgb-post-tax-term\">g1<\/span>"]}},"comment_count":"0","relative_dates":{"created":"Publicado 4 anos atr\u00e1s","modified":"Atualizado 4 anos atr\u00e1s"},"absolute_dates":{"created":"Publicado em 10 de outubro de 2022","modified":"Atualizado em 10 de outubro de 2022"},"absolute_dates_time":{"created":"Publicado em 10 de outubro de 2022 15:06","modified":"Atualizado em 10 de outubro de 2022 15:06"},"featured_img_caption":"","series_order":"","_links":{"self":[{"href":"https:\/\/sindaopcpb.org.br\/index.php\/wp-json\/wp\/v2\/posts\/4883","targetHints":{"allow":["GET"]}}],"collection":[{"href":"https:\/\/sindaopcpb.org.br\/index.php\/wp-json\/wp\/v2\/posts"}],"about":[{"href":"https:\/\/sindaopcpb.org.br\/index.php\/wp-json\/wp\/v2\/types\/post"}],"author":[{"embeddable":true,"href":"https:\/\/sindaopcpb.org.br\/index.php\/wp-json\/wp\/v2\/users\/2"}],"replies":[{"embeddable":true,"href":"https:\/\/sindaopcpb.org.br\/index.php\/wp-json\/wp\/v2\/comments?post=4883"}],"version-history":[{"count":1,"href":"https:\/\/sindaopcpb.org.br\/index.php\/wp-json\/wp\/v2\/posts\/4883\/revisions"}],"predecessor-version":[{"id":4884,"href":"https:\/\/sindaopcpb.org.br\/index.php\/wp-json\/wp\/v2\/posts\/4883\/revisions\/4884"}],"wp:attachment":[{"href":"https:\/\/sindaopcpb.org.br\/index.php\/wp-json\/wp\/v2\/media?parent=4883"}],"wp:term":[{"taxonomy":"category","embeddable":true,"href":"https:\/\/sindaopcpb.org.br\/index.php\/wp-json\/wp\/v2\/categories?post=4883"},{"taxonomy":"post_tag","embeddable":true,"href":"https:\/\/sindaopcpb.org.br\/index.php\/wp-json\/wp\/v2\/tags?post=4883"}],"curies":[{"name":"wp","href":"https:\/\/api.w.org\/{rel}","templated":true}]}}