{"id":48823,"date":"2024-07-07T08:40:23","date_gmt":"2024-07-07T11:40:23","guid":{"rendered":"https:\/\/www.pbagora.com.br\/?p=843032"},"modified":"2024-07-07T10:45:23","modified_gmt":"2024-07-07T13:45:23","slug":"caminhao-carregado-com-botijoes-de-gas-tomba-na-br-230-e-motorista-fica-ferido","status":"publish","type":"post","link":"https:\/\/sindaopcpb.org.br\/index.php\/2024\/07\/07\/caminhao-carregado-com-botijoes-de-gas-tomba-na-br-230-e-motorista-fica-ferido\/","title":{"rendered":"Caminh\u00e3o carregado com botij\u00f5es de g\u00e1s tomba na BR-230 e motorista fica ferido"},"content":{"rendered":"<p><img width=\"590\" height=\"442\" src=\"https:\/\/pbagora.s3.amazonaws.com\/2024\/07\/07084105\/acidente-botijoes.jpg\" class=\"attachment-large size-large wp-post-image\" alt=\"\" style=\"margin-bottom: 20px;\" decoding=\"async\" loading=\"lazy\" srcset=\"https:\/\/pbagora.s3.amazonaws.com\/2024\/07\/07084105\/acidente-botijoes.jpg 590w, https:\/\/pbagora.s3.amazonaws.com\/2024\/07\/07084105\/acidente-botijoes-300x225.jpg 300w, https:\/\/pbagora.s3.amazonaws.com\/2024\/07\/07084105\/acidente-botijoes-150x112.jpg 150w, https:\/\/pbagora.s3.amazonaws.com\/2024\/07\/07084105\/acidente-botijoes-200x150.jpg 200w, https:\/\/pbagora.s3.amazonaws.com\/2024\/07\/07084105\/acidente-botijoes-260x195.jpg 260w, https:\/\/pbagora.s3.amazonaws.com\/2024\/07\/07084105\/acidente-botijoes-380x285.jpg 380w, https:\/\/pbagora.s3.amazonaws.com\/2024\/07\/07084105\/acidente-botijoes-80x60.jpg 80w, https:\/\/pbagora.s3.amazonaws.com\/2024\/07\/07084105\/acidente-botijoes-520x390.jpg 520w\" sizes=\"(max-width: 590px) 100vw, 590px\" \/><\/p><p>Na tarde deste s\u00e1bado (6), um caminh\u00e3o carregado com botij\u00f5es de g\u00e1s de cozinha tombou e deixou o motorista ferido na BR-230. O condutor precisou ser levado a um hospital.<\/p>\n<p>A ocorr\u00eancia foi registrada no sentido Campina Grande \/ Jo\u00e3o Pessoa. A causa do acidente ainda n\u00e3o foi identificada.<\/p>\n<p>A cabine do caminh\u00e3o, de acordo com a Pol\u00edcia Rodovi\u00e1ria Federal (PRF), ficou destru\u00edda e o motorista precisou ser levado por uma unidade do Servi\u00e7o de Atendimento M\u00f3vel de Urg\u00eancia (Samu) em estado grave para o Hospital de Trauma de Campina Grande.<\/p>\n<p>At\u00e9 o per\u00edodo da noite, tanto o caminh\u00e3o quando a carga de botij\u00f5es j\u00e1 haviam sido removidos.<\/p>\n<p>&nbsp;<\/p>\n<p><em><strong>PB Agora<\/strong><\/em><\/p>\n","protected":false},"excerpt":{"rendered":"<p><img decoding=\"async\" width=\"590\" height=\"442\" src=\"https:\/\/pbagora.s3.amazonaws.com\/2024\/07\/07084105\/acidente-botijoes.jpg\" class=\"attachment-large size-large wp-post-image\" alt=\"\" loading=\"lazy\"><\/p>\n<p>Na tarde deste s\u00e1bado (6), um caminh\u00e3o carregado com botij\u00f5es de g\u00e1s de cozinha tombou e deixou o\u2026<\/p>\n","protected":false},"author":123457,"featured_media":0,"comment_status":"closed","ping_status":"closed","sticky":false,"template":"","format":"standard","meta":{"advgb_blocks_editor_width":"","advgb_blocks_columns_visual_guide":"","footnotes":""},"categories":[34],"tags":[10841,35,10839],"class_list":["post-48823","post","type-post","status-publish","format-standard","hentry","category-g1","tag-destaque-centro-02","tag-g1","tag-policial"],"author_meta":{"display_name":"Reda\u00e7\u00e3o","author_link":"https:\/\/sindaopcpb.org.br\/author\/redacao\/"},"featured_img":null,"coauthors":[],"tax_additional":{"categories":{"linked":["<a href=\"https:\/\/sindaopcpb.org.br\/g1\/\" class=\"advgb-post-tax-term\">G1<\/a>"],"unlinked":["<span class=\"advgb-post-tax-term\">G1<\/span>"]},"tags":{"linked":["<a href=\"https:\/\/sindaopcpb.org.br\/g1\/\" class=\"advgb-post-tax-term\">Destaque Centro 02<\/a>","<a href=\"https:\/\/sindaopcpb.org.br\/g1\/\" class=\"advgb-post-tax-term\">g1<\/a>","<a href=\"https:\/\/sindaopcpb.org.br\/g1\/\" class=\"advgb-post-tax-term\">Policial<\/a>"],"unlinked":["<span class=\"advgb-post-tax-term\">Destaque Centro 02<\/span>","<span class=\"advgb-post-tax-term\">g1<\/span>","<span class=\"advgb-post-tax-term\">Policial<\/span>"]}},"comment_count":"0","relative_dates":{"created":"Publicado 2 anos atr\u00e1s","modified":"Atualizado 2 anos atr\u00e1s"},"absolute_dates":{"created":"Publicado em 7 de julho de 2024","modified":"Atualizado em 7 de julho de 2024"},"absolute_dates_time":{"created":"Publicado em 7 de julho de 2024 08:40","modified":"Atualizado em 7 de julho de 2024 10:45"},"featured_img_caption":"","series_order":"","_links":{"self":[{"href":"https:\/\/sindaopcpb.org.br\/index.php\/wp-json\/wp\/v2\/posts\/48823","targetHints":{"allow":["GET"]}}],"collection":[{"href":"https:\/\/sindaopcpb.org.br\/index.php\/wp-json\/wp\/v2\/posts"}],"about":[{"href":"https:\/\/sindaopcpb.org.br\/index.php\/wp-json\/wp\/v2\/types\/post"}],"author":[{"embeddable":true,"href":"https:\/\/sindaopcpb.org.br\/index.php\/wp-json\/wp\/v2\/users\/123457"}],"replies":[{"embeddable":true,"href":"https:\/\/sindaopcpb.org.br\/index.php\/wp-json\/wp\/v2\/comments?post=48823"}],"version-history":[{"count":2,"href":"https:\/\/sindaopcpb.org.br\/index.php\/wp-json\/wp\/v2\/posts\/48823\/revisions"}],"predecessor-version":[{"id":48832,"href":"https:\/\/sindaopcpb.org.br\/index.php\/wp-json\/wp\/v2\/posts\/48823\/revisions\/48832"}],"wp:attachment":[{"href":"https:\/\/sindaopcpb.org.br\/index.php\/wp-json\/wp\/v2\/media?parent=48823"}],"wp:term":[{"taxonomy":"category","embeddable":true,"href":"https:\/\/sindaopcpb.org.br\/index.php\/wp-json\/wp\/v2\/categories?post=48823"},{"taxonomy":"post_tag","embeddable":true,"href":"https:\/\/sindaopcpb.org.br\/index.php\/wp-json\/wp\/v2\/tags?post=48823"}],"curies":[{"name":"wp","href":"https:\/\/api.w.org\/{rel}","templated":true}]}}