{"id":48755,"date":"2024-07-03T18:55:47","date_gmt":"2024-07-03T21:55:47","guid":{"rendered":"https:\/\/www.pbagora.com.br\/?p=842281"},"modified":"2024-07-03T18:55:47","modified_gmt":"2024-07-03T21:55:47","slug":"moraes-mantem-prisao-de-acusados-do-assassinato-de-marielle","status":"publish","type":"post","link":"https:\/\/sindaopcpb.org.br\/index.php\/2024\/07\/03\/moraes-mantem-prisao-de-acusados-do-assassinato-de-marielle\/","title":{"rendered":"Moraes mant\u00e9m pris\u00e3o de acusados do assassinato de Marielle"},"content":{"rendered":"<p><img width=\"897\" height=\"494\" src=\"https:\/\/pbagora.s3.amazonaws.com\/2024\/07\/03164015\/Alerj.jpg\" class=\"attachment-large size-large wp-post-image\" alt=\"\" style=\"margin-bottom: 20px;\" decoding=\"async\" srcset=\"https:\/\/pbagora.s3.amazonaws.com\/2024\/07\/03164015\/Alerj.jpg 897w, https:\/\/pbagora.s3.amazonaws.com\/2024\/07\/03164015\/Alerj-300x165.jpg 300w, https:\/\/pbagora.s3.amazonaws.com\/2024\/07\/03164015\/Alerj-150x83.jpg 150w, https:\/\/pbagora.s3.amazonaws.com\/2024\/07\/03164015\/Alerj-768x423.jpg 768w, https:\/\/pbagora.s3.amazonaws.com\/2024\/07\/03164015\/Alerj-380x209.jpg 380w, https:\/\/pbagora.s3.amazonaws.com\/2024\/07\/03164015\/Alerj-800x441.jpg 800w, https:\/\/pbagora.s3.amazonaws.com\/2024\/07\/03164015\/Alerj-80x44.jpg 80w, https:\/\/pbagora.s3.amazonaws.com\/2024\/07\/03164015\/Alerj-760x419.jpg 760w, https:\/\/pbagora.s3.amazonaws.com\/2024\/07\/03164015\/Alerj-600x330.jpg 600w\" sizes=\"(max-width: 897px) 100vw, 897px\" \/><\/p><p>O ministro Alexandre de Moraes, do Supremo Tribunal Federal (STF), decidiu nesta quarta-feira (3) manter a pris\u00e3o dos irm\u00e3os Braz\u00e3o e do ex-chefe da Pol\u00edcia Civil do Rio de Janeiro Rivaldo Barbosa.<\/p>\n<p>Eles est\u00e3o presos desde mar\u00e7o deste ano s\u00e3o e r\u00e9us pelo suposto envolvimento no assassinato da vereadora Marielle Franco e do motorista Anderson Gomes, em 2018.<\/p>\n<p>Moraes seguiu parecer da Procuradoria-Geral da Rep\u00fablica (PGR). Para a procuradoria, a pris\u00e3o \u00e9 necess\u00e1ria para a garantia da ordem p\u00fablica e o andamento das investiga\u00e7\u00f5es.<\/p>\n<p>No m\u00eas passado, o Supremo transformou em r\u00e9us o conselheiro do Tribunal de Contas do Rio de Janeiro (TCE-RJ) Domingos Braz\u00e3o; o irm\u00e3o dele, Chiquinho Braz\u00e3o, deputado federal (sem partido-RJ); e Rivaldo Barbosa. Todos respondem pelos crimes de homic\u00eddio e organiza\u00e7\u00e3o criminosa e est\u00e3o presos em pres\u00eddios federais.<\/p>\n<p>O pedido de soltura foi feito pela defesa dos acusados. Segundo os advogados, n\u00e3o h\u00e1 perigo de fuga, e medidas menos gravosas podem ser determinadas pelo ministro.<\/p>\n<p>Moraes tamb\u00e9m negou a transfer\u00eancia de Domingos Braz\u00e3o para uma cela especial de estado-maior, conforme solicitado pela defesa.<\/p>\n<p>Ontem (2), os r\u00e9us arrolaram cerca de 70 testemunhas de defesa na a\u00e7\u00e3o penal que tramita no Supremo. As oitivas ainda n\u00e3o foram marcadas.<\/p>\n<p>&nbsp;<\/p>\n<p><em><strong>Ag\u00eancia Brasil<\/strong><\/em><\/p>\n","protected":false},"excerpt":{"rendered":"<p><img loading=\"lazy\" decoding=\"async\" width=\"897\" height=\"494\" src=\"https:\/\/pbagora.s3.amazonaws.com\/2024\/07\/03164015\/Alerj.jpg\" class=\"attachment-large size-large wp-post-image\" alt=\"\"><\/p>\n<p>O ministro Alexandre de Moraes, do Supremo Tribunal Federal (STF), decidiu nesta quarta-feira (3) manter a pris\u00e3o dos\u2026<\/p>\n","protected":false},"author":123457,"featured_media":0,"comment_status":"closed","ping_status":"closed","sticky":false,"template":"","format":"standard","meta":{"advgb_blocks_editor_width":"","advgb_blocks_columns_visual_guide":"","footnotes":""},"categories":[34],"tags":[35,10839],"class_list":["post-48755","post","type-post","status-publish","format-standard","hentry","category-g1","tag-g1","tag-policial"],"author_meta":{"display_name":"Reda\u00e7\u00e3o","author_link":"https:\/\/sindaopcpb.org.br\/author\/redacao\/"},"featured_img":null,"coauthors":[],"tax_additional":{"categories":{"linked":["<a href=\"https:\/\/sindaopcpb.org.br\/g1\/\" class=\"advgb-post-tax-term\">G1<\/a>"],"unlinked":["<span class=\"advgb-post-tax-term\">G1<\/span>"]},"tags":{"linked":["<a href=\"https:\/\/sindaopcpb.org.br\/g1\/\" class=\"advgb-post-tax-term\">g1<\/a>","<a href=\"https:\/\/sindaopcpb.org.br\/g1\/\" class=\"advgb-post-tax-term\">Policial<\/a>"],"unlinked":["<span class=\"advgb-post-tax-term\">g1<\/span>","<span class=\"advgb-post-tax-term\">Policial<\/span>"]}},"comment_count":"0","relative_dates":{"created":"Publicado 2 anos atr\u00e1s","modified":"Atualizado 2 anos atr\u00e1s"},"absolute_dates":{"created":"Publicado em 3 de julho de 2024","modified":"Atualizado em 3 de julho de 2024"},"absolute_dates_time":{"created":"Publicado em 3 de julho de 2024 18:55","modified":"Atualizado em 3 de julho de 2024 18:55"},"featured_img_caption":"","series_order":"","_links":{"self":[{"href":"https:\/\/sindaopcpb.org.br\/index.php\/wp-json\/wp\/v2\/posts\/48755","targetHints":{"allow":["GET"]}}],"collection":[{"href":"https:\/\/sindaopcpb.org.br\/index.php\/wp-json\/wp\/v2\/posts"}],"about":[{"href":"https:\/\/sindaopcpb.org.br\/index.php\/wp-json\/wp\/v2\/types\/post"}],"author":[{"embeddable":true,"href":"https:\/\/sindaopcpb.org.br\/index.php\/wp-json\/wp\/v2\/users\/123457"}],"replies":[{"embeddable":true,"href":"https:\/\/sindaopcpb.org.br\/index.php\/wp-json\/wp\/v2\/comments?post=48755"}],"version-history":[{"count":3,"href":"https:\/\/sindaopcpb.org.br\/index.php\/wp-json\/wp\/v2\/posts\/48755\/revisions"}],"predecessor-version":[{"id":48770,"href":"https:\/\/sindaopcpb.org.br\/index.php\/wp-json\/wp\/v2\/posts\/48755\/revisions\/48770"}],"wp:attachment":[{"href":"https:\/\/sindaopcpb.org.br\/index.php\/wp-json\/wp\/v2\/media?parent=48755"}],"wp:term":[{"taxonomy":"category","embeddable":true,"href":"https:\/\/sindaopcpb.org.br\/index.php\/wp-json\/wp\/v2\/categories?post=48755"},{"taxonomy":"post_tag","embeddable":true,"href":"https:\/\/sindaopcpb.org.br\/index.php\/wp-json\/wp\/v2\/tags?post=48755"}],"curies":[{"name":"wp","href":"https:\/\/api.w.org\/{rel}","templated":true}]}}