{"id":48742,"date":"2024-07-03T08:00:08","date_gmt":"2024-07-03T11:00:08","guid":{"rendered":"https:\/\/www.pbagora.com.br\/?p=842041"},"modified":"2024-07-03T09:00:08","modified_gmt":"2024-07-03T12:00:08","slug":"joao-azevedo-promove-138-oficiais-do-corpo-de-bombeiros-e-destaca-investimentos-na-seguranca-publica-da-paraiba","status":"publish","type":"post","link":"https:\/\/sindaopcpb.org.br\/index.php\/2024\/07\/03\/joao-azevedo-promove-138-oficiais-do-corpo-de-bombeiros-e-destaca-investimentos-na-seguranca-publica-da-paraiba\/","title":{"rendered":"Jo\u00e3o Azev\u00eado promove 138 oficiais do Corpo de Bombeiros e destaca investimentos na Seguran\u00e7a P\u00fablica da Para\u00edba"},"content":{"rendered":"<p><img width=\"1024\" height=\"487\" src=\"https:\/\/pbagora.s3.amazonaws.com\/2024\/07\/03075609\/unnamed-2024-07-03T075259.671-1024x487.jpg\" class=\"attachment-large size-large wp-post-image\" alt=\"\" style=\"margin-bottom: 20px;\" decoding=\"async\" loading=\"lazy\" srcset=\"https:\/\/pbagora.s3.amazonaws.com\/2024\/07\/03075609\/unnamed-2024-07-03T075259.671-1024x487.jpg 1024w, https:\/\/pbagora.s3.amazonaws.com\/2024\/07\/03075609\/unnamed-2024-07-03T075259.671-300x143.jpg 300w, https:\/\/pbagora.s3.amazonaws.com\/2024\/07\/03075609\/unnamed-2024-07-03T075259.671-150x71.jpg 150w, https:\/\/pbagora.s3.amazonaws.com\/2024\/07\/03075609\/unnamed-2024-07-03T075259.671-768x366.jpg 768w, https:\/\/pbagora.s3.amazonaws.com\/2024\/07\/03075609\/unnamed-2024-07-03T075259.671-1536x731.jpg 1536w, https:\/\/pbagora.s3.amazonaws.com\/2024\/07\/03075609\/unnamed-2024-07-03T075259.671-2048x975.jpg 2048w, https:\/\/pbagora.s3.amazonaws.com\/2024\/07\/03075609\/unnamed-2024-07-03T075259.671-380x181.jpg 380w, https:\/\/pbagora.s3.amazonaws.com\/2024\/07\/03075609\/unnamed-2024-07-03T075259.671-800x381.jpg 800w, https:\/\/pbagora.s3.amazonaws.com\/2024\/07\/03075609\/unnamed-2024-07-03T075259.671-1160x552.jpg 1160w, https:\/\/pbagora.s3.amazonaws.com\/2024\/07\/03075609\/unnamed-2024-07-03T075259.671-80x38.jpg 80w, https:\/\/pbagora.s3.amazonaws.com\/2024\/07\/03075609\/unnamed-2024-07-03T075259.671-3072x1462.jpg 3072w, https:\/\/pbagora.s3.amazonaws.com\/2024\/07\/03075609\/unnamed-2024-07-03T075259.671-760x362.jpg 760w, https:\/\/pbagora.s3.amazonaws.com\/2024\/07\/03075609\/unnamed-2024-07-03T075259.671-600x286.jpg 600w, https:\/\/pbagora.s3.amazonaws.com\/2024\/07\/03075609\/unnamed-2024-07-03T075259.671-scaled.jpg 2560w\" sizes=\"(max-width: 1024px) 100vw, 1024px\" \/><\/p><p>O governador Jo\u00e3o Azev\u00eado presidiu, na tarde desta ter\u00e7a-feira (2), a solenidade de promo\u00e7\u00e3o de 138 oficiais do Corpo de Bombeiros Militar da Para\u00edba \u2014 a maior da hist\u00f3ria da Institui\u00e7\u00e3o, que tem 107 anos de exist\u00eancia. A solenidade, realizada no Audit\u00f3rio do Centro Cultural Ariano Suassuna, no Tribunal de Contas do Estado (TCE), marcou as comemora\u00e7\u00f5es pelo Dia Nacional do Bombeiro Militar, transcorrido tamb\u00e9m nesta ter\u00e7a. Foram promovidos 11 tenentes-coron\u00e9is, 29 majores, 48 capit\u00e3es e 50 primeiros-tenentes.<\/p>\n<p>O governador Jo\u00e3o Azev\u00eado, que, durante a solenidade, recebeu diversas homenagens da Corpora\u00e7\u00e3o, destacou os investimentos que as for\u00e7as de seguran\u00e7a t\u00eam recebido do Governo da Para\u00edba, o que tem permitido com que cada vez mais se aproximem da popula\u00e7\u00e3o paraibana. &#8220;O dia de hoje representa a constante valoriza\u00e7\u00e3o que o nosso Governo tem dado a quem cuida da seguran\u00e7a da popula\u00e7\u00e3o paraibana. E esse trabalho de valorizar o Corpo de Bombeiros exigiu altera\u00e7\u00e3o de Legisla\u00e7\u00e3o, para que pud\u00e9ssemos desbloquear cargos e patentes dentro do Corpo de Bombeiros, essa institui\u00e7\u00e3o que \u00e9 extremamente respeitada pela popula\u00e7\u00e3o. Isso tornou poss\u00edvel essa promo\u00e7\u00e3o \u2014 s\u00e3o 138 promo\u00e7\u00f5es no dia de hoje. Mas essa a\u00e7\u00e3o continuar\u00e1, at\u00e9 porque desde o in\u00edcio da gest\u00e3o j\u00e1 s\u00e3o mais de 1.700 promo\u00e7\u00f5es dentro do Corpo de Bombeiros, estamos fazendo concurso p\u00fablico para mais de 200 bombeiros. Um trabalho que o Estado tem feito para estruturar todas as for\u00e7as de seguran\u00e7a, e o Corpo de Bombeiros n\u00e3o fica fora desse processo&#8221;, observou, destacando outras a\u00e7\u00f5es, como a constru\u00e7\u00e3o do Centro de Treinamento, que ser\u00e1 entregue em breve.<\/p>\n\n<a href='https:\/\/www.pbagora.com.br\/noticia\/policial\/joao-azevedo-promove-138-oficiais-do-corpo-de-bombeiros-e-destaca-investimentos-na-seguranca-publica-da-paraiba\/attachment\/unnamed-2024-07-03t075303-721\/'><img  decoding=\"async\"  width=\"2560\"  height=\"1460\"  src=\"https:\/\/pbagora.s3.amazonaws.com\/2024\/07\/03075356\/unnamed-2024-07-03T075303.721-scaled.jpg\"  class=\"attachment-full size-full\"  alt=\"\"  srcset=\"https:\/\/pbagora.s3.amazonaws.com\/2024\/07\/03075356\/unnamed-2024-07-03T075303.721-scaled.jpg 2560w, https:\/\/pbagora.s3.amazonaws.com\/2024\/07\/03075356\/unnamed-2024-07-03T075303.721-300x171.jpg 300w, https:\/\/pbagora.s3.amazonaws.com\/2024\/07\/03075356\/unnamed-2024-07-03T075303.721-1024x584.jpg 1024w, https:\/\/pbagora.s3.amazonaws.com\/2024\/07\/03075356\/unnamed-2024-07-03T075303.721-150x86.jpg 150w, https:\/\/pbagora.s3.amazonaws.com\/2024\/07\/03075356\/unnamed-2024-07-03T075303.721-768x438.jpg 768w, https:\/\/pbagora.s3.amazonaws.com\/2024\/07\/03075356\/unnamed-2024-07-03T075303.721-1536x876.jpg 1536w, https:\/\/pbagora.s3.amazonaws.com\/2024\/07\/03075356\/unnamed-2024-07-03T075303.721-2048x1168.jpg 2048w, https:\/\/pbagora.s3.amazonaws.com\/2024\/07\/03075356\/unnamed-2024-07-03T075303.721-380x217.jpg 380w, https:\/\/pbagora.s3.amazonaws.com\/2024\/07\/03075356\/unnamed-2024-07-03T075303.721-800x456.jpg 800w, https:\/\/pbagora.s3.amazonaws.com\/2024\/07\/03075356\/unnamed-2024-07-03T075303.721-1160x662.jpg 1160w, https:\/\/pbagora.s3.amazonaws.com\/2024\/07\/03075356\/unnamed-2024-07-03T075303.721-80x46.jpg 80w, https:\/\/pbagora.s3.amazonaws.com\/2024\/07\/03075356\/unnamed-2024-07-03T075303.721-3072x1752.jpg 3072w, https:\/\/pbagora.s3.amazonaws.com\/2024\/07\/03075356\/unnamed-2024-07-03T075303.721-760x434.jpg 760w, https:\/\/pbagora.s3.amazonaws.com\/2024\/07\/03075356\/unnamed-2024-07-03T075303.721-600x342.jpg 600w\"  sizes=\"(max-width: 2560px) 100vw, 2560px\" ><\/a>\n<a href='https:\/\/www.pbagora.com.br\/noticia\/policial\/joao-azevedo-promove-138-oficiais-do-corpo-de-bombeiros-e-destaca-investimentos-na-seguranca-publica-da-paraiba\/attachment\/unnamed-2024-07-03t075259-671\/'><img  decoding=\"async\"  width=\"2560\"  height=\"1219\"  src=\"https:\/\/pbagora.s3.amazonaws.com\/2024\/07\/03075609\/unnamed-2024-07-03T075259.671-scaled.jpg\"  class=\"attachment-full size-full\"  alt=\"\"  srcset=\"https:\/\/pbagora.s3.amazonaws.com\/2024\/07\/03075609\/unnamed-2024-07-03T075259.671-scaled.jpg 2560w, https:\/\/pbagora.s3.amazonaws.com\/2024\/07\/03075609\/unnamed-2024-07-03T075259.671-300x143.jpg 300w, https:\/\/pbagora.s3.amazonaws.com\/2024\/07\/03075609\/unnamed-2024-07-03T075259.671-1024x487.jpg 1024w, https:\/\/pbagora.s3.amazonaws.com\/2024\/07\/03075609\/unnamed-2024-07-03T075259.671-150x71.jpg 150w, https:\/\/pbagora.s3.amazonaws.com\/2024\/07\/03075609\/unnamed-2024-07-03T075259.671-768x366.jpg 768w, https:\/\/pbagora.s3.amazonaws.com\/2024\/07\/03075609\/unnamed-2024-07-03T075259.671-1536x731.jpg 1536w, https:\/\/pbagora.s3.amazonaws.com\/2024\/07\/03075609\/unnamed-2024-07-03T075259.671-2048x975.jpg 2048w, https:\/\/pbagora.s3.amazonaws.com\/2024\/07\/03075609\/unnamed-2024-07-03T075259.671-380x181.jpg 380w, https:\/\/pbagora.s3.amazonaws.com\/2024\/07\/03075609\/unnamed-2024-07-03T075259.671-800x381.jpg 800w, https:\/\/pbagora.s3.amazonaws.com\/2024\/07\/03075609\/unnamed-2024-07-03T075259.671-1160x552.jpg 1160w, https:\/\/pbagora.s3.amazonaws.com\/2024\/07\/03075609\/unnamed-2024-07-03T075259.671-80x38.jpg 80w, https:\/\/pbagora.s3.amazonaws.com\/2024\/07\/03075609\/unnamed-2024-07-03T075259.671-3072x1462.jpg 3072w, https:\/\/pbagora.s3.amazonaws.com\/2024\/07\/03075609\/unnamed-2024-07-03T075259.671-760x362.jpg 760w, https:\/\/pbagora.s3.amazonaws.com\/2024\/07\/03075609\/unnamed-2024-07-03T075259.671-600x286.jpg 600w\"  sizes=\"(max-width: 2560px) 100vw, 2560px\" ><\/a>\n<a href='https:\/\/www.pbagora.com.br\/noticia\/policial\/joao-azevedo-promove-138-oficiais-do-corpo-de-bombeiros-e-destaca-investimentos-na-seguranca-publica-da-paraiba\/attachment\/unnamed-2024-07-03t075257-790\/'><img  loading=\"lazy\"  decoding=\"async\"  width=\"2560\"  height=\"1789\"  src=\"https:\/\/pbagora.s3.amazonaws.com\/2024\/07\/03075634\/unnamed-2024-07-03T075257.790-scaled.jpg\"  class=\"attachment-full size-full\"  alt=\"\"  srcset=\"https:\/\/pbagora.s3.amazonaws.com\/2024\/07\/03075634\/unnamed-2024-07-03T075257.790-scaled.jpg 2560w, https:\/\/pbagora.s3.amazonaws.com\/2024\/07\/03075634\/unnamed-2024-07-03T075257.790-300x210.jpg 300w, https:\/\/pbagora.s3.amazonaws.com\/2024\/07\/03075634\/unnamed-2024-07-03T075257.790-1024x716.jpg 1024w, https:\/\/pbagora.s3.amazonaws.com\/2024\/07\/03075634\/unnamed-2024-07-03T075257.790-150x105.jpg 150w, https:\/\/pbagora.s3.amazonaws.com\/2024\/07\/03075634\/unnamed-2024-07-03T075257.790-768x537.jpg 768w, https:\/\/pbagora.s3.amazonaws.com\/2024\/07\/03075634\/unnamed-2024-07-03T075257.790-1536x1073.jpg 1536w, https:\/\/pbagora.s3.amazonaws.com\/2024\/07\/03075634\/unnamed-2024-07-03T075257.790-2048x1431.jpg 2048w, https:\/\/pbagora.s3.amazonaws.com\/2024\/07\/03075634\/unnamed-2024-07-03T075257.790-380x266.jpg 380w, https:\/\/pbagora.s3.amazonaws.com\/2024\/07\/03075634\/unnamed-2024-07-03T075257.790-800x559.jpg 800w, https:\/\/pbagora.s3.amazonaws.com\/2024\/07\/03075634\/unnamed-2024-07-03T075257.790-1160x811.jpg 1160w, https:\/\/pbagora.s3.amazonaws.com\/2024\/07\/03075634\/unnamed-2024-07-03T075257.790-80x56.jpg 80w, https:\/\/pbagora.s3.amazonaws.com\/2024\/07\/03075634\/unnamed-2024-07-03T075257.790-3072x2147.jpg 3072w, https:\/\/pbagora.s3.amazonaws.com\/2024\/07\/03075634\/unnamed-2024-07-03T075257.790-760x531.jpg 760w, https:\/\/pbagora.s3.amazonaws.com\/2024\/07\/03075634\/unnamed-2024-07-03T075257.790-600x419.jpg 600w\"  sizes=\"(max-width: 2560px) 100vw, 2560px\" ><\/a>\n<a href='https:\/\/www.pbagora.com.br\/noticia\/policial\/joao-azevedo-promove-138-oficiais-do-corpo-de-bombeiros-e-destaca-investimentos-na-seguranca-publica-da-paraiba\/attachment\/unnamed-2024-07-03t075254-413\/'><img  loading=\"lazy\"  decoding=\"async\"  width=\"2560\"  height=\"1515\"  src=\"https:\/\/pbagora.s3.amazonaws.com\/2024\/07\/03075701\/unnamed-2024-07-03T075254.413-scaled.jpg\"  class=\"attachment-full size-full\"  alt=\"\"  srcset=\"https:\/\/pbagora.s3.amazonaws.com\/2024\/07\/03075701\/unnamed-2024-07-03T075254.413-scaled.jpg 2560w, https:\/\/pbagora.s3.amazonaws.com\/2024\/07\/03075701\/unnamed-2024-07-03T075254.413-300x178.jpg 300w, https:\/\/pbagora.s3.amazonaws.com\/2024\/07\/03075701\/unnamed-2024-07-03T075254.413-1024x606.jpg 1024w, https:\/\/pbagora.s3.amazonaws.com\/2024\/07\/03075701\/unnamed-2024-07-03T075254.413-150x89.jpg 150w, https:\/\/pbagora.s3.amazonaws.com\/2024\/07\/03075701\/unnamed-2024-07-03T075254.413-768x455.jpg 768w, https:\/\/pbagora.s3.amazonaws.com\/2024\/07\/03075701\/unnamed-2024-07-03T075254.413-1536x909.jpg 1536w, https:\/\/pbagora.s3.amazonaws.com\/2024\/07\/03075701\/unnamed-2024-07-03T075254.413-2048x1212.jpg 2048w, https:\/\/pbagora.s3.amazonaws.com\/2024\/07\/03075701\/unnamed-2024-07-03T075254.413-380x225.jpg 380w, https:\/\/pbagora.s3.amazonaws.com\/2024\/07\/03075701\/unnamed-2024-07-03T075254.413-800x474.jpg 800w, https:\/\/pbagora.s3.amazonaws.com\/2024\/07\/03075701\/unnamed-2024-07-03T075254.413-1160x687.jpg 1160w, https:\/\/pbagora.s3.amazonaws.com\/2024\/07\/03075701\/unnamed-2024-07-03T075254.413-80x46.jpg 80w, https:\/\/pbagora.s3.amazonaws.com\/2024\/07\/03075701\/unnamed-2024-07-03T075254.413-3072x1818.jpg 3072w, https:\/\/pbagora.s3.amazonaws.com\/2024\/07\/03075701\/unnamed-2024-07-03T075254.413-760x450.jpg 760w, https:\/\/pbagora.s3.amazonaws.com\/2024\/07\/03075701\/unnamed-2024-07-03T075254.413-600x355.jpg 600w\"  sizes=\"(max-width: 2560px) 100vw, 2560px\" ><\/a>\n<a href='https:\/\/www.pbagora.com.br\/noticia\/policial\/joao-azevedo-promove-138-oficiais-do-corpo-de-bombeiros-e-destaca-investimentos-na-seguranca-publica-da-paraiba\/attachment\/unnamed-2024-07-03t075251-193\/'><img  loading=\"lazy\"  decoding=\"async\"  width=\"2560\"  height=\"1715\"  src=\"https:\/\/pbagora.s3.amazonaws.com\/2024\/07\/03075726\/unnamed-2024-07-03T075251.193-scaled.jpg\"  class=\"attachment-full size-full\"  alt=\"\"  srcset=\"https:\/\/pbagora.s3.amazonaws.com\/2024\/07\/03075726\/unnamed-2024-07-03T075251.193-scaled.jpg 2560w, https:\/\/pbagora.s3.amazonaws.com\/2024\/07\/03075726\/unnamed-2024-07-03T075251.193-300x201.jpg 300w, https:\/\/pbagora.s3.amazonaws.com\/2024\/07\/03075726\/unnamed-2024-07-03T075251.193-1024x686.jpg 1024w, https:\/\/pbagora.s3.amazonaws.com\/2024\/07\/03075726\/unnamed-2024-07-03T075251.193-150x100.jpg 150w, https:\/\/pbagora.s3.amazonaws.com\/2024\/07\/03075726\/unnamed-2024-07-03T075251.193-768x514.jpg 768w, https:\/\/pbagora.s3.amazonaws.com\/2024\/07\/03075726\/unnamed-2024-07-03T075251.193-1536x1029.jpg 1536w, https:\/\/pbagora.s3.amazonaws.com\/2024\/07\/03075726\/unnamed-2024-07-03T075251.193-2048x1372.jpg 2048w, https:\/\/pbagora.s3.amazonaws.com\/2024\/07\/03075726\/unnamed-2024-07-03T075251.193-380x255.jpg 380w, https:\/\/pbagora.s3.amazonaws.com\/2024\/07\/03075726\/unnamed-2024-07-03T075251.193-800x536.jpg 800w, https:\/\/pbagora.s3.amazonaws.com\/2024\/07\/03075726\/unnamed-2024-07-03T075251.193-1160x777.jpg 1160w, https:\/\/pbagora.s3.amazonaws.com\/2024\/07\/03075726\/unnamed-2024-07-03T075251.193-80x54.jpg 80w, https:\/\/pbagora.s3.amazonaws.com\/2024\/07\/03075726\/unnamed-2024-07-03T075251.193-3072x2058.jpg 3072w, https:\/\/pbagora.s3.amazonaws.com\/2024\/07\/03075726\/unnamed-2024-07-03T075251.193-760x509.jpg 760w, https:\/\/pbagora.s3.amazonaws.com\/2024\/07\/03075726\/unnamed-2024-07-03T075251.193-600x402.jpg 600w\"  sizes=\"(max-width: 2560px) 100vw, 2560px\" ><\/a>\n<a href='https:\/\/www.pbagora.com.br\/noticia\/policial\/joao-azevedo-promove-138-oficiais-do-corpo-de-bombeiros-e-destaca-investimentos-na-seguranca-publica-da-paraiba\/attachment\/unnamed-2024-07-03t075249-604\/'><img  loading=\"lazy\"  decoding=\"async\"  width=\"2560\"  height=\"1608\"  src=\"https:\/\/pbagora.s3.amazonaws.com\/2024\/07\/03075750\/unnamed-2024-07-03T075249.604-scaled.jpg\"  class=\"attachment-full size-full\"  alt=\"\"  srcset=\"https:\/\/pbagora.s3.amazonaws.com\/2024\/07\/03075750\/unnamed-2024-07-03T075249.604-scaled.jpg 2560w, https:\/\/pbagora.s3.amazonaws.com\/2024\/07\/03075750\/unnamed-2024-07-03T075249.604-300x188.jpg 300w, https:\/\/pbagora.s3.amazonaws.com\/2024\/07\/03075750\/unnamed-2024-07-03T075249.604-1024x643.jpg 1024w, https:\/\/pbagora.s3.amazonaws.com\/2024\/07\/03075750\/unnamed-2024-07-03T075249.604-150x94.jpg 150w, https:\/\/pbagora.s3.amazonaws.com\/2024\/07\/03075750\/unnamed-2024-07-03T075249.604-768x482.jpg 768w, https:\/\/pbagora.s3.amazonaws.com\/2024\/07\/03075750\/unnamed-2024-07-03T075249.604-1536x965.jpg 1536w, https:\/\/pbagora.s3.amazonaws.com\/2024\/07\/03075750\/unnamed-2024-07-03T075249.604-2048x1286.jpg 2048w, https:\/\/pbagora.s3.amazonaws.com\/2024\/07\/03075750\/unnamed-2024-07-03T075249.604-380x239.jpg 380w, https:\/\/pbagora.s3.amazonaws.com\/2024\/07\/03075750\/unnamed-2024-07-03T075249.604-800x503.jpg 800w, https:\/\/pbagora.s3.amazonaws.com\/2024\/07\/03075750\/unnamed-2024-07-03T075249.604-1160x729.jpg 1160w, https:\/\/pbagora.s3.amazonaws.com\/2024\/07\/03075750\/unnamed-2024-07-03T075249.604-80x50.jpg 80w, https:\/\/pbagora.s3.amazonaws.com\/2024\/07\/03075750\/unnamed-2024-07-03T075249.604-3072x1930.jpg 3072w, https:\/\/pbagora.s3.amazonaws.com\/2024\/07\/03075750\/unnamed-2024-07-03T075249.604-760x477.jpg 760w, https:\/\/pbagora.s3.amazonaws.com\/2024\/07\/03075750\/unnamed-2024-07-03T075249.604-600x377.jpg 600w\"  sizes=\"(max-width: 2560px) 100vw, 2560px\" ><\/a>\n<a href='https:\/\/www.pbagora.com.br\/noticia\/policial\/joao-azevedo-promove-138-oficiais-do-corpo-de-bombeiros-e-destaca-investimentos-na-seguranca-publica-da-paraiba\/attachment\/unnamed-2024-07-03t074927-296-2\/'><img  loading=\"lazy\"  decoding=\"async\"  width=\"2560\"  height=\"1706\"  src=\"https:\/\/pbagora.s3.amazonaws.com\/2024\/07\/03075840\/unnamed-2024-07-03T074927.296-1-scaled.jpg\"  class=\"attachment-full size-full\"  alt=\"\"  srcset=\"https:\/\/pbagora.s3.amazonaws.com\/2024\/07\/03075840\/unnamed-2024-07-03T074927.296-1-scaled.jpg 2560w, https:\/\/pbagora.s3.amazonaws.com\/2024\/07\/03075840\/unnamed-2024-07-03T074927.296-1-300x200.jpg 300w, https:\/\/pbagora.s3.amazonaws.com\/2024\/07\/03075840\/unnamed-2024-07-03T074927.296-1-1024x683.jpg 1024w, https:\/\/pbagora.s3.amazonaws.com\/2024\/07\/03075840\/unnamed-2024-07-03T074927.296-1-150x100.jpg 150w, https:\/\/pbagora.s3.amazonaws.com\/2024\/07\/03075840\/unnamed-2024-07-03T074927.296-1-768x512.jpg 768w, https:\/\/pbagora.s3.amazonaws.com\/2024\/07\/03075840\/unnamed-2024-07-03T074927.296-1-1536x1024.jpg 1536w, https:\/\/pbagora.s3.amazonaws.com\/2024\/07\/03075840\/unnamed-2024-07-03T074927.296-1-2048x1365.jpg 2048w, https:\/\/pbagora.s3.amazonaws.com\/2024\/07\/03075840\/unnamed-2024-07-03T074927.296-1-380x253.jpg 380w, https:\/\/pbagora.s3.amazonaws.com\/2024\/07\/03075840\/unnamed-2024-07-03T074927.296-1-800x533.jpg 800w, https:\/\/pbagora.s3.amazonaws.com\/2024\/07\/03075840\/unnamed-2024-07-03T074927.296-1-1160x773.jpg 1160w, https:\/\/pbagora.s3.amazonaws.com\/2024\/07\/03075840\/unnamed-2024-07-03T074927.296-1-80x53.jpg 80w, https:\/\/pbagora.s3.amazonaws.com\/2024\/07\/03075840\/unnamed-2024-07-03T074927.296-1-3072x2048.jpg 3072w, https:\/\/pbagora.s3.amazonaws.com\/2024\/07\/03075840\/unnamed-2024-07-03T074927.296-1-760x507.jpg 760w, https:\/\/pbagora.s3.amazonaws.com\/2024\/07\/03075840\/unnamed-2024-07-03T074927.296-1-600x400.jpg 600w\"  sizes=\"(max-width: 2560px) 100vw, 2560px\" ><\/a>\n\n<p>A mais recente conquista do Corpo de Bombeiros Militar da Para\u00edba foi a aprova\u00e7\u00e3o da Lei Org\u00e2nica B\u00e1sica da Corpora\u00e7\u00e3o, de autoria do Poder Executivo, pela Assembleia Legislativa da Para\u00edba (ALPB). A iniciativa teve, entre outras finalidades, a expans\u00e3o da Corpora\u00e7\u00e3o e o aumento das demandas relacionadas \u00e0 estrat\u00e9gia, \u00e0 t\u00e1tica e \u00e0 operacionalidade para atender o que prev\u00ea a Pol\u00edtica de Seguran\u00e7a P\u00fablica da Para\u00edba, intensificando a interioriza\u00e7\u00e3o e garantindo atendimento \u00e0 popula\u00e7\u00e3o de todo o Estado.<\/p>\n<p>Para o secret\u00e1rio de Estado da Seguran\u00e7a P\u00fablica e Defesa Social, Jean Francisco Nunes, a promo\u00e7\u00e3o hist\u00f3rica do Corpo de Bombeiros da Para\u00edba beneficia todas as for\u00e7as de seguran\u00e7a, contemplando toda a popula\u00e7\u00e3o. &#8220;Esse \u00e9 um grande ato, a maior promo\u00e7\u00e3o da hist\u00f3ria do Corpo de Bombeiros depois de uma Lei de Organiza\u00e7\u00e3o B\u00e1sica aprovada. \u00c0 medida em que o governador Jo\u00e3o Azev\u00eado traz melhorias para qualquer das for\u00e7as de seguran\u00e7a, como \u00e9 o Corpo de Bomebeiros agora, como j\u00e1 fez com a Pol\u00edcia Militar, como est\u00e1 fazendo com a Pol\u00edcia Civil, Detran, Administra\u00e7\u00e3o Penitenci\u00e1ria \u2014 cada um desses que \u00e9 beneficiado com valoriza\u00e7\u00e3o profissional, com essas melhorias, se tem um ganho em todo o sistema de Seguran\u00e7a P\u00fablica. Cada profissional desse passa a ser um grande vetor de transforma\u00e7\u00e3o, se dedicando e empenhado na Seguran\u00e7a P\u00fablica do nosso estado&#8221;, ressaltou, observando a import\u00e2ncia dessas iniciativas para a expans\u00e3o das for\u00e7as de seguran\u00e7a em todo o Estado.<\/p>\n<p>O comandante-geral do Corpo de Bombeiros Militar da Para\u00edba, coronel Marcelo Ara\u00fajo, tamb\u00e9m destacou o car\u00e1ter hist\u00f3rico da promo\u00e7\u00e3o. &#8220;O Governo do Estado, numa iniciativa in\u00e9dita, est\u00e1 promovendo a maior quantidade de oficiais da hist\u00f3ria da Institui\u00e7\u00e3o \u2014 ao todo, s\u00e3o 138 oficiais. E isso \u00e9 o resultado da atitude do governador Jo\u00e3o Azev\u00eado, possibilitando a aprova\u00e7\u00e3o da nossa Lei Org\u00e2nica h\u00e1 cerca de 40 dias. Essa aprova\u00e7\u00e3o foi fundamental para mudar a estrutura organizacional do Corpo de Bombeiros, abrindo a possibilidade do surgimento dessas vagas no dia de hoje, em que celebramos tamb\u00e9m o Dia Nacional do Bombeiro Militar&#8221;, comentou.<\/p>\n<p>Ant\u00f4nio Rocha, comandante do 7\u00b0 Batalh\u00e3o do Corpo de Bombeiros, em Campina Grande, foi promovido de major a tenente-coronel. Falando em nome dos promovidos, ele tamb\u00e9m destacou os avan\u00e7os da Corpora\u00e7\u00e3o nos \u00faltimos cinco anos. &#8220;Hoje temos mais de 130 promovidos, um marco na hist\u00f3ria da nossa institui\u00e7\u00e3o. Temos ainda o processo de descentraliza\u00e7\u00e3o administrativa, que elevou para mais de 20 o n\u00famero de unidades operacionais espalhadas em todo o Estado, cerca de R$ 33 milh\u00f5es em material e em equipamentos permanentes&#8221;, discursou, citando ainda as mais de 2,4 mil qualifica\u00e7\u00f5es nesse per\u00edodo.<\/p>\n<p>Na Corpora\u00e7\u00e3o desde 2012, Anderson Lima foi promovido de primeiro-tenente a capit\u00e3o. &#8220;Eu recebo essa promo\u00e7\u00e3o com muita honra, com muita felicidade \u2014 a gente vem de uma espera muito longa por essas promo\u00e7\u00f5es. Gra\u00e7as a Deus, com a aprova\u00e7\u00e3o dessa nova Lei Org\u00e2nica, muitas promo\u00e7\u00f5es est\u00e3o sendo celebradas no dia de hoje. \u00c9 como a gente sempre diz: uma vit\u00f3ria de cada vez&#8221;, comemorou.<\/p>\n<p>As promo\u00e7\u00f5es contemplaram 11 tenentes-coron\u00e9is, 29 majores, 48 capit\u00e3es e 50 primeiros-tenentes, numa solenidade prestigiada por familiares e amigos dos promovidos, assim como por diversas autoridades: coronel S\u00e9rgio Fonseca, comandante-geral da Policia Militar da Para\u00edba (PMPB); Ronildo de Sousa, subcomandante-geral da PMPB; Lucas Severiano, subcomandante-geral do CBMPB; e Andr\u00e9 Rabelo, delegado-geral da Pol\u00edcia da Para\u00edba.<\/p>\n<p>A solenidade foi prestigiada, ainda, pelo presidente do Tribunal de Justi\u00e7a da Para\u00edba (TJ-PB), desembargador Saulo Benevides; pelo secret\u00e1rio-chefe do Governo do Estado, Roberto Paulino; pelo vice-prefeito de Jo\u00e3o Pessoa, L\u00e9o Bezerra; e pelo deputado estadual Jo\u00e3o Gon\u00e7alves, entre outras autoridades.<\/p>\n<p><strong><em>Secom\/PB<\/em><\/strong><\/p>\n<p><strong><em>Fotos: Francisco Fran\u00e7a<\/em><\/strong><\/p>\n","protected":false},"excerpt":{"rendered":"<p><img loading=\"lazy\" decoding=\"async\" width=\"1024\" height=\"487\" src=\"https:\/\/pbagora.s3.amazonaws.com\/2024\/07\/03075609\/unnamed-2024-07-03T075259.671-1024x487.jpg\" class=\"attachment-large size-large wp-post-image\" alt=\"\"><\/p>\n<p>O governador Jo\u00e3o Azev\u00eado presidiu, na tarde desta ter\u00e7a-feira (2), a solenidade de promo\u00e7\u00e3o de 138 oficiais do\u2026<\/p>\n","protected":false},"author":123457,"featured_media":0,"comment_status":"closed","ping_status":"closed","sticky":false,"template":"","format":"standard","meta":{"advgb_blocks_editor_width":"","advgb_blocks_columns_visual_guide":"","footnotes":""},"categories":[34],"tags":[35,10839,10848],"class_list":["post-48742","post","type-post","status-publish","format-standard","hentry","category-g1","tag-g1","tag-policial","tag-rodape-01"],"author_meta":{"display_name":"Reda\u00e7\u00e3o","author_link":"https:\/\/sindaopcpb.org.br\/author\/redacao\/"},"featured_img":null,"coauthors":[],"tax_additional":{"categories":{"linked":["<a href=\"https:\/\/sindaopcpb.org.br\/g1\/\" class=\"advgb-post-tax-term\">G1<\/a>"],"unlinked":["<span class=\"advgb-post-tax-term\">G1<\/span>"]},"tags":{"linked":["<a href=\"https:\/\/sindaopcpb.org.br\/g1\/\" class=\"advgb-post-tax-term\">g1<\/a>","<a href=\"https:\/\/sindaopcpb.org.br\/g1\/\" class=\"advgb-post-tax-term\">Policial<\/a>","<a href=\"https:\/\/sindaopcpb.org.br\/g1\/\" class=\"advgb-post-tax-term\">Rodape 01<\/a>"],"unlinked":["<span class=\"advgb-post-tax-term\">g1<\/span>","<span class=\"advgb-post-tax-term\">Policial<\/span>","<span class=\"advgb-post-tax-term\">Rodape 01<\/span>"]}},"comment_count":"0","relative_dates":{"created":"Publicado 2 anos atr\u00e1s","modified":"Atualizado 2 anos atr\u00e1s"},"absolute_dates":{"created":"Publicado em 3 de julho de 2024","modified":"Atualizado em 3 de julho de 2024"},"absolute_dates_time":{"created":"Publicado em 3 de julho de 2024 08:00","modified":"Atualizado em 3 de julho de 2024 09:00"},"featured_img_caption":"","series_order":"","_links":{"self":[{"href":"https:\/\/sindaopcpb.org.br\/index.php\/wp-json\/wp\/v2\/posts\/48742","targetHints":{"allow":["GET"]}}],"collection":[{"href":"https:\/\/sindaopcpb.org.br\/index.php\/wp-json\/wp\/v2\/posts"}],"about":[{"href":"https:\/\/sindaopcpb.org.br\/index.php\/wp-json\/wp\/v2\/types\/post"}],"author":[{"embeddable":true,"href":"https:\/\/sindaopcpb.org.br\/index.php\/wp-json\/wp\/v2\/users\/123457"}],"replies":[{"embeddable":true,"href":"https:\/\/sindaopcpb.org.br\/index.php\/wp-json\/wp\/v2\/comments?post=48742"}],"version-history":[{"count":3,"href":"https:\/\/sindaopcpb.org.br\/index.php\/wp-json\/wp\/v2\/posts\/48742\/revisions"}],"predecessor-version":[{"id":48751,"href":"https:\/\/sindaopcpb.org.br\/index.php\/wp-json\/wp\/v2\/posts\/48742\/revisions\/48751"}],"wp:attachment":[{"href":"https:\/\/sindaopcpb.org.br\/index.php\/wp-json\/wp\/v2\/media?parent=48742"}],"wp:term":[{"taxonomy":"category","embeddable":true,"href":"https:\/\/sindaopcpb.org.br\/index.php\/wp-json\/wp\/v2\/categories?post=48742"},{"taxonomy":"post_tag","embeddable":true,"href":"https:\/\/sindaopcpb.org.br\/index.php\/wp-json\/wp\/v2\/tags?post=48742"}],"curies":[{"name":"wp","href":"https:\/\/api.w.org\/{rel}","templated":true}]}}