{"id":48732,"date":"2024-07-03T06:32:22","date_gmt":"2024-07-03T09:32:22","guid":{"rendered":"https:\/\/www.pbagora.com.br\/?p=841982"},"modified":"2024-07-03T14:32:22","modified_gmt":"2024-07-03T17:32:22","slug":"policia-prende-acusados-de-roubar-camaroes-em-jp-para-vender-em-bayeux","status":"publish","type":"post","link":"https:\/\/sindaopcpb.org.br\/index.php\/2024\/07\/03\/policia-prende-acusados-de-roubar-camaroes-em-jp-para-vender-em-bayeux\/","title":{"rendered":"Pol\u00edcia prende acusados de roubar camar\u00f5es em JP para vender em Bayeux"},"content":{"rendered":"<p><img width=\"1024\" height=\"768\" src=\"https:\/\/pbagora.s3.amazonaws.com\/2024\/07\/03063211\/Prancheta-1.jpg\" class=\"attachment-large size-large wp-post-image\" alt=\"\" style=\"margin-bottom: 20px;\" decoding=\"async\" loading=\"lazy\" srcset=\"https:\/\/pbagora.s3.amazonaws.com\/2024\/07\/03063211\/Prancheta-1.jpg 1024w, https:\/\/pbagora.s3.amazonaws.com\/2024\/07\/03063211\/Prancheta-1-300x225.jpg 300w, https:\/\/pbagora.s3.amazonaws.com\/2024\/07\/03063211\/Prancheta-1-150x113.jpg 150w, https:\/\/pbagora.s3.amazonaws.com\/2024\/07\/03063211\/Prancheta-1-768x576.jpg 768w, https:\/\/pbagora.s3.amazonaws.com\/2024\/07\/03063211\/Prancheta-1-200x150.jpg 200w, https:\/\/pbagora.s3.amazonaws.com\/2024\/07\/03063211\/Prancheta-1-260x195.jpg 260w, https:\/\/pbagora.s3.amazonaws.com\/2024\/07\/03063211\/Prancheta-1-380x285.jpg 380w, https:\/\/pbagora.s3.amazonaws.com\/2024\/07\/03063211\/Prancheta-1-800x600.jpg 800w, https:\/\/pbagora.s3.amazonaws.com\/2024\/07\/03063211\/Prancheta-1-80x60.jpg 80w, https:\/\/pbagora.s3.amazonaws.com\/2024\/07\/03063211\/Prancheta-1-600x450.jpg 600w, https:\/\/pbagora.s3.amazonaws.com\/2024\/07\/03063211\/Prancheta-1-520x390.jpg 520w, https:\/\/pbagora.s3.amazonaws.com\/2024\/07\/03063211\/Prancheta-1-760x570.jpg 760w\" sizes=\"(max-width: 1024px) 100vw, 1024px\" \/><\/p><p>Uma opera\u00e7\u00e3o da Pol\u00edcia Militar prendeu uma dupla que estaria assaltando viveiros de camar\u00e3o no bairro de Mandacaru, em Jo\u00e3o Pessoa, para vender o produto na cidade de Bayeux. A pris\u00e3o foi realizada na tarde de ontem (2), em uma opera\u00e7\u00e3o da 4\u00aa Companhia Independente da PM (4\u00aa CIPM), na comunidade Casa Branca, em Bayeux.<\/p>\n<p>Os acusados usavam uma canoa para ir pelo Rio Para\u00edba praticar o crime. Os suspeitos, de 20 e 23 anos, s\u00e3o da cidade de Bayeux e usam tornozeleira de monitoramento eletr\u00f4nico, j\u00e1 que cumprem pena em liberdade por tr\u00e1fico e porte ilegal de arma. No momento da pris\u00e3o, eles foram encontrados com drogas. A dupla foi reconhecida pelas v\u00edtimas dos assaltos.<\/p>\n<p>Segundo os levantamentos, eles vendiam os produtos \u00e0s margens do Rio Para\u00edba, por um pre\u00e7o abaixo de mercado. Os dois foram levados para a 5\u00aa Delegacia Distrital, em Bayeux.<\/p>\n<p>Opera\u00e7\u00f5es em \u00e1reas ribeirinhas \u2013 O Governo do Estado, atrav\u00e9s do Comando-Geral da Pol\u00edcia Militar, adquiriu tr\u00eas lanchas policiais para realizar a\u00e7\u00f5es e opera\u00e7\u00f5es nas \u00e1reas ribeirinhas, com foco no combate ao tr\u00e1fico de drogas e preven\u00e7\u00e3o de roubos usando embarca\u00e7\u00f5es como meio de fuga. O investimento total \u00e9 de quase R$ 2 milh\u00f5es. Uma das lanchas chegou nesta ter\u00e7a-feira.<\/p>\n<p>Reda\u00e7\u00e3o<\/p>\n","protected":false},"excerpt":{"rendered":"<p><img loading=\"lazy\" decoding=\"async\" width=\"1024\" height=\"768\" src=\"https:\/\/pbagora.s3.amazonaws.com\/2024\/07\/03063211\/Prancheta-1.jpg\" class=\"attachment-large size-large wp-post-image\" alt=\"\"><\/p>\n<p>Uma opera\u00e7\u00e3o da Pol\u00edcia Militar prendeu uma dupla que estaria assaltando viveiros de camar\u00e3o no bairro de Mandacaru,\u2026<\/p>\n","protected":false},"author":123457,"featured_media":0,"comment_status":"closed","ping_status":"closed","sticky":false,"template":"","format":"standard","meta":{"advgb_blocks_editor_width":"","advgb_blocks_columns_visual_guide":"","footnotes":""},"categories":[34],"tags":[35,10839,10847],"class_list":["post-48732","post","type-post","status-publish","format-standard","hentry","category-g1","tag-g1","tag-policial","tag-rodape-03"],"author_meta":{"display_name":"Reda\u00e7\u00e3o","author_link":"https:\/\/sindaopcpb.org.br\/author\/redacao\/"},"featured_img":null,"coauthors":[],"tax_additional":{"categories":{"linked":["<a href=\"https:\/\/sindaopcpb.org.br\/g1\/\" class=\"advgb-post-tax-term\">G1<\/a>"],"unlinked":["<span class=\"advgb-post-tax-term\">G1<\/span>"]},"tags":{"linked":["<a href=\"https:\/\/sindaopcpb.org.br\/g1\/\" class=\"advgb-post-tax-term\">g1<\/a>","<a href=\"https:\/\/sindaopcpb.org.br\/g1\/\" class=\"advgb-post-tax-term\">Policial<\/a>","<a href=\"https:\/\/sindaopcpb.org.br\/g1\/\" class=\"advgb-post-tax-term\">Rodape 03<\/a>"],"unlinked":["<span class=\"advgb-post-tax-term\">g1<\/span>","<span class=\"advgb-post-tax-term\">Policial<\/span>","<span class=\"advgb-post-tax-term\">Rodape 03<\/span>"]}},"comment_count":"0","relative_dates":{"created":"Publicado 2 anos atr\u00e1s","modified":"Atualizado 2 anos atr\u00e1s"},"absolute_dates":{"created":"Publicado em 3 de julho de 2024","modified":"Atualizado em 3 de julho de 2024"},"absolute_dates_time":{"created":"Publicado em 3 de julho de 2024 06:32","modified":"Atualizado em 3 de julho de 2024 14:32"},"featured_img_caption":"","series_order":"","_links":{"self":[{"href":"https:\/\/sindaopcpb.org.br\/index.php\/wp-json\/wp\/v2\/posts\/48732","targetHints":{"allow":["GET"]}}],"collection":[{"href":"https:\/\/sindaopcpb.org.br\/index.php\/wp-json\/wp\/v2\/posts"}],"about":[{"href":"https:\/\/sindaopcpb.org.br\/index.php\/wp-json\/wp\/v2\/types\/post"}],"author":[{"embeddable":true,"href":"https:\/\/sindaopcpb.org.br\/index.php\/wp-json\/wp\/v2\/users\/123457"}],"replies":[{"embeddable":true,"href":"https:\/\/sindaopcpb.org.br\/index.php\/wp-json\/wp\/v2\/comments?post=48732"}],"version-history":[{"count":5,"href":"https:\/\/sindaopcpb.org.br\/index.php\/wp-json\/wp\/v2\/posts\/48732\/revisions"}],"predecessor-version":[{"id":48750,"href":"https:\/\/sindaopcpb.org.br\/index.php\/wp-json\/wp\/v2\/posts\/48732\/revisions\/48750"}],"wp:attachment":[{"href":"https:\/\/sindaopcpb.org.br\/index.php\/wp-json\/wp\/v2\/media?parent=48732"}],"wp:term":[{"taxonomy":"category","embeddable":true,"href":"https:\/\/sindaopcpb.org.br\/index.php\/wp-json\/wp\/v2\/categories?post=48732"},{"taxonomy":"post_tag","embeddable":true,"href":"https:\/\/sindaopcpb.org.br\/index.php\/wp-json\/wp\/v2\/tags?post=48732"}],"curies":[{"name":"wp","href":"https:\/\/api.w.org\/{rel}","templated":true}]}}