{"id":48728,"date":"2024-07-02T19:30:32","date_gmt":"2024-07-02T22:30:32","guid":{"rendered":"https:\/\/www.pbagora.com.br\/?p=841939"},"modified":"2024-07-02T19:30:32","modified_gmt":"2024-07-02T22:30:32","slug":"cinco-pessoas-ficam-feridas-em-grave-acidente-na-serra-de-teixeira-na-tarde-desta-terca-feira","status":"publish","type":"post","link":"https:\/\/sindaopcpb.org.br\/index.php\/2024\/07\/02\/cinco-pessoas-ficam-feridas-em-grave-acidente-na-serra-de-teixeira-na-tarde-desta-terca-feira\/","title":{"rendered":"Cinco pessoas ficam feridas em grave acidente na Serra de Teixeira na tarde desta ter\u00e7a-feira"},"content":{"rendered":"<p><img width=\"397\" height=\"402\" src=\"https:\/\/pbagora.s3.amazonaws.com\/2024\/07\/02192705\/Captura-de-tela-2024-07-02-192610.png\" class=\"attachment-large size-large wp-post-image\" alt=\"\" style=\"margin-bottom: 20px;\" decoding=\"async\" srcset=\"https:\/\/pbagora.s3.amazonaws.com\/2024\/07\/02192705\/Captura-de-tela-2024-07-02-192610.png 397w, https:\/\/pbagora.s3.amazonaws.com\/2024\/07\/02192705\/Captura-de-tela-2024-07-02-192610-296x300.png 296w, https:\/\/pbagora.s3.amazonaws.com\/2024\/07\/02192705\/Captura-de-tela-2024-07-02-192610-148x150.png 148w, https:\/\/pbagora.s3.amazonaws.com\/2024\/07\/02192705\/Captura-de-tela-2024-07-02-192610-80x80.png 80w, https:\/\/pbagora.s3.amazonaws.com\/2024\/07\/02192705\/Captura-de-tela-2024-07-02-192610-110x110.png 110w, https:\/\/pbagora.s3.amazonaws.com\/2024\/07\/02192705\/Captura-de-tela-2024-07-02-192610-380x385.png 380w\" sizes=\"(max-width: 397px) 100vw, 397px\" \/><\/p><p>Cinco pessoas ficaram feridas em um grave acidente envolvendo um caminh\u00e3o e dois carros, na tarde desta quarta-feira (2), na Serra de Teixeira, na PB-262, no Sert\u00e3o paraibano. As v\u00edtimas foram socorridas pelo Servi\u00e7o de Atendimento M\u00f3vel de Urg\u00eancia (SAMU) para o Hospital Regional de Patos.<\/p>\n<p>Entre os feridos est\u00e3o o motorista do caminh\u00e3o e quatro ocupantes de um dos carros, sendo que estes \u00faltimos sofreram ferimentos mais s\u00e9rios. O Corpo de Bombeiros ajudou no resgate dos feridos. O caminh\u00e3o estava carregado com m\u00f3veis, e ainda n\u00e3o h\u00e1 informa\u00e7\u00f5es sobre a causa do acidente.<\/p>\n<p>Os ve\u00edculos ficaram totalmente destru\u00eddos ap\u00f3s a colis\u00e3o. Al\u00e9m da unidade do SAMU de Patos, as equipes de Teixeira e S\u00e3o Jos\u00e9 do Bonfim tamb\u00e9m foram acionadas para o local. Guarni\u00e7\u00f5es do 4\u00ba Batalh\u00e3o do Bombeiro Militar tamb\u00e9m est\u00e3o presentes na \u00e1rea. A pista ficou totalmente interditada para o socorro das v\u00edtimas. Problemas mec\u00e2nicos no caminh\u00e3o podem ter contribu\u00eddo para o acidente.<\/p>\n<p>&nbsp;<\/p>\n<p><em><strong>Reda\u00e7\u00e3o<\/strong><\/em><\/p>\n<p>&nbsp;<\/p>\n<p>&nbsp;<\/p>\n","protected":false},"excerpt":{"rendered":"<p><img loading=\"lazy\" decoding=\"async\" width=\"397\" height=\"402\" src=\"https:\/\/pbagora.s3.amazonaws.com\/2024\/07\/02192705\/Captura-de-tela-2024-07-02-192610.png\" class=\"attachment-large size-large wp-post-image\" alt=\"\"><\/p>\n<p>Cinco pessoas ficaram feridas em um grave acidente envolvendo um caminh\u00e3o e dois carros, na tarde desta quarta-feira\u2026<\/p>\n","protected":false},"author":123457,"featured_media":0,"comment_status":"closed","ping_status":"closed","sticky":false,"template":"","format":"standard","meta":{"advgb_blocks_editor_width":"","advgb_blocks_columns_visual_guide":"","footnotes":""},"categories":[34],"tags":[35,10839,10842],"class_list":["post-48728","post","type-post","status-publish","format-standard","hentry","category-g1","tag-g1","tag-policial","tag-principal3"],"author_meta":{"display_name":"Reda\u00e7\u00e3o","author_link":"https:\/\/sindaopcpb.org.br\/author\/redacao\/"},"featured_img":null,"coauthors":[],"tax_additional":{"categories":{"linked":["<a href=\"https:\/\/sindaopcpb.org.br\/g1\/\" class=\"advgb-post-tax-term\">G1<\/a>"],"unlinked":["<span class=\"advgb-post-tax-term\">G1<\/span>"]},"tags":{"linked":["<a href=\"https:\/\/sindaopcpb.org.br\/g1\/\" class=\"advgb-post-tax-term\">g1<\/a>","<a href=\"https:\/\/sindaopcpb.org.br\/g1\/\" class=\"advgb-post-tax-term\">Policial<\/a>","<a href=\"https:\/\/sindaopcpb.org.br\/g1\/\" class=\"advgb-post-tax-term\">Principal3<\/a>"],"unlinked":["<span class=\"advgb-post-tax-term\">g1<\/span>","<span class=\"advgb-post-tax-term\">Policial<\/span>","<span class=\"advgb-post-tax-term\">Principal3<\/span>"]}},"comment_count":"0","relative_dates":{"created":"Publicado 2 anos atr\u00e1s","modified":"Atualizado 2 anos atr\u00e1s"},"absolute_dates":{"created":"Publicado em 2 de julho de 2024","modified":"Atualizado em 2 de julho de 2024"},"absolute_dates_time":{"created":"Publicado em 2 de julho de 2024 19:30","modified":"Atualizado em 2 de julho de 2024 19:30"},"featured_img_caption":"","series_order":"","_links":{"self":[{"href":"https:\/\/sindaopcpb.org.br\/index.php\/wp-json\/wp\/v2\/posts\/48728","targetHints":{"allow":["GET"]}}],"collection":[{"href":"https:\/\/sindaopcpb.org.br\/index.php\/wp-json\/wp\/v2\/posts"}],"about":[{"href":"https:\/\/sindaopcpb.org.br\/index.php\/wp-json\/wp\/v2\/types\/post"}],"author":[{"embeddable":true,"href":"https:\/\/sindaopcpb.org.br\/index.php\/wp-json\/wp\/v2\/users\/123457"}],"replies":[{"embeddable":true,"href":"https:\/\/sindaopcpb.org.br\/index.php\/wp-json\/wp\/v2\/comments?post=48728"}],"version-history":[{"count":3,"href":"https:\/\/sindaopcpb.org.br\/index.php\/wp-json\/wp\/v2\/posts\/48728\/revisions"}],"predecessor-version":[{"id":48740,"href":"https:\/\/sindaopcpb.org.br\/index.php\/wp-json\/wp\/v2\/posts\/48728\/revisions\/48740"}],"wp:attachment":[{"href":"https:\/\/sindaopcpb.org.br\/index.php\/wp-json\/wp\/v2\/media?parent=48728"}],"wp:term":[{"taxonomy":"category","embeddable":true,"href":"https:\/\/sindaopcpb.org.br\/index.php\/wp-json\/wp\/v2\/categories?post=48728"},{"taxonomy":"post_tag","embeddable":true,"href":"https:\/\/sindaopcpb.org.br\/index.php\/wp-json\/wp\/v2\/tags?post=48728"}],"curies":[{"name":"wp","href":"https:\/\/api.w.org\/{rel}","templated":true}]}}