{"id":48707,"date":"2024-07-02T11:25:47","date_gmt":"2024-07-02T14:25:47","guid":{"rendered":"https:\/\/www.pbagora.com.br\/?p=841753"},"modified":"2024-07-02T11:25:47","modified_gmt":"2024-07-02T14:25:47","slug":"prf-prende-homem-foragido-da-justica-por-nao-pagar-pensao-alimenticia-na-pb","status":"publish","type":"post","link":"https:\/\/sindaopcpb.org.br\/index.php\/2024\/07\/02\/prf-prende-homem-foragido-da-justica-por-nao-pagar-pensao-alimenticia-na-pb\/","title":{"rendered":"PRF prende homem foragido da Justi\u00e7a por n\u00e3o pagar pens\u00e3o aliment\u00edcia na PB"},"content":{"rendered":"<p><img width=\"768\" height=\"427\" src=\"https:\/\/pbagora.s3.amazonaws.com\/2024\/07\/02111540\/WhatsApp-Image-2024-07-02-at-10.08.52.jpeg\" class=\"attachment-large size-large wp-post-image\" alt=\"\" style=\"margin-bottom: 20px;\" decoding=\"async\" loading=\"lazy\" srcset=\"https:\/\/pbagora.s3.amazonaws.com\/2024\/07\/02111540\/WhatsApp-Image-2024-07-02-at-10.08.52.jpeg 768w, https:\/\/pbagora.s3.amazonaws.com\/2024\/07\/02111540\/WhatsApp-Image-2024-07-02-at-10.08.52-300x167.jpeg 300w, https:\/\/pbagora.s3.amazonaws.com\/2024\/07\/02111540\/WhatsApp-Image-2024-07-02-at-10.08.52-150x83.jpeg 150w, https:\/\/pbagora.s3.amazonaws.com\/2024\/07\/02111540\/WhatsApp-Image-2024-07-02-at-10.08.52-380x211.jpeg 380w, https:\/\/pbagora.s3.amazonaws.com\/2024\/07\/02111540\/WhatsApp-Image-2024-07-02-at-10.08.52-80x44.jpeg 80w, https:\/\/pbagora.s3.amazonaws.com\/2024\/07\/02111540\/WhatsApp-Image-2024-07-02-at-10.08.52-760x423.jpeg 760w, https:\/\/pbagora.s3.amazonaws.com\/2024\/07\/02111540\/WhatsApp-Image-2024-07-02-at-10.08.52-600x334.jpeg 600w\" sizes=\"(max-width: 768px) 100vw, 768px\" \/><\/p><p>A Pol\u00edcia Rodovi\u00e1ria Federal (PRF) na Para\u00edba prendeu, na noite da \u00faltima segunda-feira (01), no agreste paraibano, homem procurado pela Justi\u00e7a por n\u00e3o pagar pens\u00e3o aliment\u00edcia. A a\u00e7\u00e3o ocorreu durante ronda na BR-104. <\/p>\n<p>Equipe da PRF realizava fiscaliza\u00e7\u00e3o na BR-104, no munic\u00edpio de Esperan\u00e7a, quando visualizou, por volta das 22h15, um carro Chevrolet Sonic. Prontamente, o autom\u00f3vel foi abordado a fim de serem realizados procedimentos policiais. Na oportunidade, foram solicitados os documentos pessoais do condutor e ve\u00edculo. Na posse dos documentos, foram realizadas consultas aos sistemas de seguran\u00e7a. Momento em que foi verificada a exist\u00eancia de um mandado de pris\u00e3o em desfavor do condutor por n\u00e3o pagamento de pens\u00e3o aliment\u00edcia.<\/p>\n<p>Diante dos fatos observados, o indiv\u00edduo de 51 anos foi preso e encaminhado \u00e0 Delegacia de Pol\u00edcia Judici\u00e1ria do munic\u00edpio, onde ficar\u00e1 \u00e0 disposi\u00e7\u00e3o para cumprimento da pena imposta pela Justi\u00e7a.<\/p>\n<p><strong>PB Agora<\/strong><\/p>\n","protected":false},"excerpt":{"rendered":"<p><img decoding=\"async\" width=\"768\" height=\"427\" src=\"https:\/\/pbagora.s3.amazonaws.com\/2024\/07\/02111540\/WhatsApp-Image-2024-07-02-at-10.08.52.jpeg\" class=\"attachment-large size-large wp-post-image\" alt=\"\" loading=\"lazy\"><\/p>\n<p>A Pol\u00edcia Rodovi\u00e1ria Federal (PRF) na Para\u00edba prendeu, na noite da \u00faltima segunda-feira (01), no agreste paraibano, homem\u2026<\/p>\n","protected":false},"author":123457,"featured_media":0,"comment_status":"closed","ping_status":"closed","sticky":false,"template":"","format":"standard","meta":{"advgb_blocks_editor_width":"","advgb_blocks_columns_visual_guide":"","footnotes":""},"categories":[34],"tags":[35,10839,10842],"class_list":["post-48707","post","type-post","status-publish","format-standard","hentry","category-g1","tag-g1","tag-policial","tag-principal3"],"author_meta":{"display_name":"Reda\u00e7\u00e3o","author_link":"https:\/\/sindaopcpb.org.br\/author\/redacao\/"},"featured_img":null,"coauthors":[],"tax_additional":{"categories":{"linked":["<a href=\"https:\/\/sindaopcpb.org.br\/g1\/\" class=\"advgb-post-tax-term\">G1<\/a>"],"unlinked":["<span class=\"advgb-post-tax-term\">G1<\/span>"]},"tags":{"linked":["<a href=\"https:\/\/sindaopcpb.org.br\/g1\/\" class=\"advgb-post-tax-term\">g1<\/a>","<a href=\"https:\/\/sindaopcpb.org.br\/g1\/\" class=\"advgb-post-tax-term\">Policial<\/a>","<a href=\"https:\/\/sindaopcpb.org.br\/g1\/\" class=\"advgb-post-tax-term\">Principal3<\/a>"],"unlinked":["<span class=\"advgb-post-tax-term\">g1<\/span>","<span class=\"advgb-post-tax-term\">Policial<\/span>","<span class=\"advgb-post-tax-term\">Principal3<\/span>"]}},"comment_count":"0","relative_dates":{"created":"Publicado 2 anos atr\u00e1s","modified":"Atualizado 2 anos atr\u00e1s"},"absolute_dates":{"created":"Publicado em 2 de julho de 2024","modified":"Atualizado em 2 de julho de 2024"},"absolute_dates_time":{"created":"Publicado em 2 de julho de 2024 11:25","modified":"Atualizado em 2 de julho de 2024 11:25"},"featured_img_caption":"","series_order":"","_links":{"self":[{"href":"https:\/\/sindaopcpb.org.br\/index.php\/wp-json\/wp\/v2\/posts\/48707","targetHints":{"allow":["GET"]}}],"collection":[{"href":"https:\/\/sindaopcpb.org.br\/index.php\/wp-json\/wp\/v2\/posts"}],"about":[{"href":"https:\/\/sindaopcpb.org.br\/index.php\/wp-json\/wp\/v2\/types\/post"}],"author":[{"embeddable":true,"href":"https:\/\/sindaopcpb.org.br\/index.php\/wp-json\/wp\/v2\/users\/123457"}],"replies":[{"embeddable":true,"href":"https:\/\/sindaopcpb.org.br\/index.php\/wp-json\/wp\/v2\/comments?post=48707"}],"version-history":[{"count":1,"href":"https:\/\/sindaopcpb.org.br\/index.php\/wp-json\/wp\/v2\/posts\/48707\/revisions"}],"predecessor-version":[{"id":48708,"href":"https:\/\/sindaopcpb.org.br\/index.php\/wp-json\/wp\/v2\/posts\/48707\/revisions\/48708"}],"wp:attachment":[{"href":"https:\/\/sindaopcpb.org.br\/index.php\/wp-json\/wp\/v2\/media?parent=48707"}],"wp:term":[{"taxonomy":"category","embeddable":true,"href":"https:\/\/sindaopcpb.org.br\/index.php\/wp-json\/wp\/v2\/categories?post=48707"},{"taxonomy":"post_tag","embeddable":true,"href":"https:\/\/sindaopcpb.org.br\/index.php\/wp-json\/wp\/v2\/tags?post=48707"}],"curies":[{"name":"wp","href":"https:\/\/api.w.org\/{rel}","templated":true}]}}