{"id":48701,"date":"2024-07-02T09:30:13","date_gmt":"2024-07-02T12:30:13","guid":{"rendered":"https:\/\/www.pbagora.com.br\/?p=841683"},"modified":"2024-07-02T11:30:13","modified_gmt":"2024-07-02T14:30:13","slug":"carro-capota-e-deixa-duas-pessoas-feridas-na-br-230-em-santa-rita","status":"publish","type":"post","link":"https:\/\/sindaopcpb.org.br\/index.php\/2024\/07\/02\/carro-capota-e-deixa-duas-pessoas-feridas-na-br-230-em-santa-rita\/","title":{"rendered":"Carro capota e deixa duas pessoas feridas na BR-230, em Santa Rita"},"content":{"rendered":"<p><img width=\"937\" height=\"427\" src=\"https:\/\/pbagora.s3.amazonaws.com\/2024\/07\/02080858\/carro.jpg\" class=\"attachment-large size-large wp-post-image\" alt=\"\" style=\"margin-bottom: 20px;\" decoding=\"async\" loading=\"lazy\" srcset=\"https:\/\/pbagora.s3.amazonaws.com\/2024\/07\/02080858\/carro.jpg 937w, https:\/\/pbagora.s3.amazonaws.com\/2024\/07\/02080858\/carro-300x137.jpg 300w, https:\/\/pbagora.s3.amazonaws.com\/2024\/07\/02080858\/carro-150x68.jpg 150w, https:\/\/pbagora.s3.amazonaws.com\/2024\/07\/02080858\/carro-768x350.jpg 768w, https:\/\/pbagora.s3.amazonaws.com\/2024\/07\/02080858\/carro-380x173.jpg 380w, https:\/\/pbagora.s3.amazonaws.com\/2024\/07\/02080858\/carro-800x365.jpg 800w, https:\/\/pbagora.s3.amazonaws.com\/2024\/07\/02080858\/carro-80x36.jpg 80w, https:\/\/pbagora.s3.amazonaws.com\/2024\/07\/02080858\/carro-760x346.jpg 760w, https:\/\/pbagora.s3.amazonaws.com\/2024\/07\/02080858\/carro-600x273.jpg 600w\" sizes=\"(max-width: 937px) 100vw, 937px\" \/><\/p><p>Duas pessoas ficaram feridas ap\u00f3s um carro capotar nas primeiras horas de hoje (2) na BR-230, em Santa Rita. Tudo aconteceu ap\u00f3s o motorista perder o controle do ve\u00edculo, capotar e cruzar o canteiro central da via.<\/p>\n<p>Segundo a Pol\u00edcia Rodovi\u00e1ria Federal (PRF), o ve\u00edculo estaria trafegando no sentido Campina Grande &#8211; Jo\u00e3o Pessoa quando o acidente ocorreu. Segundo a PRF, as causas do acidente ser\u00e3o investigadas, mas a pista molhada pode ter contribu\u00eddo para a situa\u00e7\u00e3o.<\/p>\n<p>As v\u00edtimas foram socorridas por equipes do Servi\u00e7o de Atendimento M\u00f3vel de Urg\u00eancia (Samu) e Corpo de Bombeiros. As duas pessoas, um homem e uma mulher, estavam est\u00e1veis, segundo os socorristas.<\/p>\n<p>Reda\u00e7\u00e3o<\/p>\n","protected":false},"excerpt":{"rendered":"<p><img loading=\"lazy\" decoding=\"async\" width=\"937\" height=\"427\" src=\"https:\/\/pbagora.s3.amazonaws.com\/2024\/07\/02080858\/carro.jpg\" class=\"attachment-large size-large wp-post-image\" alt=\"\"><\/p>\n<p>Duas pessoas ficaram feridas ap\u00f3s um carro capotar nas primeiras horas de hoje (2) na BR-230, em Santa\u2026<\/p>\n","protected":false},"author":123457,"featured_media":0,"comment_status":"closed","ping_status":"closed","sticky":false,"template":"","format":"standard","meta":{"advgb_blocks_editor_width":"","advgb_blocks_columns_visual_guide":"","footnotes":""},"categories":[34],"tags":[35,10839,10846],"class_list":["post-48701","post","type-post","status-publish","format-standard","hentry","category-g1","tag-g1","tag-policial","tag-rodape-02"],"author_meta":{"display_name":"Reda\u00e7\u00e3o","author_link":"https:\/\/sindaopcpb.org.br\/author\/redacao\/"},"featured_img":null,"coauthors":[],"tax_additional":{"categories":{"linked":["<a href=\"https:\/\/sindaopcpb.org.br\/g1\/\" class=\"advgb-post-tax-term\">G1<\/a>"],"unlinked":["<span class=\"advgb-post-tax-term\">G1<\/span>"]},"tags":{"linked":["<a href=\"https:\/\/sindaopcpb.org.br\/g1\/\" class=\"advgb-post-tax-term\">g1<\/a>","<a href=\"https:\/\/sindaopcpb.org.br\/g1\/\" class=\"advgb-post-tax-term\">Policial<\/a>","<a href=\"https:\/\/sindaopcpb.org.br\/g1\/\" class=\"advgb-post-tax-term\">Rodape 02<\/a>"],"unlinked":["<span class=\"advgb-post-tax-term\">g1<\/span>","<span class=\"advgb-post-tax-term\">Policial<\/span>","<span class=\"advgb-post-tax-term\">Rodape 02<\/span>"]}},"comment_count":"0","relative_dates":{"created":"Publicado 2 anos atr\u00e1s","modified":"Atualizado 2 anos atr\u00e1s"},"absolute_dates":{"created":"Publicado em 2 de julho de 2024","modified":"Atualizado em 2 de julho de 2024"},"absolute_dates_time":{"created":"Publicado em 2 de julho de 2024 09:30","modified":"Atualizado em 2 de julho de 2024 11:30"},"featured_img_caption":"","series_order":"","_links":{"self":[{"href":"https:\/\/sindaopcpb.org.br\/index.php\/wp-json\/wp\/v2\/posts\/48701","targetHints":{"allow":["GET"]}}],"collection":[{"href":"https:\/\/sindaopcpb.org.br\/index.php\/wp-json\/wp\/v2\/posts"}],"about":[{"href":"https:\/\/sindaopcpb.org.br\/index.php\/wp-json\/wp\/v2\/types\/post"}],"author":[{"embeddable":true,"href":"https:\/\/sindaopcpb.org.br\/index.php\/wp-json\/wp\/v2\/users\/123457"}],"replies":[{"embeddable":true,"href":"https:\/\/sindaopcpb.org.br\/index.php\/wp-json\/wp\/v2\/comments?post=48701"}],"version-history":[{"count":2,"href":"https:\/\/sindaopcpb.org.br\/index.php\/wp-json\/wp\/v2\/posts\/48701\/revisions"}],"predecessor-version":[{"id":48706,"href":"https:\/\/sindaopcpb.org.br\/index.php\/wp-json\/wp\/v2\/posts\/48701\/revisions\/48706"}],"wp:attachment":[{"href":"https:\/\/sindaopcpb.org.br\/index.php\/wp-json\/wp\/v2\/media?parent=48701"}],"wp:term":[{"taxonomy":"category","embeddable":true,"href":"https:\/\/sindaopcpb.org.br\/index.php\/wp-json\/wp\/v2\/categories?post=48701"},{"taxonomy":"post_tag","embeddable":true,"href":"https:\/\/sindaopcpb.org.br\/index.php\/wp-json\/wp\/v2\/tags?post=48701"}],"curies":[{"name":"wp","href":"https:\/\/api.w.org\/{rel}","templated":true}]}}