{"id":48697,"date":"2024-07-02T09:39:55","date_gmt":"2024-07-02T12:39:55","guid":{"rendered":"https:\/\/www.pbagora.com.br\/?p=841701"},"modified":"2024-07-02T11:30:55","modified_gmt":"2024-07-02T14:30:55","slug":"ex-fuzileiro-naval-norte-americano-e-preso-suspeito-de-depredar-cabine-policial-em-jp","status":"publish","type":"post","link":"https:\/\/sindaopcpb.org.br\/index.php\/2024\/07\/02\/ex-fuzileiro-naval-norte-americano-e-preso-suspeito-de-depredar-cabine-policial-em-jp\/","title":{"rendered":"Ex-fuzileiro naval norte-americano \u00e9 preso suspeito de depredar cabine policial em JP"},"content":{"rendered":"<p><img width=\"439\" height=\"349\" src=\"https:\/\/pbagora.s3.amazonaws.com\/2024\/07\/02093931\/78805a221a988e79ef3f42d7c5bfd418-5.webp\" class=\"attachment-large size-large wp-post-image\" alt=\"\" style=\"margin-bottom: 20px;\" decoding=\"async\" srcset=\"https:\/\/pbagora.s3.amazonaws.com\/2024\/07\/02093931\/78805a221a988e79ef3f42d7c5bfd418-5.webp 439w, https:\/\/pbagora.s3.amazonaws.com\/2024\/07\/02093931\/78805a221a988e79ef3f42d7c5bfd418-5-300x238.webp 300w, https:\/\/pbagora.s3.amazonaws.com\/2024\/07\/02093931\/78805a221a988e79ef3f42d7c5bfd418-5-150x119.webp 150w, https:\/\/pbagora.s3.amazonaws.com\/2024\/07\/02093931\/78805a221a988e79ef3f42d7c5bfd418-5-380x302.webp 380w, https:\/\/pbagora.s3.amazonaws.com\/2024\/07\/02093931\/78805a221a988e79ef3f42d7c5bfd418-5-80x64.webp 80w\" sizes=\"(max-width: 439px) 100vw, 439px\" \/><\/p><p>Nessa segunda-feira (1\u00ba), um ex-fuzileiro naval norte-americano foi preso em Jo\u00e3o Pessoa, suspeito de depredar uma cabine da Pol\u00edcia Militar localizada no Ret\u00e3o de Mana\u00edra. Este mesmo homem havia sido detido menos de um m\u00eas atr\u00e1s, acusado de assediar e amea\u00e7ar uma massagista no mesmo bairro.<\/p>\n<p>De acordo com informa\u00e7\u00f5es policiais, o ex-fuzileiro foi flagrado em um ataque de raiva, durante o qual quebrou o vidro da cabine e se feriu. Testemunhas que passavam pelo local chamaram a Pol\u00edcia Militar.<\/p>\n<p>Os policiais do Batalh\u00e3o de Turismo, respons\u00e1veis pela patrulha na \u00e1rea, conseguiram deter o suspeito.<\/p>\n<p>Segundo relatos, ele estava extremamente agressivo no momento da pris\u00e3o. Devido aos ferimentos, o ex-fuzileiro naval foi socorrido e, em seguida, encaminhado para a Central de Pol\u00edcia.<\/p>\n<p><strong>PB Agora<\/strong><\/p>\n","protected":false},"excerpt":{"rendered":"<p><img loading=\"lazy\" decoding=\"async\" width=\"439\" height=\"349\" src=\"https:\/\/pbagora.s3.amazonaws.com\/2024\/07\/02093931\/78805a221a988e79ef3f42d7c5bfd418-5.webp\" class=\"attachment-large size-large wp-post-image\" alt=\"\"><\/p>\n<p>Nessa segunda-feira (1\u00ba), um ex-fuzileiro naval norte-americano foi preso em Jo\u00e3o Pessoa, suspeito de depredar uma cabine da\u2026<\/p>\n","protected":false},"author":123457,"featured_media":0,"comment_status":"closed","ping_status":"closed","sticky":false,"template":"","format":"standard","meta":{"advgb_blocks_editor_width":"","advgb_blocks_columns_visual_guide":"","footnotes":""},"categories":[34],"tags":[10841,35,10839],"class_list":["post-48697","post","type-post","status-publish","format-standard","hentry","category-g1","tag-destaque-centro-02","tag-g1","tag-policial"],"author_meta":{"display_name":"Reda\u00e7\u00e3o","author_link":"https:\/\/sindaopcpb.org.br\/author\/redacao\/"},"featured_img":null,"coauthors":[],"tax_additional":{"categories":{"linked":["<a href=\"https:\/\/sindaopcpb.org.br\/g1\/\" class=\"advgb-post-tax-term\">G1<\/a>"],"unlinked":["<span class=\"advgb-post-tax-term\">G1<\/span>"]},"tags":{"linked":["<a href=\"https:\/\/sindaopcpb.org.br\/g1\/\" class=\"advgb-post-tax-term\">Destaque Centro 02<\/a>","<a href=\"https:\/\/sindaopcpb.org.br\/g1\/\" class=\"advgb-post-tax-term\">g1<\/a>","<a href=\"https:\/\/sindaopcpb.org.br\/g1\/\" class=\"advgb-post-tax-term\">Policial<\/a>"],"unlinked":["<span class=\"advgb-post-tax-term\">Destaque Centro 02<\/span>","<span class=\"advgb-post-tax-term\">g1<\/span>","<span class=\"advgb-post-tax-term\">Policial<\/span>"]}},"comment_count":"0","relative_dates":{"created":"Publicado 2 anos atr\u00e1s","modified":"Atualizado 2 anos atr\u00e1s"},"absolute_dates":{"created":"Publicado em 2 de julho de 2024","modified":"Atualizado em 2 de julho de 2024"},"absolute_dates_time":{"created":"Publicado em 2 de julho de 2024 09:39","modified":"Atualizado em 2 de julho de 2024 11:30"},"featured_img_caption":"","series_order":"","_links":{"self":[{"href":"https:\/\/sindaopcpb.org.br\/index.php\/wp-json\/wp\/v2\/posts\/48697","targetHints":{"allow":["GET"]}}],"collection":[{"href":"https:\/\/sindaopcpb.org.br\/index.php\/wp-json\/wp\/v2\/posts"}],"about":[{"href":"https:\/\/sindaopcpb.org.br\/index.php\/wp-json\/wp\/v2\/types\/post"}],"author":[{"embeddable":true,"href":"https:\/\/sindaopcpb.org.br\/index.php\/wp-json\/wp\/v2\/users\/123457"}],"replies":[{"embeddable":true,"href":"https:\/\/sindaopcpb.org.br\/index.php\/wp-json\/wp\/v2\/comments?post=48697"}],"version-history":[{"count":3,"href":"https:\/\/sindaopcpb.org.br\/index.php\/wp-json\/wp\/v2\/posts\/48697\/revisions"}],"predecessor-version":[{"id":48713,"href":"https:\/\/sindaopcpb.org.br\/index.php\/wp-json\/wp\/v2\/posts\/48697\/revisions\/48713"}],"wp:attachment":[{"href":"https:\/\/sindaopcpb.org.br\/index.php\/wp-json\/wp\/v2\/media?parent=48697"}],"wp:term":[{"taxonomy":"category","embeddable":true,"href":"https:\/\/sindaopcpb.org.br\/index.php\/wp-json\/wp\/v2\/categories?post=48697"},{"taxonomy":"post_tag","embeddable":true,"href":"https:\/\/sindaopcpb.org.br\/index.php\/wp-json\/wp\/v2\/tags?post=48697"}],"curies":[{"name":"wp","href":"https:\/\/api.w.org\/{rel}","templated":true}]}}