{"id":48687,"date":"2024-07-02T06:50:43","date_gmt":"2024-07-02T09:50:43","guid":{"rendered":"https:\/\/www.pbagora.com.br\/?p=841651"},"modified":"2024-07-02T06:50:43","modified_gmt":"2024-07-02T09:50:43","slug":"defesa-de-padre-egidio-nega-violacao-de-medida-cautelar-e-alega-falha-no-monitoramento","status":"publish","type":"post","link":"https:\/\/sindaopcpb.org.br\/index.php\/2024\/07\/02\/defesa-de-padre-egidio-nega-violacao-de-medida-cautelar-e-alega-falha-no-monitoramento\/","title":{"rendered":"Defesa de padre Eg\u00eddio nega viola\u00e7\u00e3o de medida cautelar e alega falha no monitoramento"},"content":{"rendered":"<p><img width=\"876\" height=\"585\" src=\"https:\/\/pbagora.s3.amazonaws.com\/2024\/02\/02072055\/padreegidiofotonova.jpeg\" class=\"attachment-large size-large wp-post-image\" alt=\"\" style=\"margin-bottom: 20px;\" decoding=\"async\" srcset=\"https:\/\/pbagora.s3.amazonaws.com\/2024\/02\/02072055\/padreegidiofotonova.jpeg 876w, https:\/\/pbagora.s3.amazonaws.com\/2024\/02\/02072055\/padreegidiofotonova-300x200.jpeg 300w, https:\/\/pbagora.s3.amazonaws.com\/2024\/02\/02072055\/padreegidiofotonova-150x100.jpeg 150w, https:\/\/pbagora.s3.amazonaws.com\/2024\/02\/02072055\/padreegidiofotonova-768x513.jpeg 768w, https:\/\/pbagora.s3.amazonaws.com\/2024\/02\/02072055\/padreegidiofotonova-380x254.jpeg 380w, https:\/\/pbagora.s3.amazonaws.com\/2024\/02\/02072055\/padreegidiofotonova-800x534.jpeg 800w, https:\/\/pbagora.s3.amazonaws.com\/2024\/02\/02072055\/padreegidiofotonova-80x53.jpeg 80w, https:\/\/pbagora.s3.amazonaws.com\/2024\/02\/02072055\/padreegidiofotonova-760x508.jpeg 760w, https:\/\/pbagora.s3.amazonaws.com\/2024\/02\/02072055\/padreegidiofotonova-600x401.jpeg 600w\" sizes=\"(max-width: 876px) 100vw, 876px\" \/><\/p><p>Ap\u00f3s a 4\u00aa Vara Criminal de Jo\u00e3o Pessoa ser informada pelo Centro de Monitoramento de Tornozeleira Eletr\u00f4nica da Secretaria de Administra\u00e7\u00e3o Penitenci\u00e1ria do Estado que o padre Eg\u00eddio de Carvalho teria violado as medidas cautelares impostas pela Justi\u00e7a. A defesa do padre se pronunciou, alegando falha no monitoramento da tornozeleira eletr\u00f4nica.<\/p>\n<p>Ontem de acordo com a den\u00fancia apresentada, o religioso, que est\u00e1 em liberdade, por\u00e9m, cumprindo medida cautelar com o uso de tornozeleira eletr\u00f4nica desde abril, teria deixado sua resid\u00eancia, o que \u00e9 proibido pela Justi\u00e7a. \u201cInformamos a Vossa Excele\u0302ncia que realizamos busca por violac\u0327o\u0303es no peri\u0301odo de 18\/04\/2024 a\u0300 27\/06\/2024 referente ao (a) monitorado (a) EGIDIO DE CARVALHO NETO, filho (a) de Nair Arau\u0301jo de Carvalho e Joaquim Nabuco de Carvalho e o (a) mesmo (a) incorreu em descumprimento das cautelares, saindo da sua zona de inclusa\u0303o no dia 21\/06\/2024 sem apresentar justificativa\u201d, diz o of\u00edcio encaminhado pela Seap \u00e0 4\u00aa Vara Criminal de Jo\u00e3o Pessoa.<\/p>\n<p>A defesa do padre Eg\u00eddio de Carvalho negou, na noite de ontem (1\u00ba), que o religioso tenha quebrado medida cautelar e infringido o uso da tornozeleira eletr\u00f4nica. Segundo a defesa, o padre permaneceu na pris\u00e3o domiciliar durante todo o tempo no dia 21 de junho, data que o monitoramento registrou o que teria sido a sa\u00edda do padre da casa onde se encontra. Os advogados alegam que houve um lapso no monitoramento entre \u00e0s 22h50:33 e 22h51:05 do dia 21. Tamb\u00e9m teria ocorrido outro lapso de monitoramento entre 22h51:05 e 22h52:33.<\/p>\n<p>Ainda segundo seus advogados, o padre Eg\u00eddio de Carvalho vem cumprindo todas as medidas cautelares desde 17 de abril. Eles tamb\u00e9m pediram que sejam requisitadas ao condom\u00ednio Saulo Maia, onde o padre se encontra preso, as c\u00e2meras de monitorando, com data e hor\u00e1rio, para provar que o padre permaneceu no local sem sair de l\u00e1.<\/p>\n<p>Os argumentos da defesa s\u00e3o assinados, no documento, pelos advogados Jos\u00e9 Rawlinson Ferraz e Luciano F. Santoro.<\/p>\n<p>Veja a defesa apresentada pelo Padre:<\/p>\n<p><a href=\"https:\/\/pbagora.s3.amazonaws.com\/2024\/07\/02065030\/Peticao-5_page-0001.jpg\"><img  decoding=\"async\"  class=\"aligncenter size-full wp-image-841654\"  src=\"https:\/\/pbagora.s3.amazonaws.com\/2024\/07\/02065030\/Peticao-5_page-0001.jpg\"  alt=\"\"  width=\"1240\"  height=\"1755\"  srcset=\"https:\/\/pbagora.s3.amazonaws.com\/2024\/07\/02065030\/Peticao-5_page-0001.jpg 1240w, https:\/\/pbagora.s3.amazonaws.com\/2024\/07\/02065030\/Peticao-5_page-0001-212x300.jpg 212w, https:\/\/pbagora.s3.amazonaws.com\/2024\/07\/02065030\/Peticao-5_page-0001-724x1024.jpg 724w, https:\/\/pbagora.s3.amazonaws.com\/2024\/07\/02065030\/Peticao-5_page-0001-106x150.jpg 106w, https:\/\/pbagora.s3.amazonaws.com\/2024\/07\/02065030\/Peticao-5_page-0001-768x1087.jpg 768w, https:\/\/pbagora.s3.amazonaws.com\/2024\/07\/02065030\/Peticao-5_page-0001-1085x1536.jpg 1085w, https:\/\/pbagora.s3.amazonaws.com\/2024\/07\/02065030\/Peticao-5_page-0001-380x538.jpg 380w, https:\/\/pbagora.s3.amazonaws.com\/2024\/07\/02065030\/Peticao-5_page-0001-800x1132.jpg 800w, https:\/\/pbagora.s3.amazonaws.com\/2024\/07\/02065030\/Peticao-5_page-0001-1160x1642.jpg 1160w, https:\/\/pbagora.s3.amazonaws.com\/2024\/07\/02065030\/Peticao-5_page-0001-80x113.jpg 80w, https:\/\/pbagora.s3.amazonaws.com\/2024\/07\/02065030\/Peticao-5_page-0001-57x80.jpg 57w, https:\/\/pbagora.s3.amazonaws.com\/2024\/07\/02065030\/Peticao-5_page-0001-760x1076.jpg 760w, https:\/\/pbagora.s3.amazonaws.com\/2024\/07\/02065030\/Peticao-5_page-0001-424x600.jpg 424w\"  sizes=\"(max-width: 1240px) 100vw, 1240px\" ><\/a><\/p>\n<p>Reda\u00e7\u00e3o<\/p>\n","protected":false},"excerpt":{"rendered":"<p><img loading=\"lazy\" decoding=\"async\" width=\"876\" height=\"585\" src=\"https:\/\/pbagora.s3.amazonaws.com\/2024\/02\/02072055\/padreegidiofotonova.jpeg\" class=\"attachment-large size-large wp-post-image\" alt=\"\"><\/p>\n<p>Ap\u00f3s a 4\u00aa Vara Criminal de Jo\u00e3o Pessoa ser informada pelo Centro de Monitoramento de Tornozeleira Eletr\u00f4nica da\u2026<\/p>\n","protected":false},"author":123457,"featured_media":0,"comment_status":"closed","ping_status":"closed","sticky":false,"template":"","format":"standard","meta":{"advgb_blocks_editor_width":"","advgb_blocks_columns_visual_guide":"","footnotes":""},"categories":[34],"tags":[10845,35,10839],"class_list":["post-48687","post","type-post","status-publish","format-standard","hentry","category-g1","tag-destaque-centro-01","tag-g1","tag-policial"],"author_meta":{"display_name":"Reda\u00e7\u00e3o","author_link":"https:\/\/sindaopcpb.org.br\/author\/redacao\/"},"featured_img":null,"coauthors":[],"tax_additional":{"categories":{"linked":["<a href=\"https:\/\/sindaopcpb.org.br\/g1\/\" class=\"advgb-post-tax-term\">G1<\/a>"],"unlinked":["<span class=\"advgb-post-tax-term\">G1<\/span>"]},"tags":{"linked":["<a href=\"https:\/\/sindaopcpb.org.br\/g1\/\" class=\"advgb-post-tax-term\">Destaque Centro 01<\/a>","<a href=\"https:\/\/sindaopcpb.org.br\/g1\/\" class=\"advgb-post-tax-term\">g1<\/a>","<a href=\"https:\/\/sindaopcpb.org.br\/g1\/\" class=\"advgb-post-tax-term\">Policial<\/a>"],"unlinked":["<span class=\"advgb-post-tax-term\">Destaque Centro 01<\/span>","<span class=\"advgb-post-tax-term\">g1<\/span>","<span class=\"advgb-post-tax-term\">Policial<\/span>"]}},"comment_count":"0","relative_dates":{"created":"Publicado 2 anos atr\u00e1s","modified":"Atualizado 2 anos atr\u00e1s"},"absolute_dates":{"created":"Publicado em 2 de julho de 2024","modified":"Atualizado em 2 de julho de 2024"},"absolute_dates_time":{"created":"Publicado em 2 de julho de 2024 06:50","modified":"Atualizado em 2 de julho de 2024 06:50"},"featured_img_caption":"","series_order":"","_links":{"self":[{"href":"https:\/\/sindaopcpb.org.br\/index.php\/wp-json\/wp\/v2\/posts\/48687","targetHints":{"allow":["GET"]}}],"collection":[{"href":"https:\/\/sindaopcpb.org.br\/index.php\/wp-json\/wp\/v2\/posts"}],"about":[{"href":"https:\/\/sindaopcpb.org.br\/index.php\/wp-json\/wp\/v2\/types\/post"}],"author":[{"embeddable":true,"href":"https:\/\/sindaopcpb.org.br\/index.php\/wp-json\/wp\/v2\/users\/123457"}],"replies":[{"embeddable":true,"href":"https:\/\/sindaopcpb.org.br\/index.php\/wp-json\/wp\/v2\/comments?post=48687"}],"version-history":[{"count":3,"href":"https:\/\/sindaopcpb.org.br\/index.php\/wp-json\/wp\/v2\/posts\/48687\/revisions"}],"predecessor-version":[{"id":48704,"href":"https:\/\/sindaopcpb.org.br\/index.php\/wp-json\/wp\/v2\/posts\/48687\/revisions\/48704"}],"wp:attachment":[{"href":"https:\/\/sindaopcpb.org.br\/index.php\/wp-json\/wp\/v2\/media?parent=48687"}],"wp:term":[{"taxonomy":"category","embeddable":true,"href":"https:\/\/sindaopcpb.org.br\/index.php\/wp-json\/wp\/v2\/categories?post=48687"},{"taxonomy":"post_tag","embeddable":true,"href":"https:\/\/sindaopcpb.org.br\/index.php\/wp-json\/wp\/v2\/tags?post=48687"}],"curies":[{"name":"wp","href":"https:\/\/api.w.org\/{rel}","templated":true}]}}