{"id":48683,"date":"2024-07-01T19:20:58","date_gmt":"2024-07-01T22:20:58","guid":{"rendered":"https:\/\/www.pbagora.com.br\/?p=841623"},"modified":"2024-07-01T19:20:58","modified_gmt":"2024-07-01T22:20:58","slug":"usando-tornozeleira-eletronica-padre-egidio-de-carvalho-viola-medida-cautelar-aponta-seap","status":"publish","type":"post","link":"https:\/\/sindaopcpb.org.br\/index.php\/2024\/07\/01\/usando-tornozeleira-eletronica-padre-egidio-de-carvalho-viola-medida-cautelar-aponta-seap\/","title":{"rendered":"Usando tornozeleira eletr\u00f4nica, padre Eg\u00eddio de Carvalho viola medida cautelar, aponta Seap"},"content":{"rendered":"<p><img width=\"876\" height=\"585\" src=\"https:\/\/pbagora.s3.amazonaws.com\/2024\/02\/02072055\/padreegidiofotonova.jpeg\" class=\"attachment-large size-large wp-post-image\" alt=\"\" style=\"margin-bottom: 20px;\" decoding=\"async\" srcset=\"https:\/\/pbagora.s3.amazonaws.com\/2024\/02\/02072055\/padreegidiofotonova.jpeg 876w, https:\/\/pbagora.s3.amazonaws.com\/2024\/02\/02072055\/padreegidiofotonova-300x200.jpeg 300w, https:\/\/pbagora.s3.amazonaws.com\/2024\/02\/02072055\/padreegidiofotonova-150x100.jpeg 150w, https:\/\/pbagora.s3.amazonaws.com\/2024\/02\/02072055\/padreegidiofotonova-768x513.jpeg 768w, https:\/\/pbagora.s3.amazonaws.com\/2024\/02\/02072055\/padreegidiofotonova-380x254.jpeg 380w, https:\/\/pbagora.s3.amazonaws.com\/2024\/02\/02072055\/padreegidiofotonova-800x534.jpeg 800w, https:\/\/pbagora.s3.amazonaws.com\/2024\/02\/02072055\/padreegidiofotonova-80x53.jpeg 80w, https:\/\/pbagora.s3.amazonaws.com\/2024\/02\/02072055\/padreegidiofotonova-760x508.jpeg 760w, https:\/\/pbagora.s3.amazonaws.com\/2024\/02\/02072055\/padreegidiofotonova-600x401.jpeg 600w\" sizes=\"(max-width: 876px) 100vw, 876px\" \/><\/p><p>A 4\u00aa Vara Criminal de Jo\u00e3o Pessoa foi informada pelo Centro de Monitoramento de Tornozeleira Eletr\u00f4nica da Secretaria de Administra\u00e7\u00e3o Penitenci\u00e1ria do Estado que o padre Eg\u00eddio de Carvalho teria violado as medidas cautelares impostas pela Justi\u00e7a.<\/p>\n<p>De acordo com a den\u00fancia apresentada, o religioso, que est\u00e1 em liberdade, por\u00e9m, cumprindo medida cautelar com o uso de tornozeleira eletr\u00f4nica desde abril, teria deixado sua resid\u00eancia, o que \u00e9 proibido pela Justi\u00e7a.<\/p>\n<p>Conforme informa\u00e7\u00f5es divulgadas pelo Blog Wallison Bezerra, Padre Eg\u00eddio, no dia 21 de junho, teria sa\u00eddo de seu apartamento, no bairro de Cabo Branco, e, supostamente, caminhou pela orla da Capital. Antes, o padre s\u00f3 havia deixado sua resid\u00eancia para ir a consultas m\u00e9dicas e as justificou apresentando atestados.<\/p>\n<p><img  decoding=\"async\"  class=\"aligncenter wp-image-841626 size-full\"  src=\"https:\/\/pbagora.s3.amazonaws.com\/2024\/07\/01191906\/SEAP-Padre-Egidio.jpg\"  alt=\"\"  width=\"566\"  height=\"389\"  srcset=\"https:\/\/pbagora.s3.amazonaws.com\/2024\/07\/01191906\/SEAP-Padre-Egidio.jpg 566w, https:\/\/pbagora.s3.amazonaws.com\/2024\/07\/01191906\/SEAP-Padre-Egidio-300x206.jpg 300w, https:\/\/pbagora.s3.amazonaws.com\/2024\/07\/01191906\/SEAP-Padre-Egidio-150x103.jpg 150w, https:\/\/pbagora.s3.amazonaws.com\/2024\/07\/01191906\/SEAP-Padre-Egidio-380x261.jpg 380w, https:\/\/pbagora.s3.amazonaws.com\/2024\/07\/01191906\/SEAP-Padre-Egidio-80x55.jpg 80w\"  sizes=\"(max-width: 566px) 100vw, 566px\" ><\/p>\n<p>\u201cInformamos a Vossa Excele\u0302ncia que realizamos busca por violac\u0327o\u0303es no peri\u0301odo de 18\/04\/2024 a\u0300 27\/06\/2024 referente ao (a) monitorado (a) EGIDIO DE CARVALHO NETO, filho (a) de Nair Arau\u0301jo de Carvalho e Joaquim Nabuco de Carvalho e o (a) mesmo (a) incorreu em descumprimento das cautelares, saindo da sua zona de inclusa\u0303o no dia 21\/06\/2024 sem apresentar justificativa\u201d, diz o of\u00edcio encaminhado pela Seap \u00e0 4\u00aa Vara Criminal de Jo\u00e3o Pessoa.<\/p>\n<p>Com base nas informa\u00e7\u00f5es recebidas do Estado, o magistrado Jose\u0301 Guedes Cavalcanti Neto aguarda agora a manifesta\u00e7\u00e3o do MPPB.<\/p>\n<p>&nbsp;<\/p>\n<p><em><strong>PB Agora<\/strong><br \/>\n<\/em>com informa\u00e7\u00f5es do Blog Wallison Bezerra<\/p>\n","protected":false},"excerpt":{"rendered":"<p><img loading=\"lazy\" decoding=\"async\" width=\"876\" height=\"585\" src=\"https:\/\/pbagora.s3.amazonaws.com\/2024\/02\/02072055\/padreegidiofotonova.jpeg\" class=\"attachment-large size-large wp-post-image\" alt=\"\"><\/p>\n<p>A 4\u00aa Vara Criminal de Jo\u00e3o Pessoa foi informada pelo Centro de Monitoramento de Tornozeleira Eletr\u00f4nica da Secretaria\u2026<\/p>\n","protected":false},"author":123457,"featured_media":0,"comment_status":"closed","ping_status":"closed","sticky":false,"template":"","format":"standard","meta":{"advgb_blocks_editor_width":"","advgb_blocks_columns_visual_guide":"","footnotes":""},"categories":[34],"tags":[35,10839,10843],"class_list":["post-48683","post","type-post","status-publish","format-standard","hentry","category-g1","tag-g1","tag-policial","tag-principal1"],"author_meta":{"display_name":"Reda\u00e7\u00e3o","author_link":"https:\/\/sindaopcpb.org.br\/author\/redacao\/"},"featured_img":null,"coauthors":[],"tax_additional":{"categories":{"linked":["<a href=\"https:\/\/sindaopcpb.org.br\/g1\/\" class=\"advgb-post-tax-term\">G1<\/a>"],"unlinked":["<span class=\"advgb-post-tax-term\">G1<\/span>"]},"tags":{"linked":["<a href=\"https:\/\/sindaopcpb.org.br\/g1\/\" class=\"advgb-post-tax-term\">g1<\/a>","<a href=\"https:\/\/sindaopcpb.org.br\/g1\/\" class=\"advgb-post-tax-term\">Policial<\/a>","<a href=\"https:\/\/sindaopcpb.org.br\/g1\/\" class=\"advgb-post-tax-term\">Principal1<\/a>"],"unlinked":["<span class=\"advgb-post-tax-term\">g1<\/span>","<span class=\"advgb-post-tax-term\">Policial<\/span>","<span class=\"advgb-post-tax-term\">Principal1<\/span>"]}},"comment_count":"0","relative_dates":{"created":"Publicado 2 anos atr\u00e1s","modified":"Atualizado 2 anos atr\u00e1s"},"absolute_dates":{"created":"Publicado em 1 de julho de 2024","modified":"Atualizado em 1 de julho de 2024"},"absolute_dates_time":{"created":"Publicado em 1 de julho de 2024 19:20","modified":"Atualizado em 1 de julho de 2024 19:20"},"featured_img_caption":"","series_order":"","_links":{"self":[{"href":"https:\/\/sindaopcpb.org.br\/index.php\/wp-json\/wp\/v2\/posts\/48683","targetHints":{"allow":["GET"]}}],"collection":[{"href":"https:\/\/sindaopcpb.org.br\/index.php\/wp-json\/wp\/v2\/posts"}],"about":[{"href":"https:\/\/sindaopcpb.org.br\/index.php\/wp-json\/wp\/v2\/types\/post"}],"author":[{"embeddable":true,"href":"https:\/\/sindaopcpb.org.br\/index.php\/wp-json\/wp\/v2\/users\/123457"}],"replies":[{"embeddable":true,"href":"https:\/\/sindaopcpb.org.br\/index.php\/wp-json\/wp\/v2\/comments?post=48683"}],"version-history":[{"count":2,"href":"https:\/\/sindaopcpb.org.br\/index.php\/wp-json\/wp\/v2\/posts\/48683\/revisions"}],"predecessor-version":[{"id":48692,"href":"https:\/\/sindaopcpb.org.br\/index.php\/wp-json\/wp\/v2\/posts\/48683\/revisions\/48692"}],"wp:attachment":[{"href":"https:\/\/sindaopcpb.org.br\/index.php\/wp-json\/wp\/v2\/media?parent=48683"}],"wp:term":[{"taxonomy":"category","embeddable":true,"href":"https:\/\/sindaopcpb.org.br\/index.php\/wp-json\/wp\/v2\/categories?post=48683"},{"taxonomy":"post_tag","embeddable":true,"href":"https:\/\/sindaopcpb.org.br\/index.php\/wp-json\/wp\/v2\/tags?post=48683"}],"curies":[{"name":"wp","href":"https:\/\/api.w.org\/{rel}","templated":true}]}}