{"id":48672,"date":"2024-07-01T12:40:25","date_gmt":"2024-07-01T15:40:25","guid":{"rendered":"https:\/\/www.pbagora.com.br\/?p=841465"},"modified":"2024-07-01T12:40:25","modified_gmt":"2024-07-01T15:40:25","slug":"idoso-em-situacao-de-abandono-e-resgatado-em-joao-pessoa-pela-operacao-virtude","status":"publish","type":"post","link":"https:\/\/sindaopcpb.org.br\/index.php\/2024\/07\/01\/idoso-em-situacao-de-abandono-e-resgatado-em-joao-pessoa-pela-operacao-virtude\/","title":{"rendered":"Idoso em situa\u00e7\u00e3o de abandono \u00e9 resgatado em Jo\u00e3o Pessoa pela Opera\u00e7\u00e3o Virtude"},"content":{"rendered":"<p><img width=\"768\" height=\"445\" src=\"https:\/\/pbagora.s3.amazonaws.com\/2024\/07\/01115302\/violencia-contra-o-idoso-768x445-1.jpg\" class=\"attachment-large size-large wp-post-image\" alt=\"\" style=\"margin-bottom: 20px;\" decoding=\"async\" loading=\"lazy\" srcset=\"https:\/\/pbagora.s3.amazonaws.com\/2024\/07\/01115302\/violencia-contra-o-idoso-768x445-1.jpg 768w, https:\/\/pbagora.s3.amazonaws.com\/2024\/07\/01115302\/violencia-contra-o-idoso-768x445-1-300x174.jpg 300w, https:\/\/pbagora.s3.amazonaws.com\/2024\/07\/01115302\/violencia-contra-o-idoso-768x445-1-150x87.jpg 150w, https:\/\/pbagora.s3.amazonaws.com\/2024\/07\/01115302\/violencia-contra-o-idoso-768x445-1-380x220.jpg 380w, https:\/\/pbagora.s3.amazonaws.com\/2024\/07\/01115302\/violencia-contra-o-idoso-768x445-1-80x46.jpg 80w, https:\/\/pbagora.s3.amazonaws.com\/2024\/07\/01115302\/violencia-contra-o-idoso-768x445-1-760x440.jpg 760w, https:\/\/pbagora.s3.amazonaws.com\/2024\/07\/01115302\/violencia-contra-o-idoso-768x445-1-600x348.jpg 600w\" sizes=\"(max-width: 768px) 100vw, 768px\" \/><\/p><p data-sourcepos=\"3:1-3:31\">Mais um caso de abandono de idoso foi flagrado e solucionado pela Opera\u00e7\u00e3o Virtude 2024, uma iniciativa conjunta da Pol\u00edcia Civil e do Corpo de Bombeiros da Para\u00edba. A v\u00edtima, encontrada em um pr\u00e9dio no bairro de Tambi\u00e1, em Jo\u00e3o Pessoa, estava em situa\u00e7\u00e3o prec\u00e1ria e necessitando de cuidados urgentes.<\/p>\n<p data-sourcepos=\"5:1-5:77\">A a\u00e7\u00e3o teve in\u00edcio ap\u00f3s den\u00fancia recebida no Disque 100, servi\u00e7o de utilidade p\u00fablica do Minist\u00e9rio dos Direitos Humanos e da Cidadania. A Pol\u00edcia Civil, respons\u00e1vel pelas investiga\u00e7\u00f5es, confirmou a veracidade das informa\u00e7\u00f5es e rapidamente mobilizou equipes para o local.<\/p>\n<p data-sourcepos=\"7:1-7:256\">Na manh\u00e3 da \u00faltima sexta-feira (28), policiais e bombeiros militares se dirigiram ao endere\u00e7o indicado, deparando-se com um cen\u00e1rio preocupante. O idoso vivia em um ambiente insalubre, sem as m\u00ednimas condi\u00e7\u00f5es de habitabilidade. Uma mulher, que se apresentou como cuidadora, n\u00e3o portava os documentos da v\u00edtima no momento da abordagem.<\/p>\n<p data-sourcepos=\"9:1-9:313\">Diante das circunst\u00e2ncias, tanto a mulher quanto o propriet\u00e1rio do pr\u00e9dio foram intimados a comparecer \u00e0 Delegacia de Pol\u00edcia para prestar esclarecimentos sobre o caso. J\u00e1 o idoso, resgatado da situa\u00e7\u00e3o de abandono, foi encaminhado para um abrigo especializado, onde receber\u00e1 os cuidados adequados \u00e0 sua condi\u00e7\u00e3o.<\/p>\n","protected":false},"excerpt":{"rendered":"<p><img decoding=\"async\" width=\"768\" height=\"445\" src=\"https:\/\/pbagora.s3.amazonaws.com\/2024\/07\/01115302\/violencia-contra-o-idoso-768x445-1.jpg\" class=\"attachment-large size-large wp-post-image\" alt=\"\" loading=\"lazy\"><\/p>\n<p>Mais um caso de abandono de idoso foi flagrado e solucionado pela Opera\u00e7\u00e3o Virtude 2024, uma iniciativa conjunta\u2026<\/p>\n","protected":false},"author":123458,"featured_media":0,"comment_status":"closed","ping_status":"closed","sticky":false,"template":"","format":"standard","meta":{"advgb_blocks_editor_width":"","advgb_blocks_columns_visual_guide":"","footnotes":""},"categories":[34],"tags":[10845,35,10839],"class_list":["post-48672","post","type-post","status-publish","format-standard","hentry","category-g1","tag-destaque-centro-01","tag-g1","tag-policial"],"author_meta":{"display_name":"Feliphe Rojas","author_link":"https:\/\/sindaopcpb.org.br\/author\/feliphe-rojas\/"},"featured_img":null,"coauthors":[],"tax_additional":{"categories":{"linked":["<a href=\"https:\/\/sindaopcpb.org.br\/g1\/\" class=\"advgb-post-tax-term\">G1<\/a>"],"unlinked":["<span class=\"advgb-post-tax-term\">G1<\/span>"]},"tags":{"linked":["<a href=\"https:\/\/sindaopcpb.org.br\/g1\/\" class=\"advgb-post-tax-term\">Destaque Centro 01<\/a>","<a href=\"https:\/\/sindaopcpb.org.br\/g1\/\" class=\"advgb-post-tax-term\">g1<\/a>","<a href=\"https:\/\/sindaopcpb.org.br\/g1\/\" class=\"advgb-post-tax-term\">Policial<\/a>"],"unlinked":["<span class=\"advgb-post-tax-term\">Destaque Centro 01<\/span>","<span class=\"advgb-post-tax-term\">g1<\/span>","<span class=\"advgb-post-tax-term\">Policial<\/span>"]}},"comment_count":"0","relative_dates":{"created":"Publicado 2 anos atr\u00e1s","modified":"Atualizado 2 anos atr\u00e1s"},"absolute_dates":{"created":"Publicado em 1 de julho de 2024","modified":"Atualizado em 1 de julho de 2024"},"absolute_dates_time":{"created":"Publicado em 1 de julho de 2024 12:40","modified":"Atualizado em 1 de julho de 2024 12:40"},"featured_img_caption":"","series_order":"","_links":{"self":[{"href":"https:\/\/sindaopcpb.org.br\/index.php\/wp-json\/wp\/v2\/posts\/48672","targetHints":{"allow":["GET"]}}],"collection":[{"href":"https:\/\/sindaopcpb.org.br\/index.php\/wp-json\/wp\/v2\/posts"}],"about":[{"href":"https:\/\/sindaopcpb.org.br\/index.php\/wp-json\/wp\/v2\/types\/post"}],"author":[{"embeddable":true,"href":"https:\/\/sindaopcpb.org.br\/index.php\/wp-json\/wp\/v2\/users\/123458"}],"replies":[{"embeddable":true,"href":"https:\/\/sindaopcpb.org.br\/index.php\/wp-json\/wp\/v2\/comments?post=48672"}],"version-history":[{"count":1,"href":"https:\/\/sindaopcpb.org.br\/index.php\/wp-json\/wp\/v2\/posts\/48672\/revisions"}],"predecessor-version":[{"id":48673,"href":"https:\/\/sindaopcpb.org.br\/index.php\/wp-json\/wp\/v2\/posts\/48672\/revisions\/48673"}],"wp:attachment":[{"href":"https:\/\/sindaopcpb.org.br\/index.php\/wp-json\/wp\/v2\/media?parent=48672"}],"wp:term":[{"taxonomy":"category","embeddable":true,"href":"https:\/\/sindaopcpb.org.br\/index.php\/wp-json\/wp\/v2\/categories?post=48672"},{"taxonomy":"post_tag","embeddable":true,"href":"https:\/\/sindaopcpb.org.br\/index.php\/wp-json\/wp\/v2\/tags?post=48672"}],"curies":[{"name":"wp","href":"https:\/\/api.w.org\/{rel}","templated":true}]}}