{"id":48650,"date":"2024-07-01T09:28:29","date_gmt":"2024-07-01T12:28:29","guid":{"rendered":"https:\/\/www.pbagora.com.br\/?p=841384"},"modified":"2024-07-01T11:20:29","modified_gmt":"2024-07-01T14:20:29","slug":"homem-tenta-matar-a-mae-a-facadas-em-santa-rita-na-grande-joao-pessoa","status":"publish","type":"post","link":"https:\/\/sindaopcpb.org.br\/index.php\/2024\/07\/01\/homem-tenta-matar-a-mae-a-facadas-em-santa-rita-na-grande-joao-pessoa\/","title":{"rendered":"Homem tenta matar a m\u00e3e a facadas em Santa Rita, na Grande Jo\u00e3o Pessoa"},"content":{"rendered":"<p><img width=\"687\" height=\"463\" src=\"https:\/\/pbagora.s3.amazonaws.com\/2023\/01\/20073105\/csm_viatura_parque_do_sol_ae87aac3b9.jpeg\" class=\"attachment-large size-large wp-post-image\" alt=\"\" style=\"margin-bottom: 20px;\" decoding=\"async\" loading=\"lazy\" srcset=\"https:\/\/pbagora.s3.amazonaws.com\/2023\/01\/20073105\/csm_viatura_parque_do_sol_ae87aac3b9.jpeg 687w, https:\/\/pbagora.s3.amazonaws.com\/2023\/01\/20073105\/csm_viatura_parque_do_sol_ae87aac3b9-300x202.jpeg 300w, https:\/\/pbagora.s3.amazonaws.com\/2023\/01\/20073105\/csm_viatura_parque_do_sol_ae87aac3b9-150x101.jpeg 150w, https:\/\/pbagora.s3.amazonaws.com\/2023\/01\/20073105\/csm_viatura_parque_do_sol_ae87aac3b9-380x256.jpeg 380w, https:\/\/pbagora.s3.amazonaws.com\/2023\/01\/20073105\/csm_viatura_parque_do_sol_ae87aac3b9-80x54.jpeg 80w, https:\/\/pbagora.s3.amazonaws.com\/2023\/01\/20073105\/csm_viatura_parque_do_sol_ae87aac3b9-600x404.jpeg 600w\" sizes=\"(max-width: 687px) 100vw, 687px\" \/><\/p><p>Um homem foi preso suspeito de esfaquear sua m\u00e3e, de 45 anos, nesse domingo (30), em Santa Rita, Regi\u00e3o Metropolitana de Jo\u00e3o Pessoa.<\/p>\n<p>A tentativa de homic\u00eddio ocorreu dentro de casa, quando, de acordo com a investiga\u00e7\u00e3o, o homem teve um surto e feriu a m\u00e3e tr\u00eas vezes.<\/p>\n<p>A mulher desmaiou e foi socorrida pelo Servi\u00e7o de Atendimento M\u00f3vel de Urg\u00eancia (Samu), sendo levada ao Hospital de Emerg\u00eancia e Trauma Senador Humberto Lucena, em Jo\u00e3o Pessoa.<\/p>\n<p>Segundo o boletim m\u00e9dico divulgado nesta segunda-feira (01), a v\u00edtima est\u00e1 internada em estado est\u00e1vel.<\/p>\n<p>Ap\u00f3s o ataque, o suspeito fugiu, mas foi localizado e preso pela pol\u00edcia. Ele foi levado para a Cidade da Pol\u00edcia, no Geisel.<\/p>\n<p><strong>PB Agora<\/strong><\/p>\n","protected":false},"excerpt":{"rendered":"<p><img decoding=\"async\" width=\"687\" height=\"463\" src=\"https:\/\/pbagora.s3.amazonaws.com\/2023\/01\/20073105\/csm_viatura_parque_do_sol_ae87aac3b9.jpeg\" class=\"attachment-large size-large wp-post-image\" alt=\"\" loading=\"lazy\"><\/p>\n<p>Um homem foi preso suspeito de esfaquear sua m\u00e3e, de 45 anos, nesse domingo (30), em Santa Rita,\u2026<\/p>\n","protected":false},"author":123457,"featured_media":0,"comment_status":"closed","ping_status":"closed","sticky":false,"template":"","format":"standard","meta":{"advgb_blocks_editor_width":"","advgb_blocks_columns_visual_guide":"","footnotes":""},"categories":[34],"tags":[10841,35,10839],"class_list":["post-48650","post","type-post","status-publish","format-standard","hentry","category-g1","tag-destaque-centro-02","tag-g1","tag-policial"],"author_meta":{"display_name":"Reda\u00e7\u00e3o","author_link":"https:\/\/sindaopcpb.org.br\/author\/redacao\/"},"featured_img":null,"coauthors":[],"tax_additional":{"categories":{"linked":["<a href=\"https:\/\/sindaopcpb.org.br\/g1\/\" class=\"advgb-post-tax-term\">G1<\/a>"],"unlinked":["<span class=\"advgb-post-tax-term\">G1<\/span>"]},"tags":{"linked":["<a href=\"https:\/\/sindaopcpb.org.br\/g1\/\" class=\"advgb-post-tax-term\">Destaque Centro 02<\/a>","<a href=\"https:\/\/sindaopcpb.org.br\/g1\/\" class=\"advgb-post-tax-term\">g1<\/a>","<a href=\"https:\/\/sindaopcpb.org.br\/g1\/\" class=\"advgb-post-tax-term\">Policial<\/a>"],"unlinked":["<span class=\"advgb-post-tax-term\">Destaque Centro 02<\/span>","<span class=\"advgb-post-tax-term\">g1<\/span>","<span class=\"advgb-post-tax-term\">Policial<\/span>"]}},"comment_count":"0","relative_dates":{"created":"Publicado 2 anos atr\u00e1s","modified":"Atualizado 2 anos atr\u00e1s"},"absolute_dates":{"created":"Publicado em 1 de julho de 2024","modified":"Atualizado em 1 de julho de 2024"},"absolute_dates_time":{"created":"Publicado em 1 de julho de 2024 09:28","modified":"Atualizado em 1 de julho de 2024 11:20"},"featured_img_caption":"","series_order":"","_links":{"self":[{"href":"https:\/\/sindaopcpb.org.br\/index.php\/wp-json\/wp\/v2\/posts\/48650","targetHints":{"allow":["GET"]}}],"collection":[{"href":"https:\/\/sindaopcpb.org.br\/index.php\/wp-json\/wp\/v2\/posts"}],"about":[{"href":"https:\/\/sindaopcpb.org.br\/index.php\/wp-json\/wp\/v2\/types\/post"}],"author":[{"embeddable":true,"href":"https:\/\/sindaopcpb.org.br\/index.php\/wp-json\/wp\/v2\/users\/123457"}],"replies":[{"embeddable":true,"href":"https:\/\/sindaopcpb.org.br\/index.php\/wp-json\/wp\/v2\/comments?post=48650"}],"version-history":[{"count":2,"href":"https:\/\/sindaopcpb.org.br\/index.php\/wp-json\/wp\/v2\/posts\/48650\/revisions"}],"predecessor-version":[{"id":48660,"href":"https:\/\/sindaopcpb.org.br\/index.php\/wp-json\/wp\/v2\/posts\/48650\/revisions\/48660"}],"wp:attachment":[{"href":"https:\/\/sindaopcpb.org.br\/index.php\/wp-json\/wp\/v2\/media?parent=48650"}],"wp:term":[{"taxonomy":"category","embeddable":true,"href":"https:\/\/sindaopcpb.org.br\/index.php\/wp-json\/wp\/v2\/categories?post=48650"},{"taxonomy":"post_tag","embeddable":true,"href":"https:\/\/sindaopcpb.org.br\/index.php\/wp-json\/wp\/v2\/tags?post=48650"}],"curies":[{"name":"wp","href":"https:\/\/api.w.org\/{rel}","templated":true}]}}