{"id":48609,"date":"2024-06-29T08:29:22","date_gmt":"2024-06-29T11:29:22","guid":{"rendered":"https:\/\/www.pbagora.com.br\/?p=841152"},"modified":"2024-06-29T17:29:22","modified_gmt":"2024-06-29T20:29:22","slug":"adolescente-de-15-anos-morre-vitima-de-choque-eletrico-em-mangabeira","status":"publish","type":"post","link":"https:\/\/sindaopcpb.org.br\/index.php\/2024\/06\/29\/adolescente-de-15-anos-morre-vitima-de-choque-eletrico-em-mangabeira\/","title":{"rendered":"Adolescente de 15 anos morre v\u00edtima de choque el\u00e9trico em Mangabeira"},"content":{"rendered":"<p><img width=\"984\" height=\"554\" src=\"https:\/\/pbagora.s3.amazonaws.com\/2024\/06\/10103134\/trauma.webp\" class=\"attachment-large size-large wp-post-image\" alt=\"\" style=\"margin-bottom: 20px;\" decoding=\"async\" loading=\"lazy\" srcset=\"https:\/\/pbagora.s3.amazonaws.com\/2024\/06\/10103134\/trauma.webp 984w, https:\/\/pbagora.s3.amazonaws.com\/2024\/06\/10103134\/trauma-300x169.webp 300w, https:\/\/pbagora.s3.amazonaws.com\/2024\/06\/10103134\/trauma-150x84.webp 150w, https:\/\/pbagora.s3.amazonaws.com\/2024\/06\/10103134\/trauma-768x432.webp 768w, https:\/\/pbagora.s3.amazonaws.com\/2024\/06\/10103134\/trauma-380x214.webp 380w, https:\/\/pbagora.s3.amazonaws.com\/2024\/06\/10103134\/trauma-800x450.webp 800w, https:\/\/pbagora.s3.amazonaws.com\/2024\/06\/10103134\/trauma-80x46.webp 80w, https:\/\/pbagora.s3.amazonaws.com\/2024\/06\/10103134\/trauma-760x428.webp 760w, https:\/\/pbagora.s3.amazonaws.com\/2024\/06\/10103134\/trauma-600x338.webp 600w\" sizes=\"(max-width: 984px) 100vw, 984px\" \/><\/p><p>Um adolescente de 15 anos morreu nesta sexta-feira (28) ap\u00f3s sofrer um choque el\u00e9trico em Mangabeira, na Zona Sul de Jo\u00e3o Pessoa.<\/p>\n<p>A v\u00edtima foi socorrida por uma ambul\u00e2ncia do Servi\u00e7o de Atendimento M\u00f3vel de Urg\u00eancia (Samu) e levada ao Hospital de Emerg\u00eancia e Trauma Senador Humberto Lucena, na capital, mas j\u00e1 chegou ao hospital sem vida.<\/p>\n<p>O fato ocorreu na Comunidade Aratu. Uma unidade de suporte avan\u00e7ado do Samu foi enviada ao local e conseguiu reanimar e entubar o adolescente, no entanto, ele n\u00e3o resistiu durante o trajeto para o hospital.<\/p>\n<p>A causa do acidente ainda est\u00e1 sendo investigada.<\/p>\n<p><strong>PB Agora<\/strong><\/p>\n","protected":false},"excerpt":{"rendered":"<p><img decoding=\"async\" width=\"984\" height=\"554\" src=\"https:\/\/pbagora.s3.amazonaws.com\/2024\/06\/10103134\/trauma.webp\" class=\"attachment-large size-large wp-post-image\" alt=\"\" loading=\"lazy\"><\/p>\n<p>Um adolescente de 15 anos morreu nesta sexta-feira (28) ap\u00f3s sofrer um choque el\u00e9trico em Mangabeira, na Zona\u2026<\/p>\n","protected":false},"author":123457,"featured_media":0,"comment_status":"closed","ping_status":"closed","sticky":false,"template":"","format":"standard","meta":{"advgb_blocks_editor_width":"","advgb_blocks_columns_visual_guide":"","footnotes":""},"categories":[34],"tags":[35,10839,10847],"class_list":["post-48609","post","type-post","status-publish","format-standard","hentry","category-g1","tag-g1","tag-policial","tag-rodape-03"],"author_meta":{"display_name":"Reda\u00e7\u00e3o","author_link":"https:\/\/sindaopcpb.org.br\/author\/redacao\/"},"featured_img":null,"coauthors":[],"tax_additional":{"categories":{"linked":["<a href=\"https:\/\/sindaopcpb.org.br\/g1\/\" class=\"advgb-post-tax-term\">G1<\/a>"],"unlinked":["<span class=\"advgb-post-tax-term\">G1<\/span>"]},"tags":{"linked":["<a href=\"https:\/\/sindaopcpb.org.br\/g1\/\" class=\"advgb-post-tax-term\">g1<\/a>","<a href=\"https:\/\/sindaopcpb.org.br\/g1\/\" class=\"advgb-post-tax-term\">Policial<\/a>","<a href=\"https:\/\/sindaopcpb.org.br\/g1\/\" class=\"advgb-post-tax-term\">Rodape 03<\/a>"],"unlinked":["<span class=\"advgb-post-tax-term\">g1<\/span>","<span class=\"advgb-post-tax-term\">Policial<\/span>","<span class=\"advgb-post-tax-term\">Rodape 03<\/span>"]}},"comment_count":"0","relative_dates":{"created":"Publicado 2 anos atr\u00e1s","modified":"Atualizado 2 anos atr\u00e1s"},"absolute_dates":{"created":"Publicado em 29 de junho de 2024","modified":"Atualizado em 29 de junho de 2024"},"absolute_dates_time":{"created":"Publicado em 29 de junho de 2024 08:29","modified":"Atualizado em 29 de junho de 2024 17:29"},"featured_img_caption":"","series_order":"","_links":{"self":[{"href":"https:\/\/sindaopcpb.org.br\/index.php\/wp-json\/wp\/v2\/posts\/48609","targetHints":{"allow":["GET"]}}],"collection":[{"href":"https:\/\/sindaopcpb.org.br\/index.php\/wp-json\/wp\/v2\/posts"}],"about":[{"href":"https:\/\/sindaopcpb.org.br\/index.php\/wp-json\/wp\/v2\/types\/post"}],"author":[{"embeddable":true,"href":"https:\/\/sindaopcpb.org.br\/index.php\/wp-json\/wp\/v2\/users\/123457"}],"replies":[{"embeddable":true,"href":"https:\/\/sindaopcpb.org.br\/index.php\/wp-json\/wp\/v2\/comments?post=48609"}],"version-history":[{"count":4,"href":"https:\/\/sindaopcpb.org.br\/index.php\/wp-json\/wp\/v2\/posts\/48609\/revisions"}],"predecessor-version":[{"id":48634,"href":"https:\/\/sindaopcpb.org.br\/index.php\/wp-json\/wp\/v2\/posts\/48609\/revisions\/48634"}],"wp:attachment":[{"href":"https:\/\/sindaopcpb.org.br\/index.php\/wp-json\/wp\/v2\/media?parent=48609"}],"wp:term":[{"taxonomy":"category","embeddable":true,"href":"https:\/\/sindaopcpb.org.br\/index.php\/wp-json\/wp\/v2\/categories?post=48609"},{"taxonomy":"post_tag","embeddable":true,"href":"https:\/\/sindaopcpb.org.br\/index.php\/wp-json\/wp\/v2\/tags?post=48609"}],"curies":[{"name":"wp","href":"https:\/\/api.w.org\/{rel}","templated":true}]}}