{"id":48606,"date":"2024-06-28T16:30:15","date_gmt":"2024-06-28T19:30:15","guid":{"rendered":"https:\/\/www.pbagora.com.br\/?p=840978"},"modified":"2024-06-28T16:30:15","modified_gmt":"2024-06-28T19:30:15","slug":"caminhao-carregado-de-pneus-pega-fogo-e-bloqueia-transito-na-br-230-em-santa-rita","status":"publish","type":"post","link":"https:\/\/sindaopcpb.org.br\/index.php\/2024\/06\/28\/caminhao-carregado-de-pneus-pega-fogo-e-bloqueia-transito-na-br-230-em-santa-rita\/","title":{"rendered":"Caminh\u00e3o carregado de pneus pega fogo e bloqueia tr\u00e2nsito na BR-230, em Santa Rita"},"content":{"rendered":"<p><img width=\"370\" height=\"209\" src=\"https:\/\/pbagora.s3.amazonaws.com\/2024\/06\/28125700\/videobr2.jpeg\" class=\"attachment-large size-large wp-post-image\" alt=\"\" style=\"margin-bottom: 20px;\" decoding=\"async\" loading=\"lazy\" srcset=\"https:\/\/pbagora.s3.amazonaws.com\/2024\/06\/28125700\/videobr2.jpeg 370w, https:\/\/pbagora.s3.amazonaws.com\/2024\/06\/28125700\/videobr2-300x169.jpeg 300w, https:\/\/pbagora.s3.amazonaws.com\/2024\/06\/28125700\/videobr2-150x85.jpeg 150w, https:\/\/pbagora.s3.amazonaws.com\/2024\/06\/28125700\/videobr2-80x46.jpeg 80w\" sizes=\"(max-width: 370px) 100vw, 370px\" \/><\/p><p>Um caminh\u00e3o carregado de pneus pegou fogo no in\u00edcio da tarde desta sexta-feira (28) na BR-230 em Santa Rita.<\/p>\n<p>O fato causou a interrup\u00e7\u00e3o do tr\u00e2nsito no sentido Jo\u00e3o Pessoa para Campina Grande. Segundo informa\u00e7\u00f5es da Pol\u00edcia Rodovi\u00e1ria Federal (PRF), o ve\u00edculo pegou fogo nas proximidades do km 47 da rodovia.<\/p>\n<p>O acidente ocorreu pouco depois de outro caminh\u00e3o tombar na mesma regi\u00e3o. A PRF confirmou que n\u00e3o houve feridos no inc\u00eandio do caminh\u00e3o carregado de pneus, e o Corpo de Bombeiros foi acionado imediatamente para conter as chamas.<\/p>\n<p><strong>PB Agora<\/strong><\/p>\n","protected":false},"excerpt":{"rendered":"<p><img loading=\"lazy\" decoding=\"async\" width=\"370\" height=\"209\" src=\"https:\/\/pbagora.s3.amazonaws.com\/2024\/06\/28125700\/videobr2.jpeg\" class=\"attachment-large size-large wp-post-image\" alt=\"\"><\/p>\n<p>Um caminh\u00e3o carregado de pneus pegou fogo no in\u00edcio da tarde desta sexta-feira (28) na BR-230 em Santa\u2026<\/p>\n","protected":false},"author":123457,"featured_media":0,"comment_status":"closed","ping_status":"closed","sticky":false,"template":"","format":"standard","meta":{"advgb_blocks_editor_width":"","advgb_blocks_columns_visual_guide":"","footnotes":""},"categories":[34],"tags":[35,10839],"class_list":["post-48606","post","type-post","status-publish","format-standard","hentry","category-g1","tag-g1","tag-policial"],"author_meta":{"display_name":"Reda\u00e7\u00e3o","author_link":"https:\/\/sindaopcpb.org.br\/author\/redacao\/"},"featured_img":null,"coauthors":[],"tax_additional":{"categories":{"linked":["<a href=\"https:\/\/sindaopcpb.org.br\/g1\/\" class=\"advgb-post-tax-term\">G1<\/a>"],"unlinked":["<span class=\"advgb-post-tax-term\">G1<\/span>"]},"tags":{"linked":["<a href=\"https:\/\/sindaopcpb.org.br\/g1\/\" class=\"advgb-post-tax-term\">g1<\/a>","<a href=\"https:\/\/sindaopcpb.org.br\/g1\/\" class=\"advgb-post-tax-term\">Policial<\/a>"],"unlinked":["<span class=\"advgb-post-tax-term\">g1<\/span>","<span class=\"advgb-post-tax-term\">Policial<\/span>"]}},"comment_count":"0","relative_dates":{"created":"Publicado 2 anos atr\u00e1s","modified":"Atualizado 2 anos atr\u00e1s"},"absolute_dates":{"created":"Publicado em 28 de junho de 2024","modified":"Atualizado em 28 de junho de 2024"},"absolute_dates_time":{"created":"Publicado em 28 de junho de 2024 16:30","modified":"Atualizado em 28 de junho de 2024 16:30"},"featured_img_caption":"","series_order":"","_links":{"self":[{"href":"https:\/\/sindaopcpb.org.br\/index.php\/wp-json\/wp\/v2\/posts\/48606","targetHints":{"allow":["GET"]}}],"collection":[{"href":"https:\/\/sindaopcpb.org.br\/index.php\/wp-json\/wp\/v2\/posts"}],"about":[{"href":"https:\/\/sindaopcpb.org.br\/index.php\/wp-json\/wp\/v2\/types\/post"}],"author":[{"embeddable":true,"href":"https:\/\/sindaopcpb.org.br\/index.php\/wp-json\/wp\/v2\/users\/123457"}],"replies":[{"embeddable":true,"href":"https:\/\/sindaopcpb.org.br\/index.php\/wp-json\/wp\/v2\/comments?post=48606"}],"version-history":[{"count":2,"href":"https:\/\/sindaopcpb.org.br\/index.php\/wp-json\/wp\/v2\/posts\/48606\/revisions"}],"predecessor-version":[{"id":48612,"href":"https:\/\/sindaopcpb.org.br\/index.php\/wp-json\/wp\/v2\/posts\/48606\/revisions\/48612"}],"wp:attachment":[{"href":"https:\/\/sindaopcpb.org.br\/index.php\/wp-json\/wp\/v2\/media?parent=48606"}],"wp:term":[{"taxonomy":"category","embeddable":true,"href":"https:\/\/sindaopcpb.org.br\/index.php\/wp-json\/wp\/v2\/categories?post=48606"},{"taxonomy":"post_tag","embeddable":true,"href":"https:\/\/sindaopcpb.org.br\/index.php\/wp-json\/wp\/v2\/tags?post=48606"}],"curies":[{"name":"wp","href":"https:\/\/api.w.org\/{rel}","templated":true}]}}