{"id":48604,"date":"2024-06-28T18:30:12","date_gmt":"2024-06-28T21:30:12","guid":{"rendered":"https:\/\/www.pbagora.com.br\/?p=841126"},"modified":"2024-06-28T18:30:12","modified_gmt":"2024-06-28T21:30:12","slug":"presa-jovem-suspeita-de-furtar-celulares-no-maior-sao-joao-do-mundo-em-cg","status":"publish","type":"post","link":"https:\/\/sindaopcpb.org.br\/index.php\/2024\/06\/28\/presa-jovem-suspeita-de-furtar-celulares-no-maior-sao-joao-do-mundo-em-cg\/","title":{"rendered":"Presa jovem suspeita de furtar celulares n\u2019O Maior S\u00e3o Jo\u00e3o do Mundo, em CG"},"content":{"rendered":"<p><img width=\"953\" height=\"725\" src=\"https:\/\/pbagora.s3.amazonaws.com\/2024\/06\/28182049\/FURTO.jpg\" class=\"attachment-large size-large wp-post-image\" alt=\"\" style=\"margin-bottom: 20px;\" decoding=\"async\" srcset=\"https:\/\/pbagora.s3.amazonaws.com\/2024\/06\/28182049\/FURTO.jpg 953w, https:\/\/pbagora.s3.amazonaws.com\/2024\/06\/28182049\/FURTO-300x228.jpg 300w, https:\/\/pbagora.s3.amazonaws.com\/2024\/06\/28182049\/FURTO-150x114.jpg 150w, https:\/\/pbagora.s3.amazonaws.com\/2024\/06\/28182049\/FURTO-768x584.jpg 768w, https:\/\/pbagora.s3.amazonaws.com\/2024\/06\/28182049\/FURTO-380x289.jpg 380w, https:\/\/pbagora.s3.amazonaws.com\/2024\/06\/28182049\/FURTO-800x609.jpg 800w, https:\/\/pbagora.s3.amazonaws.com\/2024\/06\/28182049\/FURTO-80x60.jpg 80w, https:\/\/pbagora.s3.amazonaws.com\/2024\/06\/28182049\/FURTO-760x578.jpg 760w, https:\/\/pbagora.s3.amazonaws.com\/2024\/06\/28182049\/FURTO-600x456.jpg 600w\" sizes=\"(max-width: 953px) 100vw, 953px\" \/><\/p><p>Na madrugada desta sexta-feira (28), a Pol\u00edcia Militar prendeu uma jovem de 23 anos suspeita de furtar celulares no Parque do Povo, no S\u00e3o Jo\u00e3o de Campina Grande.<\/p>\n<p>A pris\u00e3o foi realizada pelos policiais do Batalh\u00e3o de Pol\u00edcia Ambiental (BPAmb) no momento em que a suspeita estava indo embora do evento com tr\u00eas aparelhos celulares. Ainda segundo os policiais, a jovem teria tentado esconder os dispositivos embaixo de um carro.<\/p>\n<p>A suspeita estava no regime semiaberto, cumprindo pena de cinco anos pelo crime de furto. Uma das condicionantes para ela cumprir a pena dessa forma era ficar recolhida em casa das 18h \u00e0s 5h, o que caracterizou quebra de regime.<\/p>\n<p>A partir da pris\u00e3o dela, \u00e9 poss\u00edvel investigar a participa\u00e7\u00e3o em outros crimes. A presa foi levada para a Central da Pol\u00edcia Civil, em Campina Grande.<\/p>\n<p>&nbsp;<\/p>\n<p><em><strong>PB Agora<\/strong><br \/>\n<\/em>com informa\u00e7\u00f5es da PMPB<\/p>\n","protected":false},"excerpt":{"rendered":"<p><img loading=\"lazy\" decoding=\"async\" width=\"953\" height=\"725\" src=\"https:\/\/pbagora.s3.amazonaws.com\/2024\/06\/28182049\/FURTO.jpg\" class=\"attachment-large size-large wp-post-image\" alt=\"\"><\/p>\n<p>Na madrugada desta sexta-feira (28), a Pol\u00edcia Militar prendeu uma jovem de 23 anos suspeita de furtar celulares\u2026<\/p>\n","protected":false},"author":123457,"featured_media":0,"comment_status":"closed","ping_status":"closed","sticky":false,"template":"","format":"standard","meta":{"advgb_blocks_editor_width":"","advgb_blocks_columns_visual_guide":"","footnotes":""},"categories":[34],"tags":[10841,35,10839],"class_list":["post-48604","post","type-post","status-publish","format-standard","hentry","category-g1","tag-destaque-centro-02","tag-g1","tag-policial"],"author_meta":{"display_name":"Reda\u00e7\u00e3o","author_link":"https:\/\/sindaopcpb.org.br\/author\/redacao\/"},"featured_img":null,"coauthors":[],"tax_additional":{"categories":{"linked":["<a href=\"https:\/\/sindaopcpb.org.br\/g1\/\" class=\"advgb-post-tax-term\">G1<\/a>"],"unlinked":["<span class=\"advgb-post-tax-term\">G1<\/span>"]},"tags":{"linked":["<a href=\"https:\/\/sindaopcpb.org.br\/g1\/\" class=\"advgb-post-tax-term\">Destaque Centro 02<\/a>","<a href=\"https:\/\/sindaopcpb.org.br\/g1\/\" class=\"advgb-post-tax-term\">g1<\/a>","<a href=\"https:\/\/sindaopcpb.org.br\/g1\/\" class=\"advgb-post-tax-term\">Policial<\/a>"],"unlinked":["<span class=\"advgb-post-tax-term\">Destaque Centro 02<\/span>","<span class=\"advgb-post-tax-term\">g1<\/span>","<span class=\"advgb-post-tax-term\">Policial<\/span>"]}},"comment_count":"0","relative_dates":{"created":"Publicado 2 anos atr\u00e1s","modified":"Atualizado 2 anos atr\u00e1s"},"absolute_dates":{"created":"Publicado em 28 de junho de 2024","modified":"Atualizado em 28 de junho de 2024"},"absolute_dates_time":{"created":"Publicado em 28 de junho de 2024 18:30","modified":"Atualizado em 28 de junho de 2024 18:30"},"featured_img_caption":"","series_order":"","_links":{"self":[{"href":"https:\/\/sindaopcpb.org.br\/index.php\/wp-json\/wp\/v2\/posts\/48604","targetHints":{"allow":["GET"]}}],"collection":[{"href":"https:\/\/sindaopcpb.org.br\/index.php\/wp-json\/wp\/v2\/posts"}],"about":[{"href":"https:\/\/sindaopcpb.org.br\/index.php\/wp-json\/wp\/v2\/types\/post"}],"author":[{"embeddable":true,"href":"https:\/\/sindaopcpb.org.br\/index.php\/wp-json\/wp\/v2\/users\/123457"}],"replies":[{"embeddable":true,"href":"https:\/\/sindaopcpb.org.br\/index.php\/wp-json\/wp\/v2\/comments?post=48604"}],"version-history":[{"count":3,"href":"https:\/\/sindaopcpb.org.br\/index.php\/wp-json\/wp\/v2\/posts\/48604\/revisions"}],"predecessor-version":[{"id":48618,"href":"https:\/\/sindaopcpb.org.br\/index.php\/wp-json\/wp\/v2\/posts\/48604\/revisions\/48618"}],"wp:attachment":[{"href":"https:\/\/sindaopcpb.org.br\/index.php\/wp-json\/wp\/v2\/media?parent=48604"}],"wp:term":[{"taxonomy":"category","embeddable":true,"href":"https:\/\/sindaopcpb.org.br\/index.php\/wp-json\/wp\/v2\/categories?post=48604"},{"taxonomy":"post_tag","embeddable":true,"href":"https:\/\/sindaopcpb.org.br\/index.php\/wp-json\/wp\/v2\/tags?post=48604"}],"curies":[{"name":"wp","href":"https:\/\/api.w.org\/{rel}","templated":true}]}}