{"id":48469,"date":"2024-06-25T05:58:03","date_gmt":"2024-06-25T08:58:03","guid":{"rendered":"https:\/\/www.pbagora.com.br\/?p=839728"},"modified":"2024-06-25T08:58:03","modified_gmt":"2024-06-25T11:58:03","slug":"idoso-e-socorrido-em-estado-grave-apos-ser-atropelado-quilometro-36-da-br-230","status":"publish","type":"post","link":"https:\/\/sindaopcpb.org.br\/index.php\/2024\/06\/25\/idoso-e-socorrido-em-estado-grave-apos-ser-atropelado-quilometro-36-da-br-230\/","title":{"rendered":"Idoso \u00e9 socorrido em estado grave ap\u00f3s ser atropelado no Km 36 da BR-230"},"content":{"rendered":"<p><img width=\"908\" height=\"418\" src=\"https:\/\/pbagora.s3.amazonaws.com\/2024\/06\/25055745\/Sem-titulo-19.jpg\" class=\"attachment-large size-large wp-post-image\" alt=\"\" style=\"margin-bottom: 20px;\" decoding=\"async\" loading=\"lazy\" srcset=\"https:\/\/pbagora.s3.amazonaws.com\/2024\/06\/25055745\/Sem-titulo-19.jpg 908w, https:\/\/pbagora.s3.amazonaws.com\/2024\/06\/25055745\/Sem-titulo-19-300x138.jpg 300w, https:\/\/pbagora.s3.amazonaws.com\/2024\/06\/25055745\/Sem-titulo-19-150x69.jpg 150w, https:\/\/pbagora.s3.amazonaws.com\/2024\/06\/25055745\/Sem-titulo-19-768x354.jpg 768w, https:\/\/pbagora.s3.amazonaws.com\/2024\/06\/25055745\/Sem-titulo-19-380x175.jpg 380w, https:\/\/pbagora.s3.amazonaws.com\/2024\/06\/25055745\/Sem-titulo-19-800x368.jpg 800w, https:\/\/pbagora.s3.amazonaws.com\/2024\/06\/25055745\/Sem-titulo-19-80x37.jpg 80w, https:\/\/pbagora.s3.amazonaws.com\/2024\/06\/25055745\/Sem-titulo-19-760x350.jpg 760w, https:\/\/pbagora.s3.amazonaws.com\/2024\/06\/25055745\/Sem-titulo-19-600x276.jpg 600w\" sizes=\"(max-width: 908px) 100vw, 908px\" \/><\/p><p>Um atropelamento ocorreu no final da tarde de ontem (24), no quil\u00f4metro 36 da BR-230, no sentido Jo\u00e3o Pessoa-Campina Grande. Uma unidade de resgate da Pol\u00edcia Rodovi\u00e1ria Federal (PRF) foi rapidamente acionada e se dirigiu ao local para prestar atendimento \u00e0 v\u00edtima.<\/p>\n<p>Um idoso de 73 anos, foi encontrada em estado grave. Ap\u00f3s receber os primeiros socorros no local, ele foi encaminhado ao Hospital de Emerg\u00eancia e Trauma de Jo\u00e3o Pessoa para tratamento adicional.<\/p>\n<p>O acidente ocorreu durante um per\u00edodo de intenso tr\u00e1fego, especialmente no sentido oposto da rodovia, onde muitos ve\u00edculos retornavam \u00e0 capital ap\u00f3s o feriado prolongado de S\u00e3o Jo\u00e3o. As autoridades ainda n\u00e3o divulgaram detalhes sobre as circunst\u00e2ncias do atropelamento e seguem investigando o caso.<\/p>\n<p>Reda\u00e7\u00e3o<\/p>\n","protected":false},"excerpt":{"rendered":"<p><img decoding=\"async\" width=\"908\" height=\"418\" src=\"https:\/\/pbagora.s3.amazonaws.com\/2024\/06\/25055745\/Sem-titulo-19.jpg\" class=\"attachment-large size-large wp-post-image\" alt=\"\" loading=\"lazy\"><\/p>\n<p>Um atropelamento ocorreu no final da tarde de ontem (24), no quil\u00f4metro 36 da BR-230, no sentido Jo\u00e3o\u2026<\/p>\n","protected":false},"author":123457,"featured_media":0,"comment_status":"closed","ping_status":"closed","sticky":false,"template":"","format":"standard","meta":{"advgb_blocks_editor_width":"","advgb_blocks_columns_visual_guide":"","footnotes":""},"categories":[34],"tags":[35,10839,10847],"class_list":["post-48469","post","type-post","status-publish","format-standard","hentry","category-g1","tag-g1","tag-policial","tag-rodape-03"],"author_meta":{"display_name":"Reda\u00e7\u00e3o","author_link":"https:\/\/sindaopcpb.org.br\/author\/redacao\/"},"featured_img":null,"coauthors":[],"tax_additional":{"categories":{"linked":["<a href=\"https:\/\/sindaopcpb.org.br\/g1\/\" class=\"advgb-post-tax-term\">G1<\/a>"],"unlinked":["<span class=\"advgb-post-tax-term\">G1<\/span>"]},"tags":{"linked":["<a href=\"https:\/\/sindaopcpb.org.br\/g1\/\" class=\"advgb-post-tax-term\">g1<\/a>","<a href=\"https:\/\/sindaopcpb.org.br\/g1\/\" class=\"advgb-post-tax-term\">Policial<\/a>","<a href=\"https:\/\/sindaopcpb.org.br\/g1\/\" class=\"advgb-post-tax-term\">Rodape 03<\/a>"],"unlinked":["<span class=\"advgb-post-tax-term\">g1<\/span>","<span class=\"advgb-post-tax-term\">Policial<\/span>","<span class=\"advgb-post-tax-term\">Rodape 03<\/span>"]}},"comment_count":"0","relative_dates":{"created":"Publicado 2 anos atr\u00e1s","modified":"Atualizado 2 anos atr\u00e1s"},"absolute_dates":{"created":"Publicado em 25 de junho de 2024","modified":"Atualizado em 25 de junho de 2024"},"absolute_dates_time":{"created":"Publicado em 25 de junho de 2024 05:58","modified":"Atualizado em 25 de junho de 2024 08:58"},"featured_img_caption":"","series_order":"","_links":{"self":[{"href":"https:\/\/sindaopcpb.org.br\/index.php\/wp-json\/wp\/v2\/posts\/48469","targetHints":{"allow":["GET"]}}],"collection":[{"href":"https:\/\/sindaopcpb.org.br\/index.php\/wp-json\/wp\/v2\/posts"}],"about":[{"href":"https:\/\/sindaopcpb.org.br\/index.php\/wp-json\/wp\/v2\/types\/post"}],"author":[{"embeddable":true,"href":"https:\/\/sindaopcpb.org.br\/index.php\/wp-json\/wp\/v2\/users\/123457"}],"replies":[{"embeddable":true,"href":"https:\/\/sindaopcpb.org.br\/index.php\/wp-json\/wp\/v2\/comments?post=48469"}],"version-history":[{"count":2,"href":"https:\/\/sindaopcpb.org.br\/index.php\/wp-json\/wp\/v2\/posts\/48469\/revisions"}],"predecessor-version":[{"id":48479,"href":"https:\/\/sindaopcpb.org.br\/index.php\/wp-json\/wp\/v2\/posts\/48469\/revisions\/48479"}],"wp:attachment":[{"href":"https:\/\/sindaopcpb.org.br\/index.php\/wp-json\/wp\/v2\/media?parent=48469"}],"wp:term":[{"taxonomy":"category","embeddable":true,"href":"https:\/\/sindaopcpb.org.br\/index.php\/wp-json\/wp\/v2\/categories?post=48469"},{"taxonomy":"post_tag","embeddable":true,"href":"https:\/\/sindaopcpb.org.br\/index.php\/wp-json\/wp\/v2\/tags?post=48469"}],"curies":[{"name":"wp","href":"https:\/\/api.w.org\/{rel}","templated":true}]}}