{"id":48455,"date":"2024-06-23T09:56:05","date_gmt":"2024-06-23T12:56:05","guid":{"rendered":"https:\/\/www.pbagora.com.br\/?p=839604"},"modified":"2024-06-23T09:56:05","modified_gmt":"2024-06-23T12:56:05","slug":"jovem-de-28-anos-morre-em-grave-acidente-em-varzea-pb","status":"publish","type":"post","link":"https:\/\/sindaopcpb.org.br\/index.php\/2024\/06\/23\/jovem-de-28-anos-morre-em-grave-acidente-em-varzea-pb\/","title":{"rendered":"Jovem de 28 anos morre em grave acidente em V\u00e1rzea, PB"},"content":{"rendered":"<p><img width=\"582\" height=\"297\" src=\"https:\/\/pbagora.s3.amazonaws.com\/2024\/06\/23095523\/Captura-de-tela-2024-06-23-095400.png\" class=\"attachment-large size-large wp-post-image\" alt=\"\" style=\"margin-bottom: 20px;\" decoding=\"async\" srcset=\"https:\/\/pbagora.s3.amazonaws.com\/2024\/06\/23095523\/Captura-de-tela-2024-06-23-095400.png 582w, https:\/\/pbagora.s3.amazonaws.com\/2024\/06\/23095523\/Captura-de-tela-2024-06-23-095400-300x153.png 300w, https:\/\/pbagora.s3.amazonaws.com\/2024\/06\/23095523\/Captura-de-tela-2024-06-23-095400-150x77.png 150w, https:\/\/pbagora.s3.amazonaws.com\/2024\/06\/23095523\/Captura-de-tela-2024-06-23-095400-380x194.png 380w, https:\/\/pbagora.s3.amazonaws.com\/2024\/06\/23095523\/Captura-de-tela-2024-06-23-095400-80x42.png 80w\" sizes=\"(max-width: 582px) 100vw, 582px\" \/><\/p><p>Uma jovem de 28 anos, identificada como Nath\u00e1lia, faleceu na noite de s\u00e1bado (22\/06) ap\u00f3s um grave acidente de tr\u00e2nsito na sa\u00edda do munic\u00edpio de V\u00e1rzea, sentido Santa Luzia, na Para\u00edba. Nath\u00e1lia estava sem o cinto de seguran\u00e7a no momento do acidente, que envolveu um Chevrolet Celta e um Volkswagen Voyage.<\/p>\n<p>No Chevrolet Celta, al\u00e9m de Nath\u00e1lia, que residia no bairro Samana\u00fa, zona norte de Caic\u00f3, havia outra pessoa conhecida como Sara\u00e7a, que sofreu ferimentos pelo corpo e foi socorrida para uma unidade hospitalar da regi\u00e3o.<\/p>\n<p>O Volkswagen Voyage era conduzido por um taxista do munic\u00edpio de Ouro Branco\/RN, que n\u00e3o sofreu ferimentos graves.<\/p>\n<p><em><strong>Reda\u00e7\u00e3o<\/strong><\/em><\/p>\n","protected":false},"excerpt":{"rendered":"<p><img loading=\"lazy\" decoding=\"async\" width=\"582\" height=\"297\" src=\"https:\/\/pbagora.s3.amazonaws.com\/2024\/06\/23095523\/Captura-de-tela-2024-06-23-095400.png\" class=\"attachment-large size-large wp-post-image\" alt=\"\"><\/p>\n<p>Uma jovem de 28 anos, identificada como Nath\u00e1lia, faleceu na noite de s\u00e1bado (22\/06) ap\u00f3s um grave acidente\u2026<\/p>\n","protected":false},"author":123457,"featured_media":0,"comment_status":"closed","ping_status":"closed","sticky":false,"template":"","format":"standard","meta":{"advgb_blocks_editor_width":"","advgb_blocks_columns_visual_guide":"","footnotes":""},"categories":[34],"tags":[10840,35,10839],"class_list":["post-48455","post","type-post","status-publish","format-standard","hentry","category-g1","tag-destaque-centro-03","tag-g1","tag-policial"],"author_meta":{"display_name":"Reda\u00e7\u00e3o","author_link":"https:\/\/sindaopcpb.org.br\/author\/redacao\/"},"featured_img":null,"coauthors":[],"tax_additional":{"categories":{"linked":["<a href=\"https:\/\/sindaopcpb.org.br\/g1\/\" class=\"advgb-post-tax-term\">G1<\/a>"],"unlinked":["<span class=\"advgb-post-tax-term\">G1<\/span>"]},"tags":{"linked":["<a href=\"https:\/\/sindaopcpb.org.br\/g1\/\" class=\"advgb-post-tax-term\">Destaque Centro 03<\/a>","<a href=\"https:\/\/sindaopcpb.org.br\/g1\/\" class=\"advgb-post-tax-term\">g1<\/a>","<a href=\"https:\/\/sindaopcpb.org.br\/g1\/\" class=\"advgb-post-tax-term\">Policial<\/a>"],"unlinked":["<span class=\"advgb-post-tax-term\">Destaque Centro 03<\/span>","<span class=\"advgb-post-tax-term\">g1<\/span>","<span class=\"advgb-post-tax-term\">Policial<\/span>"]}},"comment_count":"0","relative_dates":{"created":"Publicado 2 anos atr\u00e1s","modified":"Atualizado 2 anos atr\u00e1s"},"absolute_dates":{"created":"Publicado em 23 de junho de 2024","modified":"Atualizado em 23 de junho de 2024"},"absolute_dates_time":{"created":"Publicado em 23 de junho de 2024 09:56","modified":"Atualizado em 23 de junho de 2024 09:56"},"featured_img_caption":"","series_order":"","_links":{"self":[{"href":"https:\/\/sindaopcpb.org.br\/index.php\/wp-json\/wp\/v2\/posts\/48455","targetHints":{"allow":["GET"]}}],"collection":[{"href":"https:\/\/sindaopcpb.org.br\/index.php\/wp-json\/wp\/v2\/posts"}],"about":[{"href":"https:\/\/sindaopcpb.org.br\/index.php\/wp-json\/wp\/v2\/types\/post"}],"author":[{"embeddable":true,"href":"https:\/\/sindaopcpb.org.br\/index.php\/wp-json\/wp\/v2\/users\/123457"}],"replies":[{"embeddable":true,"href":"https:\/\/sindaopcpb.org.br\/index.php\/wp-json\/wp\/v2\/comments?post=48455"}],"version-history":[{"count":3,"href":"https:\/\/sindaopcpb.org.br\/index.php\/wp-json\/wp\/v2\/posts\/48455\/revisions"}],"predecessor-version":[{"id":48468,"href":"https:\/\/sindaopcpb.org.br\/index.php\/wp-json\/wp\/v2\/posts\/48455\/revisions\/48468"}],"wp:attachment":[{"href":"https:\/\/sindaopcpb.org.br\/index.php\/wp-json\/wp\/v2\/media?parent=48455"}],"wp:term":[{"taxonomy":"category","embeddable":true,"href":"https:\/\/sindaopcpb.org.br\/index.php\/wp-json\/wp\/v2\/categories?post=48455"},{"taxonomy":"post_tag","embeddable":true,"href":"https:\/\/sindaopcpb.org.br\/index.php\/wp-json\/wp\/v2\/tags?post=48455"}],"curies":[{"name":"wp","href":"https:\/\/api.w.org\/{rel}","templated":true}]}}