{"id":48442,"date":"2024-06-21T17:14:28","date_gmt":"2024-06-21T20:14:28","guid":{"rendered":"https:\/\/www.pbagora.com.br\/?p=839455"},"modified":"2024-06-21T17:14:28","modified_gmt":"2024-06-21T20:14:28","slug":"feriadao-acidentes-na-br-230-aumentam-congestionamento-nas-saidas-de-joao-pessoa-para-o-interior","status":"publish","type":"post","link":"https:\/\/sindaopcpb.org.br\/index.php\/2024\/06\/21\/feriadao-acidentes-na-br-230-aumentam-congestionamento-nas-saidas-de-joao-pessoa-para-o-interior\/","title":{"rendered":"FERIAD\u00c3O: Acidentes na BR-230 aumentam congestionamento nas sa\u00eddas de Jo\u00e3o Pessoa para o interior"},"content":{"rendered":"<p><img width=\"400\" height=\"266\" src=\"https:\/\/pbagora.s3.amazonaws.com\/2023\/09\/03131255\/csm_Parque-de-Exposicoes-Joao-Pessoa_71fe7e529c.png\" class=\"attachment-large size-large wp-post-image\" alt=\"\" style=\"margin-bottom: 20px;\" decoding=\"async\" srcset=\"https:\/\/pbagora.s3.amazonaws.com\/2023\/09\/03131255\/csm_Parque-de-Exposicoes-Joao-Pessoa_71fe7e529c.png 400w, https:\/\/pbagora.s3.amazonaws.com\/2023\/09\/03131255\/csm_Parque-de-Exposicoes-Joao-Pessoa_71fe7e529c-300x200.png 300w, https:\/\/pbagora.s3.amazonaws.com\/2023\/09\/03131255\/csm_Parque-de-Exposicoes-Joao-Pessoa_71fe7e529c-150x100.png 150w, https:\/\/pbagora.s3.amazonaws.com\/2023\/09\/03131255\/csm_Parque-de-Exposicoes-Joao-Pessoa_71fe7e529c-380x253.png 380w, https:\/\/pbagora.s3.amazonaws.com\/2023\/09\/03131255\/csm_Parque-de-Exposicoes-Joao-Pessoa_71fe7e529c-80x53.png 80w\" sizes=\"(max-width: 400px) 100vw, 400px\" \/><\/p><p>O tradicional feriado de S\u00e3o Jo\u00e3o est\u00e1 movimentando as estradas da Para\u00edba, com milhares de pessoas deixando a capital Jo\u00e3o Pessoa em dire\u00e7\u00e3o ao interior do estado para as festividades. No entanto, o tr\u00e2nsito intenso est\u00e1 causando grandes engarrafamentos na BR-230, principal via de sa\u00edda da cidade.<\/p>\n<p>Nesta sexta-feira (21), dois acidentes contribu\u00edram para complicar ainda mais a situa\u00e7\u00e3o. O primeiro incidente ocorreu pr\u00f3ximo ao Parque de Exposi\u00e7\u00f5es, onde um ve\u00edculo colidiu sem deixar feridos. A Pol\u00edcia Rodovi\u00e1ria Federal (PRF) rapidamente chegou ao local para gerenciar o tr\u00e1fego e remover os ve\u00edculos envolvidos, mas o acidente causou um significativo aumento no congestionamento.<\/p>\n<p>Pouco tempo depois, um segundo acidente foi registrado no km 27 da BR-230, envolvendo uma motocicleta. O condutor da moto sofreu ferimentos leves e foi atendido por equipes de emerg\u00eancia que estavam de plant\u00e3o devido ao aumento do fluxo de ve\u00edculos no feriado. Este segundo acidente tamb\u00e9m contribuiu para o prolongamento do congestionamento na regi\u00e3o.<\/p>\n","protected":false},"excerpt":{"rendered":"<p><img loading=\"lazy\" decoding=\"async\" width=\"400\" height=\"266\" src=\"https:\/\/pbagora.s3.amazonaws.com\/2023\/09\/03131255\/csm_Parque-de-Exposicoes-Joao-Pessoa_71fe7e529c.png\" class=\"attachment-large size-large wp-post-image\" alt=\"\"><\/p>\n<p>O tradicional feriado de S\u00e3o Jo\u00e3o est\u00e1 movimentando as estradas da Para\u00edba, com milhares de pessoas deixando a\u2026<\/p>\n","protected":false},"author":123458,"featured_media":0,"comment_status":"closed","ping_status":"closed","sticky":false,"template":"","format":"standard","meta":{"advgb_blocks_editor_width":"","advgb_blocks_columns_visual_guide":"","footnotes":""},"categories":[34],"tags":[35,10839,10842],"class_list":["post-48442","post","type-post","status-publish","format-standard","hentry","category-g1","tag-g1","tag-policial","tag-principal3"],"author_meta":{"display_name":"Feliphe Rojas","author_link":"https:\/\/sindaopcpb.org.br\/author\/feliphe-rojas\/"},"featured_img":null,"coauthors":[],"tax_additional":{"categories":{"linked":["<a href=\"https:\/\/sindaopcpb.org.br\/g1\/\" class=\"advgb-post-tax-term\">G1<\/a>"],"unlinked":["<span class=\"advgb-post-tax-term\">G1<\/span>"]},"tags":{"linked":["<a href=\"https:\/\/sindaopcpb.org.br\/g1\/\" class=\"advgb-post-tax-term\">g1<\/a>","<a href=\"https:\/\/sindaopcpb.org.br\/g1\/\" class=\"advgb-post-tax-term\">Policial<\/a>","<a href=\"https:\/\/sindaopcpb.org.br\/g1\/\" class=\"advgb-post-tax-term\">Principal3<\/a>"],"unlinked":["<span class=\"advgb-post-tax-term\">g1<\/span>","<span class=\"advgb-post-tax-term\">Policial<\/span>","<span class=\"advgb-post-tax-term\">Principal3<\/span>"]}},"comment_count":"0","relative_dates":{"created":"Publicado 2 anos atr\u00e1s","modified":"Atualizado 2 anos atr\u00e1s"},"absolute_dates":{"created":"Publicado em 21 de junho de 2024","modified":"Atualizado em 21 de junho de 2024"},"absolute_dates_time":{"created":"Publicado em 21 de junho de 2024 17:14","modified":"Atualizado em 21 de junho de 2024 17:14"},"featured_img_caption":"","series_order":"","_links":{"self":[{"href":"https:\/\/sindaopcpb.org.br\/index.php\/wp-json\/wp\/v2\/posts\/48442","targetHints":{"allow":["GET"]}}],"collection":[{"href":"https:\/\/sindaopcpb.org.br\/index.php\/wp-json\/wp\/v2\/posts"}],"about":[{"href":"https:\/\/sindaopcpb.org.br\/index.php\/wp-json\/wp\/v2\/types\/post"}],"author":[{"embeddable":true,"href":"https:\/\/sindaopcpb.org.br\/index.php\/wp-json\/wp\/v2\/users\/123458"}],"replies":[{"embeddable":true,"href":"https:\/\/sindaopcpb.org.br\/index.php\/wp-json\/wp\/v2\/comments?post=48442"}],"version-history":[{"count":2,"href":"https:\/\/sindaopcpb.org.br\/index.php\/wp-json\/wp\/v2\/posts\/48442\/revisions"}],"predecessor-version":[{"id":48449,"href":"https:\/\/sindaopcpb.org.br\/index.php\/wp-json\/wp\/v2\/posts\/48442\/revisions\/48449"}],"wp:attachment":[{"href":"https:\/\/sindaopcpb.org.br\/index.php\/wp-json\/wp\/v2\/media?parent=48442"}],"wp:term":[{"taxonomy":"category","embeddable":true,"href":"https:\/\/sindaopcpb.org.br\/index.php\/wp-json\/wp\/v2\/categories?post=48442"},{"taxonomy":"post_tag","embeddable":true,"href":"https:\/\/sindaopcpb.org.br\/index.php\/wp-json\/wp\/v2\/tags?post=48442"}],"curies":[{"name":"wp","href":"https:\/\/api.w.org\/{rel}","templated":true}]}}