{"id":48378,"date":"2024-06-19T12:40:51","date_gmt":"2024-06-19T15:40:51","guid":{"rendered":"https:\/\/www.pbagora.com.br\/?p=838554"},"modified":"2024-06-19T14:27:51","modified_gmt":"2024-06-19T17:27:51","slug":"maioria-dos-casos-de-estupro-na-paraiba-em-2023-envolve-menores-de-0-a-14-anos","status":"publish","type":"post","link":"https:\/\/sindaopcpb.org.br\/index.php\/2024\/06\/19\/maioria-dos-casos-de-estupro-na-paraiba-em-2023-envolve-menores-de-0-a-14-anos\/","title":{"rendered":"Maioria dos casos de estupro na Para\u00edba em 2023 envolve menores de 0 a 14 anos"},"content":{"rendered":"<p><img width=\"404\" height=\"374\" src=\"https:\/\/pbagora.s3.amazonaws.com\/2024\/06\/19074532\/Captura-de-tela-2024-06-19-074516.png\" class=\"attachment-large size-large wp-post-image\" alt=\"\" style=\"margin-bottom: 20px;\" decoding=\"async\" srcset=\"https:\/\/pbagora.s3.amazonaws.com\/2024\/06\/19074532\/Captura-de-tela-2024-06-19-074516.png 404w, https:\/\/pbagora.s3.amazonaws.com\/2024\/06\/19074532\/Captura-de-tela-2024-06-19-074516-300x278.png 300w, https:\/\/pbagora.s3.amazonaws.com\/2024\/06\/19074532\/Captura-de-tela-2024-06-19-074516-150x139.png 150w, https:\/\/pbagora.s3.amazonaws.com\/2024\/06\/19074532\/Captura-de-tela-2024-06-19-074516-380x352.png 380w, https:\/\/pbagora.s3.amazonaws.com\/2024\/06\/19074532\/Captura-de-tela-2024-06-19-074516-80x74.png 80w\" sizes=\"(max-width: 404px) 100vw, 404px\" \/><\/p><p>A maioria dos casos de estupro registrados pela Pol\u00edcia Civil na Para\u00edba em 2023 envolveu v\u00edtimas entre 0 e 14 anos, conforme dados da Secretaria de Seguran\u00e7a P\u00fablica da Para\u00edba, sendo de 0 a 14 anos, com mais de 300 casos registrados.<\/p>\n<p>0 a 14 anos: 300 casos<br \/>\n15 a 29 anos: 143 casos<br \/>\n30 a 44 anos: 49 casos<br \/>\n45 a 59 anos: 16 casos<br \/>\n60 anos ou mais: 5 casos<br \/>\nIdade n\u00e3o informada: 15 casos<\/p>\n<p>A secret\u00e1ria da Mulher e Diversidade Humana da Para\u00edba, L\u00eddia Moura, argumenta que esses dados refor\u00e7am a necessidade de combater o Projeto de Lei 1904\/24, que equipara a interrup\u00e7\u00e3o da gravidez ap\u00f3s 22 semanas ao homic\u00eddio. Moura destaca que criminalizar v\u00edtimas de estupro, especialmente crian\u00e7as, \u00e9 injusto.<\/p>\n<p>Por outro lado, o advogado criminalista Rafael Vilhena defende o PL, argumentando que o aborto ap\u00f3s 22 semanas equivale a matar uma crian\u00e7a vi\u00e1vel. O bispo de Campina Grande, Dom Dulc\u00eanio Fontes, tamb\u00e9m apoia o projeto, defendendo a vida desde a concep\u00e7\u00e3o.<\/p>\n<p>O Conselho Federal da OAB, no entanto, considera o PL inconstitucional e ilegal, pedindo seu arquivamento e destacando que qualquer avan\u00e7o deve ser levado ao STF para proteger os direitos das mulheres.<\/p>\n<p>O PL 1904\/24, aprovado em regime de urg\u00eancia na C\u00e2mara, fixa 22 semanas como prazo m\u00e1ximo para abortos legais, com penas de at\u00e9 20 anos para abortos realizados ap\u00f3s esse per\u00edodo. As informa\u00e7\u00f5es foram divulgadas nesta ter\u00e7a-feira (18) durante o programa<strong>\u00a0Hora H<\/strong>, da\u00a0<strong>Rede Mais R\u00e1dios<\/strong>.<\/p>\n<p>&nbsp;<\/p>\n<p><em><strong>Reda\u00e7\u00e3o<\/strong><\/em><\/p>\n","protected":false},"excerpt":{"rendered":"<p><img loading=\"lazy\" decoding=\"async\" width=\"404\" height=\"374\" src=\"https:\/\/pbagora.s3.amazonaws.com\/2024\/06\/19074532\/Captura-de-tela-2024-06-19-074516.png\" class=\"attachment-large size-large wp-post-image\" alt=\"\"><\/p>\n<p>A maioria dos casos de estupro registrados pela Pol\u00edcia Civil na Para\u00edba em 2023 envolveu v\u00edtimas entre 0\u2026<\/p>\n","protected":false},"author":123457,"featured_media":0,"comment_status":"closed","ping_status":"closed","sticky":false,"template":"","format":"standard","meta":{"advgb_blocks_editor_width":"","advgb_blocks_columns_visual_guide":"","footnotes":""},"categories":[34],"tags":[35,10839,10847],"class_list":["post-48378","post","type-post","status-publish","format-standard","hentry","category-g1","tag-g1","tag-policial","tag-rodape-03"],"author_meta":{"display_name":"Reda\u00e7\u00e3o","author_link":"https:\/\/sindaopcpb.org.br\/author\/redacao\/"},"featured_img":null,"coauthors":[],"tax_additional":{"categories":{"linked":["<a href=\"https:\/\/sindaopcpb.org.br\/g1\/\" class=\"advgb-post-tax-term\">G1<\/a>"],"unlinked":["<span class=\"advgb-post-tax-term\">G1<\/span>"]},"tags":{"linked":["<a href=\"https:\/\/sindaopcpb.org.br\/g1\/\" class=\"advgb-post-tax-term\">g1<\/a>","<a href=\"https:\/\/sindaopcpb.org.br\/g1\/\" class=\"advgb-post-tax-term\">Policial<\/a>","<a href=\"https:\/\/sindaopcpb.org.br\/g1\/\" class=\"advgb-post-tax-term\">Rodape 03<\/a>"],"unlinked":["<span class=\"advgb-post-tax-term\">g1<\/span>","<span class=\"advgb-post-tax-term\">Policial<\/span>","<span class=\"advgb-post-tax-term\">Rodape 03<\/span>"]}},"comment_count":"0","relative_dates":{"created":"Publicado 2 anos atr\u00e1s","modified":"Atualizado 2 anos atr\u00e1s"},"absolute_dates":{"created":"Publicado em 19 de junho de 2024","modified":"Atualizado em 19 de junho de 2024"},"absolute_dates_time":{"created":"Publicado em 19 de junho de 2024 12:40","modified":"Atualizado em 19 de junho de 2024 14:27"},"featured_img_caption":"","series_order":"","_links":{"self":[{"href":"https:\/\/sindaopcpb.org.br\/index.php\/wp-json\/wp\/v2\/posts\/48378","targetHints":{"allow":["GET"]}}],"collection":[{"href":"https:\/\/sindaopcpb.org.br\/index.php\/wp-json\/wp\/v2\/posts"}],"about":[{"href":"https:\/\/sindaopcpb.org.br\/index.php\/wp-json\/wp\/v2\/types\/post"}],"author":[{"embeddable":true,"href":"https:\/\/sindaopcpb.org.br\/index.php\/wp-json\/wp\/v2\/users\/123457"}],"replies":[{"embeddable":true,"href":"https:\/\/sindaopcpb.org.br\/index.php\/wp-json\/wp\/v2\/comments?post=48378"}],"version-history":[{"count":3,"href":"https:\/\/sindaopcpb.org.br\/index.php\/wp-json\/wp\/v2\/posts\/48378\/revisions"}],"predecessor-version":[{"id":48388,"href":"https:\/\/sindaopcpb.org.br\/index.php\/wp-json\/wp\/v2\/posts\/48378\/revisions\/48388"}],"wp:attachment":[{"href":"https:\/\/sindaopcpb.org.br\/index.php\/wp-json\/wp\/v2\/media?parent=48378"}],"wp:term":[{"taxonomy":"category","embeddable":true,"href":"https:\/\/sindaopcpb.org.br\/index.php\/wp-json\/wp\/v2\/categories?post=48378"},{"taxonomy":"post_tag","embeddable":true,"href":"https:\/\/sindaopcpb.org.br\/index.php\/wp-json\/wp\/v2\/tags?post=48378"}],"curies":[{"name":"wp","href":"https:\/\/api.w.org\/{rel}","templated":true}]}}