{"id":48329,"date":"2024-06-18T10:40:16","date_gmt":"2024-06-18T13:40:16","guid":{"rendered":"https:\/\/www.pbagora.com.br\/?p=838286"},"modified":"2024-06-18T10:40:16","modified_gmt":"2024-06-18T13:40:16","slug":"mais-um-suspeito-de-crimes-patrimoniais-em-bayeux-e-preso-pela-5a-delegacia-distrital","status":"publish","type":"post","link":"https:\/\/sindaopcpb.org.br\/index.php\/2024\/06\/18\/mais-um-suspeito-de-crimes-patrimoniais-em-bayeux-e-preso-pela-5a-delegacia-distrital\/","title":{"rendered":"Mais um suspeito de crimes patrimoniais em Bayeux \u00e9 preso pela 5\u00aa Delegacia Distrital"},"content":{"rendered":"<p><img width=\"781\" height=\"452\" src=\"https:\/\/pbagora.s3.amazonaws.com\/2024\/06\/18101405\/delegacia-bayeux.webp\" class=\"attachment-large size-large wp-post-image\" alt=\"\" style=\"margin-bottom: 20px;\" decoding=\"async\" loading=\"lazy\" srcset=\"https:\/\/pbagora.s3.amazonaws.com\/2024\/06\/18101405\/delegacia-bayeux.webp 781w, https:\/\/pbagora.s3.amazonaws.com\/2024\/06\/18101405\/delegacia-bayeux-300x174.webp 300w, https:\/\/pbagora.s3.amazonaws.com\/2024\/06\/18101405\/delegacia-bayeux-150x87.webp 150w, https:\/\/pbagora.s3.amazonaws.com\/2024\/06\/18101405\/delegacia-bayeux-768x444.webp 768w, https:\/\/pbagora.s3.amazonaws.com\/2024\/06\/18101405\/delegacia-bayeux-380x220.webp 380w, https:\/\/pbagora.s3.amazonaws.com\/2024\/06\/18101405\/delegacia-bayeux-80x46.webp 80w, https:\/\/pbagora.s3.amazonaws.com\/2024\/06\/18101405\/delegacia-bayeux-760x440.webp 760w, https:\/\/pbagora.s3.amazonaws.com\/2024\/06\/18101405\/delegacia-bayeux-600x347.webp 600w\" sizes=\"(max-width: 781px) 100vw, 781px\" \/><\/p><p data-sourcepos=\"3:1-3:169\">A 5\u00aa Delegacia Distrital de Pol\u00edcia Civil (5\u00aa DD) em Bayeux segue firme no combate aos crimes patrimoniais na regi\u00e3o. Na \u00faltima segunda-feira (17), as equipes da Delegacia capturaram mais um suspeito de furto qualificado em resid\u00eancias e estabelecimentos comerciais da cidade.<\/p>\n<p data-sourcepos=\"5:1-5:15\">O homem, que j\u00e1 era procurado pela Justi\u00e7a, teve sua pris\u00e3o preventiva decretada pela 1\u00aa Vara Mista de Bayeux. Ele foi localizado no bairro Imaculada, onde reside com familiares, e n\u00e3o ofereceu resist\u00eancia \u00e0 pris\u00e3o.<\/p>\n<p data-sourcepos=\"7:1-7:165\">A a\u00e7\u00e3o faz parte de uma s\u00e9rie de pris\u00f5es realizadas pela 5\u00aa DD nos \u00faltimos meses, demonstrando o compromisso da Pol\u00edcia Civil com a seguran\u00e7a da popula\u00e7\u00e3o de Bayeux.<\/p>\n","protected":false},"excerpt":{"rendered":"<p><img decoding=\"async\" width=\"781\" height=\"452\" src=\"https:\/\/pbagora.s3.amazonaws.com\/2024\/06\/18101405\/delegacia-bayeux.webp\" class=\"attachment-large size-large wp-post-image\" alt=\"\" loading=\"lazy\"><\/p>\n<p>A 5\u00aa Delegacia Distrital de Pol\u00edcia Civil (5\u00aa DD) em Bayeux segue firme no combate aos crimes patrimoniais\u2026<\/p>\n","protected":false},"author":123458,"featured_media":0,"comment_status":"closed","ping_status":"closed","sticky":false,"template":"","format":"standard","meta":{"advgb_blocks_editor_width":"","advgb_blocks_columns_visual_guide":"","footnotes":""},"categories":[34],"tags":[35,10839,10842],"class_list":["post-48329","post","type-post","status-publish","format-standard","hentry","category-g1","tag-g1","tag-policial","tag-principal3"],"author_meta":{"display_name":"Feliphe Rojas","author_link":"https:\/\/sindaopcpb.org.br\/author\/feliphe-rojas\/"},"featured_img":null,"coauthors":[],"tax_additional":{"categories":{"linked":["<a href=\"https:\/\/sindaopcpb.org.br\/g1\/\" class=\"advgb-post-tax-term\">G1<\/a>"],"unlinked":["<span class=\"advgb-post-tax-term\">G1<\/span>"]},"tags":{"linked":["<a href=\"https:\/\/sindaopcpb.org.br\/g1\/\" class=\"advgb-post-tax-term\">g1<\/a>","<a href=\"https:\/\/sindaopcpb.org.br\/g1\/\" class=\"advgb-post-tax-term\">Policial<\/a>","<a href=\"https:\/\/sindaopcpb.org.br\/g1\/\" class=\"advgb-post-tax-term\">Principal3<\/a>"],"unlinked":["<span class=\"advgb-post-tax-term\">g1<\/span>","<span class=\"advgb-post-tax-term\">Policial<\/span>","<span class=\"advgb-post-tax-term\">Principal3<\/span>"]}},"comment_count":"0","relative_dates":{"created":"Publicado 2 anos atr\u00e1s","modified":"Atualizado 2 anos atr\u00e1s"},"absolute_dates":{"created":"Publicado em 18 de junho de 2024","modified":"Atualizado em 18 de junho de 2024"},"absolute_dates_time":{"created":"Publicado em 18 de junho de 2024 10:40","modified":"Atualizado em 18 de junho de 2024 10:40"},"featured_img_caption":"","series_order":"","_links":{"self":[{"href":"https:\/\/sindaopcpb.org.br\/index.php\/wp-json\/wp\/v2\/posts\/48329","targetHints":{"allow":["GET"]}}],"collection":[{"href":"https:\/\/sindaopcpb.org.br\/index.php\/wp-json\/wp\/v2\/posts"}],"about":[{"href":"https:\/\/sindaopcpb.org.br\/index.php\/wp-json\/wp\/v2\/types\/post"}],"author":[{"embeddable":true,"href":"https:\/\/sindaopcpb.org.br\/index.php\/wp-json\/wp\/v2\/users\/123458"}],"replies":[{"embeddable":true,"href":"https:\/\/sindaopcpb.org.br\/index.php\/wp-json\/wp\/v2\/comments?post=48329"}],"version-history":[{"count":1,"href":"https:\/\/sindaopcpb.org.br\/index.php\/wp-json\/wp\/v2\/posts\/48329\/revisions"}],"predecessor-version":[{"id":48330,"href":"https:\/\/sindaopcpb.org.br\/index.php\/wp-json\/wp\/v2\/posts\/48329\/revisions\/48330"}],"wp:attachment":[{"href":"https:\/\/sindaopcpb.org.br\/index.php\/wp-json\/wp\/v2\/media?parent=48329"}],"wp:term":[{"taxonomy":"category","embeddable":true,"href":"https:\/\/sindaopcpb.org.br\/index.php\/wp-json\/wp\/v2\/categories?post=48329"},{"taxonomy":"post_tag","embeddable":true,"href":"https:\/\/sindaopcpb.org.br\/index.php\/wp-json\/wp\/v2\/tags?post=48329"}],"curies":[{"name":"wp","href":"https:\/\/api.w.org\/{rel}","templated":true}]}}