{"id":48325,"date":"2024-06-18T10:40:39","date_gmt":"2024-06-18T13:40:39","guid":{"rendered":"https:\/\/www.pbagora.com.br\/?p=838291"},"modified":"2024-06-18T10:40:39","modified_gmt":"2024-06-18T13:40:39","slug":"operacao-prende-na-capital-e-bayeux-membros-de-faccao-criminosa-que-cometia-varios-crimes-na-grande-jp","status":"publish","type":"post","link":"https:\/\/sindaopcpb.org.br\/index.php\/2024\/06\/18\/operacao-prende-na-capital-e-bayeux-membros-de-faccao-criminosa-que-cometia-varios-crimes-na-grande-jp\/","title":{"rendered":"Opera\u00e7\u00e3o prende na capital e Bayeux membros de fac\u00e7\u00e3o criminosa que cometia v\u00e1rios crimes na Grande JP"},"content":{"rendered":"<p><img width=\"700\" height=\"467\" src=\"https:\/\/pbagora.s3.amazonaws.com\/2024\/05\/24093951\/viatura-policia-civil-pb-foto-ascom-pcpb-e1675522003278.jpg\" class=\"attachment-large size-large wp-post-image\" alt=\"\" style=\"margin-bottom: 20px;\" decoding=\"async\" loading=\"lazy\" srcset=\"https:\/\/pbagora.s3.amazonaws.com\/2024\/05\/24093951\/viatura-policia-civil-pb-foto-ascom-pcpb-e1675522003278.jpg 700w, https:\/\/pbagora.s3.amazonaws.com\/2024\/05\/24093951\/viatura-policia-civil-pb-foto-ascom-pcpb-e1675522003278-300x200.jpg 300w, https:\/\/pbagora.s3.amazonaws.com\/2024\/05\/24093951\/viatura-policia-civil-pb-foto-ascom-pcpb-e1675522003278-150x100.jpg 150w, https:\/\/pbagora.s3.amazonaws.com\/2024\/05\/24093951\/viatura-policia-civil-pb-foto-ascom-pcpb-e1675522003278-380x254.jpg 380w, https:\/\/pbagora.s3.amazonaws.com\/2024\/05\/24093951\/viatura-policia-civil-pb-foto-ascom-pcpb-e1675522003278-80x53.jpg 80w, https:\/\/pbagora.s3.amazonaws.com\/2024\/05\/24093951\/viatura-policia-civil-pb-foto-ascom-pcpb-e1675522003278-600x400.jpg 600w\" sizes=\"(max-width: 700px) 100vw, 700px\" \/><\/p><p>A Pol\u00edcia Civil da Para\u00edba est\u00e1 intensificando as investiga\u00e7\u00f5es e pris\u00f5es contra integrantes de uma fac\u00e7\u00e3o criminosa ligada ao tr\u00e1fico violento de drogas na regi\u00e3o de Bayeux. Nas \u00faltimas 48 horas (segunda-feira, 17, e ter\u00e7a-feira, 18), est\u00e1 em andamento a Opera\u00e7\u00e3o Mar\u00e9s, que visa cumprir oito mandados judiciais de pris\u00e3o e de buscas, nas cidades de Bayeux e Jo\u00e3o Pessoa.<\/p>\n<p>Os alvos s\u00e3o investigados pelo cometimento de diversos homic\u00eddios recentes na regi\u00e3o de Bayeux e adjac\u00eancias. Dois homens foram presos na manh\u00e3 desta ter\u00e7a-feira, 18, no bairro de Mangabeira, em Jo\u00e3o Pessoa, e um terceiro investigado foi capturado no interior da comunidade \u201cCachimbo Apagado\u201d, no Centro de Bayeux.<\/p>\n<p>A opera\u00e7\u00e3o cumpriu cinco mandados de pris\u00e3o em desfavor de criminosos j\u00e1 recolhidos em unidades prisionais da grande Jo\u00e3o Pessoa, identificados durante as investiga\u00e7\u00f5es como mandantes e\/ou part\u00edcipes de alguns crimes. Essa etapa da opera\u00e7\u00e3o contou com o apoio da Secretaria da Administra\u00e7\u00e3o Penitenci\u00e1ria (SEAP).<\/p>\n<p>Todos os alvos j\u00e1 respondem a processos criminais por organiza\u00e7\u00e3o criminosa, tr\u00e1fico de drogas, porte ilegal de arma de fogo e outros crimes. As a\u00e7\u00f5es de campo contaram com o fundamental apoio da Delegacia de Repress\u00e3o ao Crime Organizado (DRACO), e os levantamentos e pesquisas tiveram a colabora\u00e7\u00e3o da Unintelpol\/PCPB.<\/p>\n<p>De acordo com o delegado Jo\u00e3o Paulo Amazonas, que coordena a opera\u00e7\u00e3o, trata-se de um trabalho de repress\u00e3o qualificada, baseado em provas t\u00e9cnicas e levantamentos precisos de informa\u00e7\u00f5es que possam levar \u00e0 condena\u00e7\u00e3o de cada alvo investigado.<\/p>\n<p>\u201c\u00c9 a ess\u00eancia das pol\u00edcias investigativas: investigar, identificar as pessoas envolvidas e lev\u00e1-las ao crivo da justi\u00e7a. Para se combater crimes graves \u00e9 preciso muita investiga\u00e7\u00e3o, e \u00e9 isso que a Pol\u00edcia Civil faz com excel\u00eancia em nosso estado\u201d, destacou o delegado.<\/p>\n<p>O resultado da opera\u00e7\u00e3o ser\u00e1 comunicado ao Poder Judici\u00e1rio, para a aplica\u00e7\u00e3o das medidas legais.<\/p>\n","protected":false},"excerpt":{"rendered":"<p><img decoding=\"async\" width=\"700\" height=\"467\" src=\"https:\/\/pbagora.s3.amazonaws.com\/2024\/05\/24093951\/viatura-policia-civil-pb-foto-ascom-pcpb-e1675522003278.jpg\" class=\"attachment-large size-large wp-post-image\" alt=\"\" loading=\"lazy\"><\/p>\n<p>A Pol\u00edcia Civil da Para\u00edba est\u00e1 intensificando as investiga\u00e7\u00f5es e pris\u00f5es contra integrantes de uma fac\u00e7\u00e3o criminosa ligada\u2026<\/p>\n","protected":false},"author":123458,"featured_media":0,"comment_status":"closed","ping_status":"closed","sticky":false,"template":"","format":"standard","meta":{"advgb_blocks_editor_width":"","advgb_blocks_columns_visual_guide":"","footnotes":""},"categories":[34],"tags":[10841,35,10839],"class_list":["post-48325","post","type-post","status-publish","format-standard","hentry","category-g1","tag-destaque-centro-02","tag-g1","tag-policial"],"author_meta":{"display_name":"Feliphe Rojas","author_link":"https:\/\/sindaopcpb.org.br\/author\/feliphe-rojas\/"},"featured_img":null,"coauthors":[],"tax_additional":{"categories":{"linked":["<a href=\"https:\/\/sindaopcpb.org.br\/g1\/\" class=\"advgb-post-tax-term\">G1<\/a>"],"unlinked":["<span class=\"advgb-post-tax-term\">G1<\/span>"]},"tags":{"linked":["<a href=\"https:\/\/sindaopcpb.org.br\/g1\/\" class=\"advgb-post-tax-term\">Destaque Centro 02<\/a>","<a href=\"https:\/\/sindaopcpb.org.br\/g1\/\" class=\"advgb-post-tax-term\">g1<\/a>","<a href=\"https:\/\/sindaopcpb.org.br\/g1\/\" class=\"advgb-post-tax-term\">Policial<\/a>"],"unlinked":["<span class=\"advgb-post-tax-term\">Destaque Centro 02<\/span>","<span class=\"advgb-post-tax-term\">g1<\/span>","<span class=\"advgb-post-tax-term\">Policial<\/span>"]}},"comment_count":"0","relative_dates":{"created":"Publicado 2 anos atr\u00e1s","modified":"Atualizado 2 anos atr\u00e1s"},"absolute_dates":{"created":"Publicado em 18 de junho de 2024","modified":"Atualizado em 18 de junho de 2024"},"absolute_dates_time":{"created":"Publicado em 18 de junho de 2024 10:40","modified":"Atualizado em 18 de junho de 2024 10:40"},"featured_img_caption":"","series_order":"","_links":{"self":[{"href":"https:\/\/sindaopcpb.org.br\/index.php\/wp-json\/wp\/v2\/posts\/48325","targetHints":{"allow":["GET"]}}],"collection":[{"href":"https:\/\/sindaopcpb.org.br\/index.php\/wp-json\/wp\/v2\/posts"}],"about":[{"href":"https:\/\/sindaopcpb.org.br\/index.php\/wp-json\/wp\/v2\/types\/post"}],"author":[{"embeddable":true,"href":"https:\/\/sindaopcpb.org.br\/index.php\/wp-json\/wp\/v2\/users\/123458"}],"replies":[{"embeddable":true,"href":"https:\/\/sindaopcpb.org.br\/index.php\/wp-json\/wp\/v2\/comments?post=48325"}],"version-history":[{"count":1,"href":"https:\/\/sindaopcpb.org.br\/index.php\/wp-json\/wp\/v2\/posts\/48325\/revisions"}],"predecessor-version":[{"id":48326,"href":"https:\/\/sindaopcpb.org.br\/index.php\/wp-json\/wp\/v2\/posts\/48325\/revisions\/48326"}],"wp:attachment":[{"href":"https:\/\/sindaopcpb.org.br\/index.php\/wp-json\/wp\/v2\/media?parent=48325"}],"wp:term":[{"taxonomy":"category","embeddable":true,"href":"https:\/\/sindaopcpb.org.br\/index.php\/wp-json\/wp\/v2\/categories?post=48325"},{"taxonomy":"post_tag","embeddable":true,"href":"https:\/\/sindaopcpb.org.br\/index.php\/wp-json\/wp\/v2\/tags?post=48325"}],"curies":[{"name":"wp","href":"https:\/\/api.w.org\/{rel}","templated":true}]}}