{"id":48308,"date":"2024-06-18T06:13:22","date_gmt":"2024-06-18T09:13:22","guid":{"rendered":"https:\/\/www.pbagora.com.br\/?p=838212"},"modified":"2024-06-18T08:56:22","modified_gmt":"2024-06-18T11:56:22","slug":"jovem-e-alvejado-tres-vezes-em-ataque-a-tiros-no-alto-das-populares-em-santa-rita","status":"publish","type":"post","link":"https:\/\/sindaopcpb.org.br\/index.php\/2024\/06\/18\/jovem-e-alvejado-tres-vezes-em-ataque-a-tiros-no-alto-das-populares-em-santa-rita\/","title":{"rendered":"Jovem \u00e9 alvejado tr\u00eas vezes em ataque a tiros no Alto das Populares, em Santa Rita"},"content":{"rendered":"<p><img width=\"984\" height=\"554\" src=\"https:\/\/pbagora.s3.amazonaws.com\/2024\/06\/10103134\/trauma.webp\" class=\"attachment-large size-large wp-post-image\" alt=\"\" style=\"margin-bottom: 20px;\" decoding=\"async\" srcset=\"https:\/\/pbagora.s3.amazonaws.com\/2024\/06\/10103134\/trauma.webp 984w, https:\/\/pbagora.s3.amazonaws.com\/2024\/06\/10103134\/trauma-300x169.webp 300w, https:\/\/pbagora.s3.amazonaws.com\/2024\/06\/10103134\/trauma-150x84.webp 150w, https:\/\/pbagora.s3.amazonaws.com\/2024\/06\/10103134\/trauma-768x432.webp 768w, https:\/\/pbagora.s3.amazonaws.com\/2024\/06\/10103134\/trauma-380x214.webp 380w, https:\/\/pbagora.s3.amazonaws.com\/2024\/06\/10103134\/trauma-800x450.webp 800w, https:\/\/pbagora.s3.amazonaws.com\/2024\/06\/10103134\/trauma-80x46.webp 80w, https:\/\/pbagora.s3.amazonaws.com\/2024\/06\/10103134\/trauma-760x428.webp 760w, https:\/\/pbagora.s3.amazonaws.com\/2024\/06\/10103134\/trauma-600x338.webp 600w\" sizes=\"(max-width: 984px) 100vw, 984px\" \/><\/p><p>Na noite de ontem (17), o jovem Jo\u00e3o Alison Batista foi alvo de um ataque a tiros enquanto estava na Escadaria do Onze, no Alto das Populares, munic\u00edpio de Santa Rita, regi\u00e3o metropolitana de Jo\u00e3o Pessoa. Dois indiv\u00edduos se aproximaram e dispararam contra ele, atingindo-o pelo menos duas vezes na regi\u00e3o do abd\u00f4men.<\/p>\n<p>Jo\u00e3o Alison foi prontamente socorrido pelo Servi\u00e7o de Atendimento M\u00f3vel de Urg\u00eancia (SAMU) e encaminhado para o Hospital de Emerg\u00eancia e Trauma Senador Humberto Lucena, na capital. At\u00e9 o momento, o hospital n\u00e3o divulgou informa\u00e7\u00f5es sobre o estado de sa\u00fade do adolescente.<\/p>\n<p>A pol\u00edcia fez rondas, mas nenhum suspeitos foi preso at\u00e9 o termino da mat\u00e9ria.<\/p>\n<p>Reda\u00e7\u00e3o<\/p>\n","protected":false},"excerpt":{"rendered":"<p><img loading=\"lazy\" decoding=\"async\" width=\"984\" height=\"554\" src=\"https:\/\/pbagora.s3.amazonaws.com\/2024\/06\/10103134\/trauma.webp\" class=\"attachment-large size-large wp-post-image\" alt=\"\"><\/p>\n<p>Na noite de ontem (17), o jovem Jo\u00e3o Alison Batista foi alvo de um ataque a tiros enquanto\u2026<\/p>\n","protected":false},"author":123457,"featured_media":0,"comment_status":"closed","ping_status":"closed","sticky":false,"template":"","format":"standard","meta":{"advgb_blocks_editor_width":"","advgb_blocks_columns_visual_guide":"","footnotes":""},"categories":[34],"tags":[35,10839,10847],"class_list":["post-48308","post","type-post","status-publish","format-standard","hentry","category-g1","tag-g1","tag-policial","tag-rodape-03"],"author_meta":{"display_name":"Reda\u00e7\u00e3o","author_link":"https:\/\/sindaopcpb.org.br\/author\/redacao\/"},"featured_img":null,"coauthors":[],"tax_additional":{"categories":{"linked":["<a href=\"https:\/\/sindaopcpb.org.br\/g1\/\" class=\"advgb-post-tax-term\">G1<\/a>"],"unlinked":["<span class=\"advgb-post-tax-term\">G1<\/span>"]},"tags":{"linked":["<a href=\"https:\/\/sindaopcpb.org.br\/g1\/\" class=\"advgb-post-tax-term\">g1<\/a>","<a href=\"https:\/\/sindaopcpb.org.br\/g1\/\" class=\"advgb-post-tax-term\">Policial<\/a>","<a href=\"https:\/\/sindaopcpb.org.br\/g1\/\" class=\"advgb-post-tax-term\">Rodape 03<\/a>"],"unlinked":["<span class=\"advgb-post-tax-term\">g1<\/span>","<span class=\"advgb-post-tax-term\">Policial<\/span>","<span class=\"advgb-post-tax-term\">Rodape 03<\/span>"]}},"comment_count":"0","relative_dates":{"created":"Publicado 2 anos atr\u00e1s","modified":"Atualizado 2 anos atr\u00e1s"},"absolute_dates":{"created":"Publicado em 18 de junho de 2024","modified":"Atualizado em 18 de junho de 2024"},"absolute_dates_time":{"created":"Publicado em 18 de junho de 2024 06:13","modified":"Atualizado em 18 de junho de 2024 08:56"},"featured_img_caption":"","series_order":"","_links":{"self":[{"href":"https:\/\/sindaopcpb.org.br\/index.php\/wp-json\/wp\/v2\/posts\/48308","targetHints":{"allow":["GET"]}}],"collection":[{"href":"https:\/\/sindaopcpb.org.br\/index.php\/wp-json\/wp\/v2\/posts"}],"about":[{"href":"https:\/\/sindaopcpb.org.br\/index.php\/wp-json\/wp\/v2\/types\/post"}],"author":[{"embeddable":true,"href":"https:\/\/sindaopcpb.org.br\/index.php\/wp-json\/wp\/v2\/users\/123457"}],"replies":[{"embeddable":true,"href":"https:\/\/sindaopcpb.org.br\/index.php\/wp-json\/wp\/v2\/comments?post=48308"}],"version-history":[{"count":3,"href":"https:\/\/sindaopcpb.org.br\/index.php\/wp-json\/wp\/v2\/posts\/48308\/revisions"}],"predecessor-version":[{"id":48331,"href":"https:\/\/sindaopcpb.org.br\/index.php\/wp-json\/wp\/v2\/posts\/48308\/revisions\/48331"}],"wp:attachment":[{"href":"https:\/\/sindaopcpb.org.br\/index.php\/wp-json\/wp\/v2\/media?parent=48308"}],"wp:term":[{"taxonomy":"category","embeddable":true,"href":"https:\/\/sindaopcpb.org.br\/index.php\/wp-json\/wp\/v2\/categories?post=48308"},{"taxonomy":"post_tag","embeddable":true,"href":"https:\/\/sindaopcpb.org.br\/index.php\/wp-json\/wp\/v2\/tags?post=48308"}],"curies":[{"name":"wp","href":"https:\/\/api.w.org\/{rel}","templated":true}]}}