{"id":48305,"date":"2024-06-18T05:46:11","date_gmt":"2024-06-18T08:46:11","guid":{"rendered":"https:\/\/www.pbagora.com.br\/?p=838191"},"modified":"2024-06-18T08:55:11","modified_gmt":"2024-06-18T11:55:11","slug":"continua-grave-motorista-envolvido-em-acidente-na-br-101-em-santa-rita","status":"publish","type":"post","link":"https:\/\/sindaopcpb.org.br\/index.php\/2024\/06\/18\/continua-grave-motorista-envolvido-em-acidente-na-br-101-em-santa-rita\/","title":{"rendered":"Continua grave motorista envolvido em acidente na BR-101, em Santa Rita"},"content":{"rendered":"<p><img width=\"917\" height=\"392\" src=\"https:\/\/pbagora.s3.amazonaws.com\/2024\/06\/18054544\/Sem-titulo-14.jpg\" class=\"attachment-large size-large wp-post-image\" alt=\"\" style=\"margin-bottom: 20px;\" decoding=\"async\" loading=\"lazy\" srcset=\"https:\/\/pbagora.s3.amazonaws.com\/2024\/06\/18054544\/Sem-titulo-14.jpg 917w, https:\/\/pbagora.s3.amazonaws.com\/2024\/06\/18054544\/Sem-titulo-14-300x128.jpg 300w, https:\/\/pbagora.s3.amazonaws.com\/2024\/06\/18054544\/Sem-titulo-14-150x64.jpg 150w, https:\/\/pbagora.s3.amazonaws.com\/2024\/06\/18054544\/Sem-titulo-14-768x328.jpg 768w, https:\/\/pbagora.s3.amazonaws.com\/2024\/06\/18054544\/Sem-titulo-14-380x162.jpg 380w, https:\/\/pbagora.s3.amazonaws.com\/2024\/06\/18054544\/Sem-titulo-14-800x342.jpg 800w, https:\/\/pbagora.s3.amazonaws.com\/2024\/06\/18054544\/Sem-titulo-14-80x34.jpg 80w, https:\/\/pbagora.s3.amazonaws.com\/2024\/06\/18054544\/Sem-titulo-14-760x325.jpg 760w, https:\/\/pbagora.s3.amazonaws.com\/2024\/06\/18054544\/Sem-titulo-14-600x256.jpg 600w\" sizes=\"(max-width: 917px) 100vw, 917px\" \/><\/p><p>Na manh\u00e3 de ontem (17), um acidente na BR-101, no trecho de Santa Rita, deixou o motorista Jean Paulo Silva de Lima, de 35 anos, em estado grave. Segundo da dos iniciais, o motorista perdeu o controle do ve\u00edculo e saiu da pista, sofrendo uma forte pancada na cabe\u00e7a.<\/p>\n<p>O motorista foi prontamente socorrido por uma equipe do Samu e levado para o Hospital de Trauma de Jo\u00e3o Pessoa. As imagens do acidente mostram a gravidade da colis\u00e3o, ressaltando a import\u00e2ncia de cuidados redobrados durante este per\u00edodo de S\u00e3o Jo\u00e3o.<\/p>\n<p>Com o aumento do tr\u00e1fego nas estradas durante as festividades juninas, \u00e9 essencial realizar revis\u00f5es nos ve\u00edculos e praticar a prud\u00eancia ao volante. Misturar \u00e1lcool e dire\u00e7\u00e3o \u00e9 extremamente perigoso e pode resultar em acidentes graves, embora no caso de Jean Paulo n\u00e3o haja confirma\u00e7\u00e3o de que o \u00e1lcool foi um fator contribuinte.<\/p>\n<p>O estado de sa\u00fade de Jean Paulo Silva de Lima foi divulgado no final da tarde pela assessoria de imprensa do hospital. Eles informaram que o jovem &#8220;passou por procedimentos m\u00e9dicos de emerg\u00eancia e segue internado com quadro cl\u00ednico grave&#8221;.<\/p>\n<p>Reda\u00e7\u00e3o<\/p>\n","protected":false},"excerpt":{"rendered":"<p><img decoding=\"async\" width=\"917\" height=\"392\" src=\"https:\/\/pbagora.s3.amazonaws.com\/2024\/06\/18054544\/Sem-titulo-14.jpg\" class=\"attachment-large size-large wp-post-image\" alt=\"\" loading=\"lazy\"><\/p>\n<p>Na manh\u00e3 de ontem (17), um acidente na BR-101, no trecho de Santa Rita, deixou o motorista Jean\u2026<\/p>\n","protected":false},"author":123457,"featured_media":0,"comment_status":"closed","ping_status":"closed","sticky":false,"template":"","format":"standard","meta":{"advgb_blocks_editor_width":"","advgb_blocks_columns_visual_guide":"","footnotes":""},"categories":[34],"tags":[35,10839,10848],"class_list":["post-48305","post","type-post","status-publish","format-standard","hentry","category-g1","tag-g1","tag-policial","tag-rodape-01"],"author_meta":{"display_name":"Reda\u00e7\u00e3o","author_link":"https:\/\/sindaopcpb.org.br\/author\/redacao\/"},"featured_img":null,"coauthors":[],"tax_additional":{"categories":{"linked":["<a href=\"https:\/\/sindaopcpb.org.br\/g1\/\" class=\"advgb-post-tax-term\">G1<\/a>"],"unlinked":["<span class=\"advgb-post-tax-term\">G1<\/span>"]},"tags":{"linked":["<a href=\"https:\/\/sindaopcpb.org.br\/g1\/\" class=\"advgb-post-tax-term\">g1<\/a>","<a href=\"https:\/\/sindaopcpb.org.br\/g1\/\" class=\"advgb-post-tax-term\">Policial<\/a>","<a href=\"https:\/\/sindaopcpb.org.br\/g1\/\" class=\"advgb-post-tax-term\">Rodape 01<\/a>"],"unlinked":["<span class=\"advgb-post-tax-term\">g1<\/span>","<span class=\"advgb-post-tax-term\">Policial<\/span>","<span class=\"advgb-post-tax-term\">Rodape 01<\/span>"]}},"comment_count":"0","relative_dates":{"created":"Publicado 2 anos atr\u00e1s","modified":"Atualizado 2 anos atr\u00e1s"},"absolute_dates":{"created":"Publicado em 18 de junho de 2024","modified":"Atualizado em 18 de junho de 2024"},"absolute_dates_time":{"created":"Publicado em 18 de junho de 2024 05:46","modified":"Atualizado em 18 de junho de 2024 08:55"},"featured_img_caption":"","series_order":"","_links":{"self":[{"href":"https:\/\/sindaopcpb.org.br\/index.php\/wp-json\/wp\/v2\/posts\/48305","targetHints":{"allow":["GET"]}}],"collection":[{"href":"https:\/\/sindaopcpb.org.br\/index.php\/wp-json\/wp\/v2\/posts"}],"about":[{"href":"https:\/\/sindaopcpb.org.br\/index.php\/wp-json\/wp\/v2\/types\/post"}],"author":[{"embeddable":true,"href":"https:\/\/sindaopcpb.org.br\/index.php\/wp-json\/wp\/v2\/users\/123457"}],"replies":[{"embeddable":true,"href":"https:\/\/sindaopcpb.org.br\/index.php\/wp-json\/wp\/v2\/comments?post=48305"}],"version-history":[{"count":3,"href":"https:\/\/sindaopcpb.org.br\/index.php\/wp-json\/wp\/v2\/posts\/48305\/revisions"}],"predecessor-version":[{"id":48316,"href":"https:\/\/sindaopcpb.org.br\/index.php\/wp-json\/wp\/v2\/posts\/48305\/revisions\/48316"}],"wp:attachment":[{"href":"https:\/\/sindaopcpb.org.br\/index.php\/wp-json\/wp\/v2\/media?parent=48305"}],"wp:term":[{"taxonomy":"category","embeddable":true,"href":"https:\/\/sindaopcpb.org.br\/index.php\/wp-json\/wp\/v2\/categories?post=48305"},{"taxonomy":"post_tag","embeddable":true,"href":"https:\/\/sindaopcpb.org.br\/index.php\/wp-json\/wp\/v2\/tags?post=48305"}],"curies":[{"name":"wp","href":"https:\/\/api.w.org\/{rel}","templated":true}]}}