{"id":48301,"date":"2024-06-17T19:20:53","date_gmt":"2024-06-17T22:20:53","guid":{"rendered":"https:\/\/www.pbagora.com.br\/?p=838179"},"modified":"2024-06-17T19:20:53","modified_gmt":"2024-06-17T22:20:53","slug":"sao-joao-policia-ja-prendeu-20-pessoas-em-locais-de-festas-na-paraiba","status":"publish","type":"post","link":"https:\/\/sindaopcpb.org.br\/index.php\/2024\/06\/17\/sao-joao-policia-ja-prendeu-20-pessoas-em-locais-de-festas-na-paraiba\/","title":{"rendered":"S\u00e3o Jo\u00e3o: Pol\u00edcia j\u00e1 prendeu 20 pessoas em locais de festas na Para\u00edba"},"content":{"rendered":"<p><img width=\"1024\" height=\"782\" src=\"https:\/\/pbagora.s3.amazonaws.com\/2024\/06\/10150946\/unnamed-17-e1718657732974-1024x782.jpg\" class=\"attachment-large size-large wp-post-image\" alt=\"\" style=\"margin-bottom: 20px;\" decoding=\"async\" srcset=\"https:\/\/pbagora.s3.amazonaws.com\/2024\/06\/10150946\/unnamed-17-e1718657732974-1024x782.jpg 1024w, https:\/\/pbagora.s3.amazonaws.com\/2024\/06\/10150946\/unnamed-17-e1718657732974-300x229.jpg 300w, https:\/\/pbagora.s3.amazonaws.com\/2024\/06\/10150946\/unnamed-17-e1718657732974-150x115.jpg 150w, https:\/\/pbagora.s3.amazonaws.com\/2024\/06\/10150946\/unnamed-17-e1718657732974-768x586.jpg 768w, https:\/\/pbagora.s3.amazonaws.com\/2024\/06\/10150946\/unnamed-17-e1718657732974-380x290.jpg 380w, https:\/\/pbagora.s3.amazonaws.com\/2024\/06\/10150946\/unnamed-17-e1718657732974-800x611.jpg 800w, https:\/\/pbagora.s3.amazonaws.com\/2024\/06\/10150946\/unnamed-17-e1718657732974-80x60.jpg 80w, https:\/\/pbagora.s3.amazonaws.com\/2024\/06\/10150946\/unnamed-17-e1718657732974-760x580.jpg 760w, https:\/\/pbagora.s3.amazonaws.com\/2024\/06\/10150946\/unnamed-17-e1718657732974-600x458.jpg 600w, https:\/\/pbagora.s3.amazonaws.com\/2024\/06\/10150946\/unnamed-17-e1718657732974.jpg 1066w\" sizes=\"(max-width: 1024px) 100vw, 1024px\" \/><\/p><p>A Secretaria da Seguran\u00e7a e da Defesa Social (Sesds) da Para\u00edba utilizou, pela primeira vez, os Centros Integrados de Comando e Controle (CICC) da 1\u00aa e da 2\u00aa Regi\u00f5es Integradas de Seguran\u00e7a P\u00fablica (Reisp) para monitorar os festejos juninos em todo o estado. A inova\u00e7\u00e3o tecnol\u00f3gica e a a\u00e7\u00e3o coordenada resultaram na pris\u00e3o de 20 pessoas entre os dias 10 e 17 de junho, nos locais de festa, demonstrando a efetividade dos trabalhos desenvolvidos pelo \u00f3rg\u00e3os operativos (Pol\u00edcia Militar, Pol\u00edcia Civil e Corpo de Bombeiros Militar) em a\u00e7\u00f5es conjuntas com a Secretaria de Administra\u00e7\u00e3o Penitenci\u00e1ria, Detran e \u00f3rg\u00e3os de tr\u00e2nsito municipais.<\/p>\n<p>Al\u00e9m disso, incidentes como a condu\u00e7\u00e3o de indiv\u00edduos por atos infracionais menores tamb\u00e9m foram registrados, demonstrando a presen\u00e7a constante e vigilante das for\u00e7as de seguran\u00e7a. Durante o mesmo per\u00edodo, os bombeiros militares realizaram 255 atendimentos, sendo 30 em Santa Rita, 31 em Jo\u00e3o Pessoa e 194 no Parque do Povo, em Campina Grande. Deste total, 114 foram de Emerg\u00eancias Cl\u00ednicas, evidenciando a prontid\u00e3o e efici\u00eancia dos servi\u00e7os de emerg\u00eancia em atender a popula\u00e7\u00e3o nos eventos juninos.<\/p>\n<p>O coordenador estadual dos Centros Integrados de Comando e Controle, coronel PM Julio C\u00e9sar de Oliveira, destacou os excelentes resultados obtidos com a opera\u00e7\u00e3o conjunta. \u201cA utiliza\u00e7\u00e3o dos CICC permitiu uma resposta r\u00e1pida e eficaz \u00e0s ocorr\u00eancias, garantindo a seguran\u00e7a dos cidad\u00e3os e a tranquilidade dos eventos. A inova\u00e7\u00e3o tecnol\u00f3gica aplicada este ano \u00e9 fundamental para o sucesso da opera\u00e7\u00e3o, e marca um avan\u00e7o significativo na coordena\u00e7\u00e3o e efici\u00eancia das opera\u00e7\u00f5es de seguran\u00e7a, servindo como um modelo para futuros eventos. Continuaremos a aprimorar nossas estrat\u00e9gias, buscando sempre a excel\u00eancia na seguran\u00e7a p\u00fablica e a prote\u00e7\u00e3o da popula\u00e7\u00e3o\u201d, explicou.<\/p>\n<p>Durante os festejos, a Sesds adotou uma estrat\u00e9gia inovadora, utilizando drones equipados com tecnologia de reconhecimento facial durante as noites de festa, em Campina Grande, Santa Rita e Bananeiras. Esses drones permitem o cruzamento de imagens captadas com bancos de dados das for\u00e7as operativas e da Pol\u00edcia Penal, transmitindo ao vivo e em alta defini\u00e7\u00e3o para os CICC, garantindo uma vigil\u00e2ncia eficaz e a detec\u00e7\u00e3o r\u00e1pida de indiv\u00edduos procurados. A utiliza\u00e7\u00e3o dessas tecnologias avan\u00e7adas proporciona um monitoramento abrangente e cont\u00ednuo das \u00e1reas de maior concentra\u00e7\u00e3o de p\u00fablico.<\/p>\n<p>A opera\u00e7\u00e3o em todo o estado tamb\u00e9m envolveu um contingente significativo de servidores e viaturas das Pol\u00edcias Militar e Civil, al\u00e9m do Corpo de Bombeiros Militar, totalizando 33.677 empregos de servidores, com uma m\u00e9dia de 1.020 agentes por dia entre os dias 29 de maio e 30 de junho. Esse investimento incluiu R$ 20,3 milh\u00f5es destinados a ajuda de custo operacional e di\u00e1rias, e R$ 600 mil para log\u00edstica de transporte e alimenta\u00e7\u00e3o.<\/p>\n<p><strong>Ocorr\u00eancias Registradas<\/strong><br \/>\nEntre os dias 12 e 17 de junho, diversas pris\u00f5es foram realizadas no Parque do Povo em Campina Grande, e na Pra\u00e7a do Povo em Santa Rita.<\/p>\n<p><strong>PARQUE DO POVO \u2013 CAMPINA GRANDE<\/strong><br \/>\nDia 12\/06 \u2013 Homem detido (mandado de pris\u00e3o por recepta\u00e7\u00e3o, tr\u00e1fico e porte ilegal de arma de fogo).<br \/>\nDia 13\/06 \u2013 Homem preso em flagrante ap\u00f3s pr\u00e1tica de crime de furto de um celular na \u00e1rea da festa. Ele estava regime semiaberto no estado do Cear\u00e1, por crime cometido naquele estado.<br \/>\nDia 13\/06 \u2013 Dois homens presos em flagrante por tr\u00e1fico de drogas. Eles estavam com coca\u00edna e lol\u00f3.<br \/>\nDia 13\/06 \u2013 Dois homens presos em flagrante com lol\u00f3. Na ocasi\u00e3o da abordagem, eles resistiram e foram detidos tamb\u00e9m por desacato.<br \/>\nDia 13\/06 \u2013 Homem preso (mandado de pris\u00e3o por tr\u00e1fico de drogas)<br \/>\nDia 14\/06 \u2013 Homem preso, ap\u00f3s ser identificado por uma c\u00e2mera com reconhecimento facial na \u00e1rea de show. (mandado de pris\u00e3o por corrup\u00e7\u00e3o de menores e roubo)<br \/>\nDia 14\/06 \u2013 Homem preso ap\u00f3s ser identificado por uma c\u00e2mera com reconhecimento facial na \u00e1rea da cidade cenogr\u00e1fica. (mandado de pris\u00e3o por tr\u00e1fico de drogas)<br \/>\nDia 15\/06 \u2013 Homem conduzido \u00e0 Delegacia da Pol\u00edcia Civil por suposta agress\u00e3o a duas mulheres.<br \/>\nDia 16\/06- Dois menores apreendidos por ato infracional semelhante ao crime de roubo, a um \u00f4nibus de turismo nas imedia\u00e7\u00f5es do A\u00e7ude Velho. Com eles foram encontrados uma arma de fogo, muni\u00e7\u00f5es, R$ 1.150 reais em dinheiro, quatro aparelhos celulares, quatro an\u00e9is, uma bolsa contendo cart\u00f5es de cr\u00e9dito e dois rel\u00f3gios.<br \/>\nDia 16\/06 \u2013 Dois homens conduzidos \u00e0 Delegacia da Pol\u00edcia Civil por entrarem em briga corporal.<br \/>\nDia 16\/06 \u2013 Homem preso na Beijadrilha, (mandado de pris\u00e3o por roubo).<br \/>\nDia 16\/06 &#8211; Homem conduzido \u00e0 Delegacia da Pol\u00edcia Civil por ato obsceno,desacato e resist\u00eancia, \u00e0s margens do A\u00e7ude Velho.<br \/>\nDia 17\/06 \u2013 Homem preso em flagrante por porte de drogas.<br \/>\nDia 17\/06 \u2013 Homem preso em flagrante por tr\u00e1fico de drogas.<br \/>\nDia 17\/06 &#8211; Homem conduzido \u00e0 Delegacia da Pol\u00edcia Civil por entrar em luta corporal ao se recusar a pagar o que foi consumido em um estabelecimento comercial.<\/p>\n<p><strong>PRA\u00c7A DO POVO \u2013 SANTA RITA<\/strong><br \/>\nDia 12\/06 \u2013 Homem preso em flagrante por porte ilegal de arma de fogo, durante uma blitz realizada pelo BPTran nas imedia\u00e7\u00f5es na \u00e1rea da festa.<br \/>\nDia 13\/06 \u2013 Mulher presa por desacato.<br \/>\nDia 15\/06 \u2013 Homem preso em flagrante, armado com um fac\u00e3o e amea\u00e7ando a sua companheira.<br \/>\nDia 15\/06 \u2013 Homem preso em flagrante por tr\u00e1fico de drogas.<br \/>\nDia 16\/06 \u2013 Dois homens presos em flagrante com armas de fogo.<br \/>\nDia 16\/06 \u2013 Dois homem presos por quebra de regime penal.<\/p>\n<p>&nbsp;<\/p>\n<p><em><strong>Secom-PB<\/strong><\/em><\/p>\n","protected":false},"excerpt":{"rendered":"<p><img loading=\"lazy\" decoding=\"async\" width=\"1024\" height=\"782\" src=\"https:\/\/pbagora.s3.amazonaws.com\/2024\/06\/10150946\/unnamed-17-e1718657732974-1024x782.jpg\" class=\"attachment-large size-large wp-post-image\" alt=\"\"><\/p>\n<p>A Secretaria da Seguran\u00e7a e da Defesa Social (Sesds) da Para\u00edba utilizou, pela primeira vez, os Centros Integrados\u2026<\/p>\n","protected":false},"author":123457,"featured_media":0,"comment_status":"closed","ping_status":"closed","sticky":false,"template":"","format":"standard","meta":{"advgb_blocks_editor_width":"","advgb_blocks_columns_visual_guide":"","footnotes":""},"categories":[34],"tags":[35,10839],"class_list":["post-48301","post","type-post","status-publish","format-standard","hentry","category-g1","tag-g1","tag-policial"],"author_meta":{"display_name":"Reda\u00e7\u00e3o","author_link":"https:\/\/sindaopcpb.org.br\/author\/redacao\/"},"featured_img":null,"coauthors":[],"tax_additional":{"categories":{"linked":["<a href=\"https:\/\/sindaopcpb.org.br\/g1\/\" class=\"advgb-post-tax-term\">G1<\/a>"],"unlinked":["<span class=\"advgb-post-tax-term\">G1<\/span>"]},"tags":{"linked":["<a href=\"https:\/\/sindaopcpb.org.br\/g1\/\" class=\"advgb-post-tax-term\">g1<\/a>","<a href=\"https:\/\/sindaopcpb.org.br\/g1\/\" class=\"advgb-post-tax-term\">Policial<\/a>"],"unlinked":["<span class=\"advgb-post-tax-term\">g1<\/span>","<span class=\"advgb-post-tax-term\">Policial<\/span>"]}},"comment_count":"0","relative_dates":{"created":"Publicado 2 anos atr\u00e1s","modified":"Atualizado 2 anos atr\u00e1s"},"absolute_dates":{"created":"Publicado em 17 de junho de 2024","modified":"Atualizado em 17 de junho de 2024"},"absolute_dates_time":{"created":"Publicado em 17 de junho de 2024 19:20","modified":"Atualizado em 17 de junho de 2024 19:20"},"featured_img_caption":"","series_order":"","_links":{"self":[{"href":"https:\/\/sindaopcpb.org.br\/index.php\/wp-json\/wp\/v2\/posts\/48301","targetHints":{"allow":["GET"]}}],"collection":[{"href":"https:\/\/sindaopcpb.org.br\/index.php\/wp-json\/wp\/v2\/posts"}],"about":[{"href":"https:\/\/sindaopcpb.org.br\/index.php\/wp-json\/wp\/v2\/types\/post"}],"author":[{"embeddable":true,"href":"https:\/\/sindaopcpb.org.br\/index.php\/wp-json\/wp\/v2\/users\/123457"}],"replies":[{"embeddable":true,"href":"https:\/\/sindaopcpb.org.br\/index.php\/wp-json\/wp\/v2\/comments?post=48301"}],"version-history":[{"count":3,"href":"https:\/\/sindaopcpb.org.br\/index.php\/wp-json\/wp\/v2\/posts\/48301\/revisions"}],"predecessor-version":[{"id":48313,"href":"https:\/\/sindaopcpb.org.br\/index.php\/wp-json\/wp\/v2\/posts\/48301\/revisions\/48313"}],"wp:attachment":[{"href":"https:\/\/sindaopcpb.org.br\/index.php\/wp-json\/wp\/v2\/media?parent=48301"}],"wp:term":[{"taxonomy":"category","embeddable":true,"href":"https:\/\/sindaopcpb.org.br\/index.php\/wp-json\/wp\/v2\/categories?post=48301"},{"taxonomy":"post_tag","embeddable":true,"href":"https:\/\/sindaopcpb.org.br\/index.php\/wp-json\/wp\/v2\/tags?post=48301"}],"curies":[{"name":"wp","href":"https:\/\/api.w.org\/{rel}","templated":true}]}}