{"id":48290,"date":"2024-06-17T17:35:42","date_gmt":"2024-06-17T20:35:42","guid":{"rendered":"https:\/\/www.pbagora.com.br\/?p=838136"},"modified":"2024-06-17T17:35:42","modified_gmt":"2024-06-17T20:35:42","slug":"homem-e-assassinado-a-tiros-na-frente-da-filha-em-bairro-de-joao-pessoa","status":"publish","type":"post","link":"https:\/\/sindaopcpb.org.br\/index.php\/2024\/06\/17\/homem-e-assassinado-a-tiros-na-frente-da-filha-em-bairro-de-joao-pessoa\/","title":{"rendered":"Homem \u00e9 assassinado a tiros na frente da filha em bairro de Jo\u00e3o Pessoa"},"content":{"rendered":"<p><img width=\"876\" height=\"585\" src=\"https:\/\/pbagora.s3.amazonaws.com\/2022\/06\/27084848\/viatura_da_civil-homicidios_walla_santos_5.jpg\" class=\"attachment-large size-large wp-post-image\" alt=\"\" style=\"margin-bottom: 20px;\" decoding=\"async\" srcset=\"https:\/\/pbagora.s3.amazonaws.com\/2022\/06\/27084848\/viatura_da_civil-homicidios_walla_santos_5.jpg 876w, https:\/\/pbagora.s3.amazonaws.com\/2022\/06\/27084848\/viatura_da_civil-homicidios_walla_santos_5-300x200.jpg 300w, https:\/\/pbagora.s3.amazonaws.com\/2022\/06\/27084848\/viatura_da_civil-homicidios_walla_santos_5-150x100.jpg 150w, https:\/\/pbagora.s3.amazonaws.com\/2022\/06\/27084848\/viatura_da_civil-homicidios_walla_santos_5-768x513.jpg 768w, https:\/\/pbagora.s3.amazonaws.com\/2022\/06\/27084848\/viatura_da_civil-homicidios_walla_santos_5-380x254.jpg 380w, https:\/\/pbagora.s3.amazonaws.com\/2022\/06\/27084848\/viatura_da_civil-homicidios_walla_santos_5-800x534.jpg 800w, https:\/\/pbagora.s3.amazonaws.com\/2022\/06\/27084848\/viatura_da_civil-homicidios_walla_santos_5-80x53.jpg 80w, https:\/\/pbagora.s3.amazonaws.com\/2022\/06\/27084848\/viatura_da_civil-homicidios_walla_santos_5-760x508.jpg 760w, https:\/\/pbagora.s3.amazonaws.com\/2022\/06\/27084848\/viatura_da_civil-homicidios_walla_santos_5-600x401.jpg 600w\" sizes=\"(max-width: 876px) 100vw, 876px\" \/><\/p><p>No in\u00edcio da tarde desta segunda-feira (17), um homem foi alvo de v\u00e1rios disparos de fogo e morreu no bairro do Padr\u00e9 Z\u00e9, em Jo\u00e3o Pessoa. A filha de apenas tr\u00eas assistiu ao crime.<\/p>\n<p>Segundo informa\u00e7\u00f5es da pol\u00edcia, a v\u00edtima \u00e9 conhecida apenas pelo nome de Diogo. Testemunhas disseram que ele estava perto de casa aguardando a chegada de um transporte por aplicativo para ir trabalhar.<\/p>\n<p>Ainda segundo relatos repassados \u00e0 pol\u00edcia, uma pick&#8217;up pampa, de cor branca, com duas pessoas dentro, se aproximou de Diogo. Quando o condutor parou o ve\u00edculo, o segundo ocupante sacou uma arma e atirou v\u00e1rias vezes contra a v\u00edtima.<\/p>\n<p>A filha do Diogo, de apenas tr\u00eas anos, estava pr\u00f3xima ao pai quando os disparos come\u00e7aram, mas ela n\u00e3o foi atingida. A v\u00edtima deixa esposa e quatro filhos.<\/p>\n<p>A companheira da v\u00edtima afirmou aos policiais que seu esposo n\u00e3o tinha envolvimento com atividades criminosas.<\/p>\n<p>A Pol\u00edcia Civil investiga a autoria e a motiva\u00e7\u00e3o do crime. C\u00e2meras de monitoramento no local podem vir a contribuir com a identifica\u00e7\u00e3o dos suspeitos.<\/p>\n<p>&nbsp;<\/p>\n<p><em><strong>PB Agora<\/strong><\/em><\/p>\n","protected":false},"excerpt":{"rendered":"<p><img loading=\"lazy\" decoding=\"async\" width=\"876\" height=\"585\" src=\"https:\/\/pbagora.s3.amazonaws.com\/2022\/06\/27084848\/viatura_da_civil-homicidios_walla_santos_5.jpg\" class=\"attachment-large size-large wp-post-image\" alt=\"\"><\/p>\n<p>No in\u00edcio da tarde desta segunda-feira (17), um homem foi alvo de v\u00e1rios disparos de fogo e morreu\u2026<\/p>\n","protected":false},"author":123457,"featured_media":0,"comment_status":"closed","ping_status":"closed","sticky":false,"template":"","format":"standard","meta":{"advgb_blocks_editor_width":"","advgb_blocks_columns_visual_guide":"","footnotes":""},"categories":[34],"tags":[10845,35,10839],"class_list":["post-48290","post","type-post","status-publish","format-standard","hentry","category-g1","tag-destaque-centro-01","tag-g1","tag-policial"],"author_meta":{"display_name":"Reda\u00e7\u00e3o","author_link":"https:\/\/sindaopcpb.org.br\/author\/redacao\/"},"featured_img":null,"coauthors":[],"tax_additional":{"categories":{"linked":["<a href=\"https:\/\/sindaopcpb.org.br\/g1\/\" class=\"advgb-post-tax-term\">G1<\/a>"],"unlinked":["<span class=\"advgb-post-tax-term\">G1<\/span>"]},"tags":{"linked":["<a href=\"https:\/\/sindaopcpb.org.br\/g1\/\" class=\"advgb-post-tax-term\">Destaque Centro 01<\/a>","<a href=\"https:\/\/sindaopcpb.org.br\/g1\/\" class=\"advgb-post-tax-term\">g1<\/a>","<a href=\"https:\/\/sindaopcpb.org.br\/g1\/\" class=\"advgb-post-tax-term\">Policial<\/a>"],"unlinked":["<span class=\"advgb-post-tax-term\">Destaque Centro 01<\/span>","<span class=\"advgb-post-tax-term\">g1<\/span>","<span class=\"advgb-post-tax-term\">Policial<\/span>"]}},"comment_count":"0","relative_dates":{"created":"Publicado 2 anos atr\u00e1s","modified":"Atualizado 2 anos atr\u00e1s"},"absolute_dates":{"created":"Publicado em 17 de junho de 2024","modified":"Atualizado em 17 de junho de 2024"},"absolute_dates_time":{"created":"Publicado em 17 de junho de 2024 17:35","modified":"Atualizado em 17 de junho de 2024 17:35"},"featured_img_caption":"","series_order":"","_links":{"self":[{"href":"https:\/\/sindaopcpb.org.br\/index.php\/wp-json\/wp\/v2\/posts\/48290","targetHints":{"allow":["GET"]}}],"collection":[{"href":"https:\/\/sindaopcpb.org.br\/index.php\/wp-json\/wp\/v2\/posts"}],"about":[{"href":"https:\/\/sindaopcpb.org.br\/index.php\/wp-json\/wp\/v2\/types\/post"}],"author":[{"embeddable":true,"href":"https:\/\/sindaopcpb.org.br\/index.php\/wp-json\/wp\/v2\/users\/123457"}],"replies":[{"embeddable":true,"href":"https:\/\/sindaopcpb.org.br\/index.php\/wp-json\/wp\/v2\/comments?post=48290"}],"version-history":[{"count":3,"href":"https:\/\/sindaopcpb.org.br\/index.php\/wp-json\/wp\/v2\/posts\/48290\/revisions"}],"predecessor-version":[{"id":48304,"href":"https:\/\/sindaopcpb.org.br\/index.php\/wp-json\/wp\/v2\/posts\/48290\/revisions\/48304"}],"wp:attachment":[{"href":"https:\/\/sindaopcpb.org.br\/index.php\/wp-json\/wp\/v2\/media?parent=48290"}],"wp:term":[{"taxonomy":"category","embeddable":true,"href":"https:\/\/sindaopcpb.org.br\/index.php\/wp-json\/wp\/v2\/categories?post=48290"},{"taxonomy":"post_tag","embeddable":true,"href":"https:\/\/sindaopcpb.org.br\/index.php\/wp-json\/wp\/v2\/tags?post=48290"}],"curies":[{"name":"wp","href":"https:\/\/api.w.org\/{rel}","templated":true}]}}