{"id":48247,"date":"2024-06-16T12:03:31","date_gmt":"2024-06-16T15:03:31","guid":{"rendered":"https:\/\/www.pbagora.com.br\/?p=837841"},"modified":"2024-06-16T17:03:31","modified_gmt":"2024-06-16T20:03:31","slug":"homem-e-preso-por-porte-ilegal-de-arma-de-fogo-em-sousa-sertao-da-pb","status":"publish","type":"post","link":"https:\/\/sindaopcpb.org.br\/index.php\/2024\/06\/16\/homem-e-preso-por-porte-ilegal-de-arma-de-fogo-em-sousa-sertao-da-pb\/","title":{"rendered":"Homem \u00e9 preso por porte ilegal de arma de fogo em Sousa, Sert\u00e3o da PB"},"content":{"rendered":"<p><img width=\"768\" height=\"1024\" src=\"https:\/\/pbagora.s3.amazonaws.com\/2024\/06\/16120322\/unnamed-87-768x1024.jpg\" class=\"attachment-large size-large wp-post-image\" alt=\"\" style=\"margin-bottom: 20px;\" decoding=\"async\" loading=\"lazy\" srcset=\"https:\/\/pbagora.s3.amazonaws.com\/2024\/06\/16120322\/unnamed-87-768x1024.jpg 768w, https:\/\/pbagora.s3.amazonaws.com\/2024\/06\/16120322\/unnamed-87-225x300.jpg 225w, https:\/\/pbagora.s3.amazonaws.com\/2024\/06\/16120322\/unnamed-87-113x150.jpg 113w, https:\/\/pbagora.s3.amazonaws.com\/2024\/06\/16120322\/unnamed-87-380x507.jpg 380w, https:\/\/pbagora.s3.amazonaws.com\/2024\/06\/16120322\/unnamed-87-800x1067.jpg 800w, https:\/\/pbagora.s3.amazonaws.com\/2024\/06\/16120322\/unnamed-87-80x107.jpg 80w, https:\/\/pbagora.s3.amazonaws.com\/2024\/06\/16120322\/unnamed-87-60x80.jpg 60w, https:\/\/pbagora.s3.amazonaws.com\/2024\/06\/16120322\/unnamed-87-760x1013.jpg 760w, https:\/\/pbagora.s3.amazonaws.com\/2024\/06\/16120322\/unnamed-87-450x600.jpg 450w, https:\/\/pbagora.s3.amazonaws.com\/2024\/06\/16120322\/unnamed-87.jpg 960w\" sizes=\"(max-width: 768px) 100vw, 768px\" \/><\/p><p>Policiais militares do 14\u00ba Batalh\u00e3o de Pol\u00edcia Militar prenderam, neste domingo (16), um homem por posse ilegal de arma de fogo no S\u00edtio Paquet\u00e1, zona rural de Sousa. A pris\u00e3o foi realizada ap\u00f3s a equipe policial ser acionada para atender a uma ocorr\u00eancia de amea\u00e7a.<\/p>\n<p>A equipe policial foi ao local e visualizou a v\u00edtima e o suspeito. Segundo a v\u00edtima, o suspeito teria feito amea\u00e7as com uma arma de fogo. Foi realizada uma busca pessoal, mas nada foi encontrado com o homem, entretanto, ele informou aos policiais que a arma estaria em sua resid\u00eancia. Na casa, foi encontrado um rev\u00f3lver calibre 38 com seis muni\u00e7\u00f5es intactas.<\/p>\n<p>A arma, que n\u00e3o possu\u00eda registro, foi apreendida e o suspeito conduzido para a delegacia da cidade.<\/p>\n<p><strong>PB Agora<\/strong><\/p>\n","protected":false},"excerpt":{"rendered":"<p><img decoding=\"async\" width=\"768\" height=\"1024\" src=\"https:\/\/pbagora.s3.amazonaws.com\/2024\/06\/16120322\/unnamed-87-768x1024.jpg\" class=\"attachment-large size-large wp-post-image\" alt=\"\" loading=\"lazy\"><\/p>\n<p>Policiais militares do 14\u00ba Batalh\u00e3o de Pol\u00edcia Militar prenderam, neste domingo (16), um homem por posse ilegal de\u2026<\/p>\n","protected":false},"author":123457,"featured_media":0,"comment_status":"closed","ping_status":"closed","sticky":false,"template":"","format":"standard","meta":{"advgb_blocks_editor_width":"","advgb_blocks_columns_visual_guide":"","footnotes":""},"categories":[34],"tags":[10840,35,10839],"class_list":["post-48247","post","type-post","status-publish","format-standard","hentry","category-g1","tag-destaque-centro-03","tag-g1","tag-policial"],"author_meta":{"display_name":"Reda\u00e7\u00e3o","author_link":"https:\/\/sindaopcpb.org.br\/author\/redacao\/"},"featured_img":null,"coauthors":[],"tax_additional":{"categories":{"linked":["<a href=\"https:\/\/sindaopcpb.org.br\/g1\/\" class=\"advgb-post-tax-term\">G1<\/a>"],"unlinked":["<span class=\"advgb-post-tax-term\">G1<\/span>"]},"tags":{"linked":["<a href=\"https:\/\/sindaopcpb.org.br\/g1\/\" class=\"advgb-post-tax-term\">Destaque Centro 03<\/a>","<a href=\"https:\/\/sindaopcpb.org.br\/g1\/\" class=\"advgb-post-tax-term\">g1<\/a>","<a href=\"https:\/\/sindaopcpb.org.br\/g1\/\" class=\"advgb-post-tax-term\">Policial<\/a>"],"unlinked":["<span class=\"advgb-post-tax-term\">Destaque Centro 03<\/span>","<span class=\"advgb-post-tax-term\">g1<\/span>","<span class=\"advgb-post-tax-term\">Policial<\/span>"]}},"comment_count":"0","relative_dates":{"created":"Publicado 2 anos atr\u00e1s","modified":"Atualizado 2 anos atr\u00e1s"},"absolute_dates":{"created":"Publicado em 16 de junho de 2024","modified":"Atualizado em 16 de junho de 2024"},"absolute_dates_time":{"created":"Publicado em 16 de junho de 2024 12:03","modified":"Atualizado em 16 de junho de 2024 17:03"},"featured_img_caption":"","series_order":"","_links":{"self":[{"href":"https:\/\/sindaopcpb.org.br\/index.php\/wp-json\/wp\/v2\/posts\/48247","targetHints":{"allow":["GET"]}}],"collection":[{"href":"https:\/\/sindaopcpb.org.br\/index.php\/wp-json\/wp\/v2\/posts"}],"about":[{"href":"https:\/\/sindaopcpb.org.br\/index.php\/wp-json\/wp\/v2\/types\/post"}],"author":[{"embeddable":true,"href":"https:\/\/sindaopcpb.org.br\/index.php\/wp-json\/wp\/v2\/users\/123457"}],"replies":[{"embeddable":true,"href":"https:\/\/sindaopcpb.org.br\/index.php\/wp-json\/wp\/v2\/comments?post=48247"}],"version-history":[{"count":2,"href":"https:\/\/sindaopcpb.org.br\/index.php\/wp-json\/wp\/v2\/posts\/48247\/revisions"}],"predecessor-version":[{"id":48255,"href":"https:\/\/sindaopcpb.org.br\/index.php\/wp-json\/wp\/v2\/posts\/48247\/revisions\/48255"}],"wp:attachment":[{"href":"https:\/\/sindaopcpb.org.br\/index.php\/wp-json\/wp\/v2\/media?parent=48247"}],"wp:term":[{"taxonomy":"category","embeddable":true,"href":"https:\/\/sindaopcpb.org.br\/index.php\/wp-json\/wp\/v2\/categories?post=48247"},{"taxonomy":"post_tag","embeddable":true,"href":"https:\/\/sindaopcpb.org.br\/index.php\/wp-json\/wp\/v2\/tags?post=48247"}],"curies":[{"name":"wp","href":"https:\/\/api.w.org\/{rel}","templated":true}]}}