{"id":48245,"date":"2024-06-16T12:05:21","date_gmt":"2024-06-16T15:05:21","guid":{"rendered":"https:\/\/www.pbagora.com.br\/?p=837846"},"modified":"2024-06-16T18:05:21","modified_gmt":"2024-06-16T21:05:21","slug":"policia-prende-dois-homens-portando-armas-durante-festejo-junino-em-santa-rita","status":"publish","type":"post","link":"https:\/\/sindaopcpb.org.br\/index.php\/2024\/06\/16\/policia-prende-dois-homens-portando-armas-durante-festejo-junino-em-santa-rita\/","title":{"rendered":"Pol\u00edcia prende dois homens portando armas durante festejo junino em Santa Rita"},"content":{"rendered":"<p><img width=\"768\" height=\"1024\" src=\"https:\/\/pbagora.s3.amazonaws.com\/2024\/06\/16120512\/unnamed-88-768x1024.jpg\" class=\"attachment-large size-large wp-post-image\" alt=\"\" style=\"margin-bottom: 20px;\" decoding=\"async\" loading=\"lazy\" srcset=\"https:\/\/pbagora.s3.amazonaws.com\/2024\/06\/16120512\/unnamed-88-768x1024.jpg 768w, https:\/\/pbagora.s3.amazonaws.com\/2024\/06\/16120512\/unnamed-88-225x300.jpg 225w, https:\/\/pbagora.s3.amazonaws.com\/2024\/06\/16120512\/unnamed-88-113x150.jpg 113w, https:\/\/pbagora.s3.amazonaws.com\/2024\/06\/16120512\/unnamed-88-1152x1536.jpg 1152w, https:\/\/pbagora.s3.amazonaws.com\/2024\/06\/16120512\/unnamed-88-380x507.jpg 380w, https:\/\/pbagora.s3.amazonaws.com\/2024\/06\/16120512\/unnamed-88-800x1067.jpg 800w, https:\/\/pbagora.s3.amazonaws.com\/2024\/06\/16120512\/unnamed-88-1160x1547.jpg 1160w, https:\/\/pbagora.s3.amazonaws.com\/2024\/06\/16120512\/unnamed-88-80x107.jpg 80w, https:\/\/pbagora.s3.amazonaws.com\/2024\/06\/16120512\/unnamed-88-60x80.jpg 60w, https:\/\/pbagora.s3.amazonaws.com\/2024\/06\/16120512\/unnamed-88-760x1013.jpg 760w, https:\/\/pbagora.s3.amazonaws.com\/2024\/06\/16120512\/unnamed-88-450x600.jpg 450w, https:\/\/pbagora.s3.amazonaws.com\/2024\/06\/16120512\/unnamed-88.jpg 1200w\" sizes=\"(max-width: 768px) 100vw, 768px\" \/><\/p><p>A Pol\u00edcia Militar prendeu, na madrugada deste domingo (16), dois homens por porte ilegal de arma nas proximidades da Pra\u00e7a do Povo, na cidade de Santa Rita. Os suspeitos foram presos ap\u00f3s terem amea\u00e7ado pessoas nas proximidades do festejo junino.<\/p>\n<p>Policiais militares da For\u00e7a T\u00e1tica do 7\u00b0 BPM, que estavam no policiamento do evento, receberam a informa\u00e7\u00e3o de que dois indiv\u00edduos teriam efetuado as amea\u00e7as. Rapidamente, a equipe policial localizou os dois suspeitos e, na abordagem, foram encontradas uma pistola, calibre 9mm, com seis muni\u00e7\u00f5es intactas; uma pistola, calibre 765, com 12 muni\u00e7\u00f5es intactas; al\u00e9m de dois celulares, dinheiro em esp\u00e9cie e uma motocicleta.<\/p>\n<p>Os suspeitos e o material apreendido foram levados \u00e0 6\u00aa Delegacia Distrital da cidade.<\/p>\n<p><strong>PB Agora<\/strong><\/p>\n","protected":false},"excerpt":{"rendered":"<p><img loading=\"lazy\" decoding=\"async\" width=\"768\" height=\"1024\" src=\"https:\/\/pbagora.s3.amazonaws.com\/2024\/06\/16120512\/unnamed-88-768x1024.jpg\" class=\"attachment-large size-large wp-post-image\" alt=\"\"><\/p>\n<p>A Pol\u00edcia Militar prendeu, na madrugada deste domingo (16), dois homens por porte ilegal de arma nas proximidades\u2026<\/p>\n","protected":false},"author":123457,"featured_media":0,"comment_status":"closed","ping_status":"closed","sticky":false,"template":"","format":"standard","meta":{"advgb_blocks_editor_width":"","advgb_blocks_columns_visual_guide":"","footnotes":""},"categories":[34],"tags":[10840,35,10839],"class_list":["post-48245","post","type-post","status-publish","format-standard","hentry","category-g1","tag-destaque-centro-03","tag-g1","tag-policial"],"author_meta":{"display_name":"Reda\u00e7\u00e3o","author_link":"https:\/\/sindaopcpb.org.br\/author\/redacao\/"},"featured_img":null,"coauthors":[],"tax_additional":{"categories":{"linked":["<a href=\"https:\/\/sindaopcpb.org.br\/g1\/\" class=\"advgb-post-tax-term\">G1<\/a>"],"unlinked":["<span class=\"advgb-post-tax-term\">G1<\/span>"]},"tags":{"linked":["<a href=\"https:\/\/sindaopcpb.org.br\/g1\/\" class=\"advgb-post-tax-term\">Destaque Centro 03<\/a>","<a href=\"https:\/\/sindaopcpb.org.br\/g1\/\" class=\"advgb-post-tax-term\">g1<\/a>","<a href=\"https:\/\/sindaopcpb.org.br\/g1\/\" class=\"advgb-post-tax-term\">Policial<\/a>"],"unlinked":["<span class=\"advgb-post-tax-term\">Destaque Centro 03<\/span>","<span class=\"advgb-post-tax-term\">g1<\/span>","<span class=\"advgb-post-tax-term\">Policial<\/span>"]}},"comment_count":"0","relative_dates":{"created":"Publicado 2 anos atr\u00e1s","modified":"Atualizado 2 anos atr\u00e1s"},"absolute_dates":{"created":"Publicado em 16 de junho de 2024","modified":"Atualizado em 16 de junho de 2024"},"absolute_dates_time":{"created":"Publicado em 16 de junho de 2024 12:05","modified":"Atualizado em 16 de junho de 2024 18:05"},"featured_img_caption":"","series_order":"","_links":{"self":[{"href":"https:\/\/sindaopcpb.org.br\/index.php\/wp-json\/wp\/v2\/posts\/48245","targetHints":{"allow":["GET"]}}],"collection":[{"href":"https:\/\/sindaopcpb.org.br\/index.php\/wp-json\/wp\/v2\/posts"}],"about":[{"href":"https:\/\/sindaopcpb.org.br\/index.php\/wp-json\/wp\/v2\/types\/post"}],"author":[{"embeddable":true,"href":"https:\/\/sindaopcpb.org.br\/index.php\/wp-json\/wp\/v2\/users\/123457"}],"replies":[{"embeddable":true,"href":"https:\/\/sindaopcpb.org.br\/index.php\/wp-json\/wp\/v2\/comments?post=48245"}],"version-history":[{"count":3,"href":"https:\/\/sindaopcpb.org.br\/index.php\/wp-json\/wp\/v2\/posts\/48245\/revisions"}],"predecessor-version":[{"id":48261,"href":"https:\/\/sindaopcpb.org.br\/index.php\/wp-json\/wp\/v2\/posts\/48245\/revisions\/48261"}],"wp:attachment":[{"href":"https:\/\/sindaopcpb.org.br\/index.php\/wp-json\/wp\/v2\/media?parent=48245"}],"wp:term":[{"taxonomy":"category","embeddable":true,"href":"https:\/\/sindaopcpb.org.br\/index.php\/wp-json\/wp\/v2\/categories?post=48245"},{"taxonomy":"post_tag","embeddable":true,"href":"https:\/\/sindaopcpb.org.br\/index.php\/wp-json\/wp\/v2\/tags?post=48245"}],"curies":[{"name":"wp","href":"https:\/\/api.w.org\/{rel}","templated":true}]}}