{"id":48242,"date":"2024-06-16T12:12:34","date_gmt":"2024-06-16T15:12:34","guid":{"rendered":"https:\/\/www.pbagora.com.br\/?p=837851"},"modified":"2024-06-16T17:12:34","modified_gmt":"2024-06-16T20:12:34","slug":"suspeito-de-trafico-de-drogas-e-preso-durante-acao-policial-em-jacarau","status":"publish","type":"post","link":"https:\/\/sindaopcpb.org.br\/index.php\/2024\/06\/16\/suspeito-de-trafico-de-drogas-e-preso-durante-acao-policial-em-jacarau\/","title":{"rendered":"Suspeito de tr\u00e1fico de drogas \u00e9 preso durante a\u00e7\u00e3o policial em Jacara\u00fa"},"content":{"rendered":"<p><img width=\"1024\" height=\"576\" src=\"https:\/\/pbagora.s3.amazonaws.com\/2024\/06\/16121219\/unnamed-89-1024x576.jpg\" class=\"attachment-large size-large wp-post-image\" alt=\"\" style=\"margin-bottom: 20px;\" decoding=\"async\" srcset=\"https:\/\/pbagora.s3.amazonaws.com\/2024\/06\/16121219\/unnamed-89-1024x576.jpg 1024w, https:\/\/pbagora.s3.amazonaws.com\/2024\/06\/16121219\/unnamed-89-300x169.jpg 300w, https:\/\/pbagora.s3.amazonaws.com\/2024\/06\/16121219\/unnamed-89-150x84.jpg 150w, https:\/\/pbagora.s3.amazonaws.com\/2024\/06\/16121219\/unnamed-89-768x432.jpg 768w, https:\/\/pbagora.s3.amazonaws.com\/2024\/06\/16121219\/unnamed-89-1536x864.jpg 1536w, https:\/\/pbagora.s3.amazonaws.com\/2024\/06\/16121219\/unnamed-89-380x214.jpg 380w, https:\/\/pbagora.s3.amazonaws.com\/2024\/06\/16121219\/unnamed-89-800x450.jpg 800w, https:\/\/pbagora.s3.amazonaws.com\/2024\/06\/16121219\/unnamed-89-1160x652.jpg 1160w, https:\/\/pbagora.s3.amazonaws.com\/2024\/06\/16121219\/unnamed-89-80x46.jpg 80w, https:\/\/pbagora.s3.amazonaws.com\/2024\/06\/16121219\/unnamed-89-760x427.jpg 760w, https:\/\/pbagora.s3.amazonaws.com\/2024\/06\/16121219\/unnamed-89-600x337.jpg 600w, https:\/\/pbagora.s3.amazonaws.com\/2024\/06\/16121219\/unnamed-89.jpg 1599w\" sizes=\"(max-width: 1024px) 100vw, 1024px\" \/><\/p><p>Policiais da 2\u00aa Companhia Independente de Pol\u00edcia Militar prenderam, na noite desse s\u00e1bado (15), um homem por tr\u00e1fico de drogas na cidade de Jacara\u00fa. Ele foi preso com diversas drogas prontas para a venda.<\/p>\n<p>A equipe da For\u00e7a T\u00e1tica realizava rondas quando recebeu den\u00fancias de que na localidade conhecida por \u2018Favelinha\u2019 havia um ponto de tr\u00e1fico de drogas. Rapidamente, a equipe policial foi ao local e, ao se aproximar, o suspeito tentou fugir, mas foi alcan\u00e7ado. Durante a abordagem, foram encontrados 103 trouxas de maconha; 15 pedras de crack; dinheiro em esp\u00e9cie; al\u00e9m de uma balan\u00e7a de precis\u00e3o.<\/p>\n<p>O homem, de 21 anos, foi preso e conduzido com os materiais apreendidos para a delegacia de Mamanguape.<\/p>\n<p><strong>PB Agora<\/strong><\/p>\n","protected":false},"excerpt":{"rendered":"<p><img loading=\"lazy\" decoding=\"async\" width=\"1024\" height=\"576\" src=\"https:\/\/pbagora.s3.amazonaws.com\/2024\/06\/16121219\/unnamed-89-1024x576.jpg\" class=\"attachment-large size-large wp-post-image\" alt=\"\"><\/p>\n<p>Policiais da 2\u00aa Companhia Independente de Pol\u00edcia Militar prenderam, na noite desse s\u00e1bado (15), um homem por tr\u00e1fico\u2026<\/p>\n","protected":false},"author":123457,"featured_media":0,"comment_status":"closed","ping_status":"closed","sticky":false,"template":"","format":"standard","meta":{"advgb_blocks_editor_width":"","advgb_blocks_columns_visual_guide":"","footnotes":""},"categories":[34],"tags":[10841,35,10839],"class_list":["post-48242","post","type-post","status-publish","format-standard","hentry","category-g1","tag-destaque-centro-02","tag-g1","tag-policial"],"author_meta":{"display_name":"Reda\u00e7\u00e3o","author_link":"https:\/\/sindaopcpb.org.br\/author\/redacao\/"},"featured_img":null,"coauthors":[],"tax_additional":{"categories":{"linked":["<a href=\"https:\/\/sindaopcpb.org.br\/g1\/\" class=\"advgb-post-tax-term\">G1<\/a>"],"unlinked":["<span class=\"advgb-post-tax-term\">G1<\/span>"]},"tags":{"linked":["<a href=\"https:\/\/sindaopcpb.org.br\/g1\/\" class=\"advgb-post-tax-term\">Destaque Centro 02<\/a>","<a href=\"https:\/\/sindaopcpb.org.br\/g1\/\" class=\"advgb-post-tax-term\">g1<\/a>","<a href=\"https:\/\/sindaopcpb.org.br\/g1\/\" class=\"advgb-post-tax-term\">Policial<\/a>"],"unlinked":["<span class=\"advgb-post-tax-term\">Destaque Centro 02<\/span>","<span class=\"advgb-post-tax-term\">g1<\/span>","<span class=\"advgb-post-tax-term\">Policial<\/span>"]}},"comment_count":"0","relative_dates":{"created":"Publicado 2 anos atr\u00e1s","modified":"Atualizado 2 anos atr\u00e1s"},"absolute_dates":{"created":"Publicado em 16 de junho de 2024","modified":"Atualizado em 16 de junho de 2024"},"absolute_dates_time":{"created":"Publicado em 16 de junho de 2024 12:12","modified":"Atualizado em 16 de junho de 2024 17:12"},"featured_img_caption":"","series_order":"","_links":{"self":[{"href":"https:\/\/sindaopcpb.org.br\/index.php\/wp-json\/wp\/v2\/posts\/48242","targetHints":{"allow":["GET"]}}],"collection":[{"href":"https:\/\/sindaopcpb.org.br\/index.php\/wp-json\/wp\/v2\/posts"}],"about":[{"href":"https:\/\/sindaopcpb.org.br\/index.php\/wp-json\/wp\/v2\/types\/post"}],"author":[{"embeddable":true,"href":"https:\/\/sindaopcpb.org.br\/index.php\/wp-json\/wp\/v2\/users\/123457"}],"replies":[{"embeddable":true,"href":"https:\/\/sindaopcpb.org.br\/index.php\/wp-json\/wp\/v2\/comments?post=48242"}],"version-history":[{"count":3,"href":"https:\/\/sindaopcpb.org.br\/index.php\/wp-json\/wp\/v2\/posts\/48242\/revisions"}],"predecessor-version":[{"id":48264,"href":"https:\/\/sindaopcpb.org.br\/index.php\/wp-json\/wp\/v2\/posts\/48242\/revisions\/48264"}],"wp:attachment":[{"href":"https:\/\/sindaopcpb.org.br\/index.php\/wp-json\/wp\/v2\/media?parent=48242"}],"wp:term":[{"taxonomy":"category","embeddable":true,"href":"https:\/\/sindaopcpb.org.br\/index.php\/wp-json\/wp\/v2\/categories?post=48242"},{"taxonomy":"post_tag","embeddable":true,"href":"https:\/\/sindaopcpb.org.br\/index.php\/wp-json\/wp\/v2\/tags?post=48242"}],"curies":[{"name":"wp","href":"https:\/\/api.w.org\/{rel}","templated":true}]}}