{"id":48227,"date":"2024-06-15T08:00:54","date_gmt":"2024-06-15T11:00:54","guid":{"rendered":"https:\/\/www.pbagora.com.br\/?p=837735"},"modified":"2024-06-15T08:07:54","modified_gmt":"2024-06-15T11:07:54","slug":"foragido-da-justica-paraibana-por-roubo-e-preso-pela-pf-no-aeroporto-de-natal-apos-desembarcar-de-voo-de-cuiaba","status":"publish","type":"post","link":"https:\/\/sindaopcpb.org.br\/index.php\/2024\/06\/15\/foragido-da-justica-paraibana-por-roubo-e-preso-pela-pf-no-aeroporto-de-natal-apos-desembarcar-de-voo-de-cuiaba\/","title":{"rendered":"Foragido da justi\u00e7a paraibana por roubo \u00e9 preso pela PF no Aeroporto de Natal ap\u00f3s desembarcar de voo de Cuiab\u00e1"},"content":{"rendered":"<p><img width=\"1024\" height=\"727\" src=\"https:\/\/pbagora.s3.amazonaws.com\/2024\/06\/14214154\/Policia-Federal-AIAA-01-1024x727.jpg\" class=\"attachment-large size-large wp-post-image\" alt=\"\" style=\"margin-bottom: 20px;\" decoding=\"async\" srcset=\"https:\/\/pbagora.s3.amazonaws.com\/2024\/06\/14214154\/Policia-Federal-AIAA-01-1024x727.jpg 1024w, https:\/\/pbagora.s3.amazonaws.com\/2024\/06\/14214154\/Policia-Federal-AIAA-01-300x213.jpg 300w, https:\/\/pbagora.s3.amazonaws.com\/2024\/06\/14214154\/Policia-Federal-AIAA-01-150x107.jpg 150w, https:\/\/pbagora.s3.amazonaws.com\/2024\/06\/14214154\/Policia-Federal-AIAA-01-768x545.jpg 768w, https:\/\/pbagora.s3.amazonaws.com\/2024\/06\/14214154\/Policia-Federal-AIAA-01-380x270.jpg 380w, https:\/\/pbagora.s3.amazonaws.com\/2024\/06\/14214154\/Policia-Federal-AIAA-01-800x568.jpg 800w, https:\/\/pbagora.s3.amazonaws.com\/2024\/06\/14214154\/Policia-Federal-AIAA-01-1160x824.jpg 1160w, https:\/\/pbagora.s3.amazonaws.com\/2024\/06\/14214154\/Policia-Federal-AIAA-01-80x58.jpg 80w, https:\/\/pbagora.s3.amazonaws.com\/2024\/06\/14214154\/Policia-Federal-AIAA-01-760x540.jpg 760w, https:\/\/pbagora.s3.amazonaws.com\/2024\/06\/14214154\/Policia-Federal-AIAA-01-600x426.jpg 600w, https:\/\/pbagora.s3.amazonaws.com\/2024\/06\/14214154\/Policia-Federal-AIAA-01.jpg 1280w\" sizes=\"(max-width: 1024px) 100vw, 1024px\" \/><\/p><p data-sourcepos=\"3:1-3:41\">Na tarde desta sexta-feira (14), a Pol\u00edcia Federal (PF) capturou um homem foragido da Justi\u00e7a da Para\u00edba no Aeroporto Internacional Governador Alu\u00edzio Alves, em S\u00e3o Gon\u00e7alo do Amarante, na Grande Natal. O potiguar, de 41 anos, era procurado por crime de roubo e foi detido durante o desembarque de um voo proveniente de Cuiab\u00e1, no Mato Grosso.<\/p>\n<p data-sourcepos=\"5:1-5:68\">Contra o indiv\u00edduo havia um mandado de pris\u00e3o em aberto, expedido em 2018 pela 2\u00aa Vara Mista da Comarca de Patos\/PB. De acordo com a PF, o homem estava foragido por estar em &#8220;lugar incerto e n\u00e3o sabido&#8221;.<\/p>\n<p data-sourcepos=\"7:1-7:231\">Ap\u00f3s a captura, o foragido recebeu voz de pris\u00e3o e foi encaminhado para o Instituto T\u00e9cnico-Cient\u00edfico de Per\u00edcia (ITEP) para exame de corpo de delito. Em seguida, ele foi levado \u00e0 Superintend\u00eancia da Pol\u00edcia Federal em Natal, onde permanece custodiado provisoriamente, \u00e0 disposi\u00e7\u00e3o da Justi\u00e7a.<\/p>\n<p data-sourcepos=\"9:1-9:168\">A a\u00e7\u00e3o da PF demonstra o compromisso da institui\u00e7\u00e3o no combate \u00e0 criminalidade e na busca por foragidos da Justi\u00e7a, garantindo a aplica\u00e7\u00e3o da lei e a seguran\u00e7a p\u00fablica.<\/p>\n","protected":false},"excerpt":{"rendered":"<p><img loading=\"lazy\" decoding=\"async\" width=\"1024\" height=\"727\" src=\"https:\/\/pbagora.s3.amazonaws.com\/2024\/06\/14214154\/Policia-Federal-AIAA-01-1024x727.jpg\" class=\"attachment-large size-large wp-post-image\" alt=\"\"><\/p>\n<p>Na tarde desta sexta-feira (14), a Pol\u00edcia Federal (PF) capturou um homem foragido da Justi\u00e7a da Para\u00edba no\u2026<\/p>\n","protected":false},"author":123458,"featured_media":0,"comment_status":"closed","ping_status":"closed","sticky":false,"template":"","format":"standard","meta":{"advgb_blocks_editor_width":"","advgb_blocks_columns_visual_guide":"","footnotes":""},"categories":[34],"tags":[10841,35,10839],"class_list":["post-48227","post","type-post","status-publish","format-standard","hentry","category-g1","tag-destaque-centro-02","tag-g1","tag-policial"],"author_meta":{"display_name":"Feliphe Rojas","author_link":"https:\/\/sindaopcpb.org.br\/author\/feliphe-rojas\/"},"featured_img":null,"coauthors":[],"tax_additional":{"categories":{"linked":["<a href=\"https:\/\/sindaopcpb.org.br\/g1\/\" class=\"advgb-post-tax-term\">G1<\/a>"],"unlinked":["<span class=\"advgb-post-tax-term\">G1<\/span>"]},"tags":{"linked":["<a href=\"https:\/\/sindaopcpb.org.br\/g1\/\" class=\"advgb-post-tax-term\">Destaque Centro 02<\/a>","<a href=\"https:\/\/sindaopcpb.org.br\/g1\/\" class=\"advgb-post-tax-term\">g1<\/a>","<a href=\"https:\/\/sindaopcpb.org.br\/g1\/\" class=\"advgb-post-tax-term\">Policial<\/a>"],"unlinked":["<span class=\"advgb-post-tax-term\">Destaque Centro 02<\/span>","<span class=\"advgb-post-tax-term\">g1<\/span>","<span class=\"advgb-post-tax-term\">Policial<\/span>"]}},"comment_count":"0","relative_dates":{"created":"Publicado 2 anos atr\u00e1s","modified":"Atualizado 2 anos atr\u00e1s"},"absolute_dates":{"created":"Publicado em 15 de junho de 2024","modified":"Atualizado em 15 de junho de 2024"},"absolute_dates_time":{"created":"Publicado em 15 de junho de 2024 08:00","modified":"Atualizado em 15 de junho de 2024 08:07"},"featured_img_caption":"","series_order":"","_links":{"self":[{"href":"https:\/\/sindaopcpb.org.br\/index.php\/wp-json\/wp\/v2\/posts\/48227","targetHints":{"allow":["GET"]}}],"collection":[{"href":"https:\/\/sindaopcpb.org.br\/index.php\/wp-json\/wp\/v2\/posts"}],"about":[{"href":"https:\/\/sindaopcpb.org.br\/index.php\/wp-json\/wp\/v2\/types\/post"}],"author":[{"embeddable":true,"href":"https:\/\/sindaopcpb.org.br\/index.php\/wp-json\/wp\/v2\/users\/123458"}],"replies":[{"embeddable":true,"href":"https:\/\/sindaopcpb.org.br\/index.php\/wp-json\/wp\/v2\/comments?post=48227"}],"version-history":[{"count":3,"href":"https:\/\/sindaopcpb.org.br\/index.php\/wp-json\/wp\/v2\/posts\/48227\/revisions"}],"predecessor-version":[{"id":48236,"href":"https:\/\/sindaopcpb.org.br\/index.php\/wp-json\/wp\/v2\/posts\/48227\/revisions\/48236"}],"wp:attachment":[{"href":"https:\/\/sindaopcpb.org.br\/index.php\/wp-json\/wp\/v2\/media?parent=48227"}],"wp:term":[{"taxonomy":"category","embeddable":true,"href":"https:\/\/sindaopcpb.org.br\/index.php\/wp-json\/wp\/v2\/categories?post=48227"},{"taxonomy":"post_tag","embeddable":true,"href":"https:\/\/sindaopcpb.org.br\/index.php\/wp-json\/wp\/v2\/tags?post=48227"}],"curies":[{"name":"wp","href":"https:\/\/api.w.org\/{rel}","templated":true}]}}