{"id":48221,"date":"2024-06-14T16:40:46","date_gmt":"2024-06-14T19:40:46","guid":{"rendered":"https:\/\/www.pbagora.com.br\/?p=837642"},"modified":"2024-06-14T16:40:46","modified_gmt":"2024-06-14T19:40:46","slug":"policia-da-paraiba-captura-em-joao-pessoa-criminoso-mais-procurado-do-amazoanas","status":"publish","type":"post","link":"https:\/\/sindaopcpb.org.br\/index.php\/2024\/06\/14\/policia-da-paraiba-captura-em-joao-pessoa-criminoso-mais-procurado-do-amazoanas\/","title":{"rendered":"Pol\u00edcia da Para\u00edba captura em Jo\u00e3o Pessoa criminoso mais procurado do Amazoanas"},"content":{"rendered":"<p><img width=\"886\" height=\"664\" src=\"https:\/\/pbagora.s3.amazonaws.com\/20190902132140\/algemado.png\" class=\"attachment-large size-large wp-post-image\" alt=\"\" style=\"margin-bottom: 20px;\" decoding=\"async\" srcset=\"https:\/\/pbagora.s3.amazonaws.com\/20190902132140\/algemado.png 886w, https:\/\/pbagora.s3.amazonaws.com\/20190902132140\/algemado-300x225.png 300w, https:\/\/pbagora.s3.amazonaws.com\/20190902132140\/algemado-150x112.png 150w, https:\/\/pbagora.s3.amazonaws.com\/20190902132140\/algemado-768x576.png 768w, https:\/\/pbagora.s3.amazonaws.com\/20190902132140\/algemado-800x600.png 800w, https:\/\/pbagora.s3.amazonaws.com\/20190902132140\/algemado-80x60.png 80w, https:\/\/pbagora.s3.amazonaws.com\/20190902132140\/algemado-600x450.png 600w\" sizes=\"(max-width: 886px) 100vw, 886px\" \/><\/p><p>Na tarde desta sexta-feira (14), a Pol\u00edcia Militar da Para\u00edba prendeu em Jo\u00e3o Pessoa o homem considerado o criminoso mais procurado do estado do Amazonas. De acordo com as investiga\u00e7\u00f5es, ele \u00e9 seria respons\u00e1vel por v\u00e1rios homic\u00eddio no Norte do pa\u00eds.<\/p>\n<p>O suspeito foi capturado o bairro de Gramame, na Zona Sul da Capital, e contou com a coopera\u00e7\u00e3o de policiais do Amazonas.<\/p>\n<p>Ainda segundo informa\u00e7\u00f5es da pol\u00edcia, o homem de 36 anos possui sete mandados de pris\u00e3o expedidos em seu nome pelos crimes de homic\u00eddio e tr\u00e1fico de drogas.<\/p>\n<p>A opera\u00e7\u00e3o foi comandada pela Secretaria Executiva Adjunta de Intelig\u00eancia com o apoio da Delegacia Especializada em Homic\u00eddios e Sequestros do Estado do Amazonas.<\/p>\n<p>&nbsp;<\/p>\n<p><em><strong>PB Agora<\/strong><\/em><\/p>\n","protected":false},"excerpt":{"rendered":"<p><img loading=\"lazy\" decoding=\"async\" width=\"886\" height=\"664\" src=\"https:\/\/pbagora.s3.amazonaws.com\/20190902132140\/algemado.png\" class=\"attachment-large size-large wp-post-image\" alt=\"\"><\/p>\n<p>Na tarde desta sexta-feira (14), a Pol\u00edcia Militar da Para\u00edba prendeu em Jo\u00e3o Pessoa o homem considerado o\u2026<\/p>\n","protected":false},"author":123457,"featured_media":0,"comment_status":"closed","ping_status":"closed","sticky":false,"template":"","format":"standard","meta":{"advgb_blocks_editor_width":"","advgb_blocks_columns_visual_guide":"","footnotes":""},"categories":[34],"tags":[10841,35,10839],"class_list":["post-48221","post","type-post","status-publish","format-standard","hentry","category-g1","tag-destaque-centro-02","tag-g1","tag-policial"],"author_meta":{"display_name":"Reda\u00e7\u00e3o","author_link":"https:\/\/sindaopcpb.org.br\/author\/redacao\/"},"featured_img":null,"coauthors":[],"tax_additional":{"categories":{"linked":["<a href=\"https:\/\/sindaopcpb.org.br\/g1\/\" class=\"advgb-post-tax-term\">G1<\/a>"],"unlinked":["<span class=\"advgb-post-tax-term\">G1<\/span>"]},"tags":{"linked":["<a href=\"https:\/\/sindaopcpb.org.br\/g1\/\" class=\"advgb-post-tax-term\">Destaque Centro 02<\/a>","<a href=\"https:\/\/sindaopcpb.org.br\/g1\/\" class=\"advgb-post-tax-term\">g1<\/a>","<a href=\"https:\/\/sindaopcpb.org.br\/g1\/\" class=\"advgb-post-tax-term\">Policial<\/a>"],"unlinked":["<span class=\"advgb-post-tax-term\">Destaque Centro 02<\/span>","<span class=\"advgb-post-tax-term\">g1<\/span>","<span class=\"advgb-post-tax-term\">Policial<\/span>"]}},"comment_count":"0","relative_dates":{"created":"Publicado 2 anos atr\u00e1s","modified":"Atualizado 2 anos atr\u00e1s"},"absolute_dates":{"created":"Publicado em 14 de junho de 2024","modified":"Atualizado em 14 de junho de 2024"},"absolute_dates_time":{"created":"Publicado em 14 de junho de 2024 16:40","modified":"Atualizado em 14 de junho de 2024 16:40"},"featured_img_caption":"","series_order":"","_links":{"self":[{"href":"https:\/\/sindaopcpb.org.br\/index.php\/wp-json\/wp\/v2\/posts\/48221","targetHints":{"allow":["GET"]}}],"collection":[{"href":"https:\/\/sindaopcpb.org.br\/index.php\/wp-json\/wp\/v2\/posts"}],"about":[{"href":"https:\/\/sindaopcpb.org.br\/index.php\/wp-json\/wp\/v2\/types\/post"}],"author":[{"embeddable":true,"href":"https:\/\/sindaopcpb.org.br\/index.php\/wp-json\/wp\/v2\/users\/123457"}],"replies":[{"embeddable":true,"href":"https:\/\/sindaopcpb.org.br\/index.php\/wp-json\/wp\/v2\/comments?post=48221"}],"version-history":[{"count":3,"href":"https:\/\/sindaopcpb.org.br\/index.php\/wp-json\/wp\/v2\/posts\/48221\/revisions"}],"predecessor-version":[{"id":48237,"href":"https:\/\/sindaopcpb.org.br\/index.php\/wp-json\/wp\/v2\/posts\/48221\/revisions\/48237"}],"wp:attachment":[{"href":"https:\/\/sindaopcpb.org.br\/index.php\/wp-json\/wp\/v2\/media?parent=48221"}],"wp:term":[{"taxonomy":"category","embeddable":true,"href":"https:\/\/sindaopcpb.org.br\/index.php\/wp-json\/wp\/v2\/categories?post=48221"},{"taxonomy":"post_tag","embeddable":true,"href":"https:\/\/sindaopcpb.org.br\/index.php\/wp-json\/wp\/v2\/tags?post=48221"}],"curies":[{"name":"wp","href":"https:\/\/api.w.org\/{rel}","templated":true}]}}