{"id":48219,"date":"2024-06-14T11:32:44","date_gmt":"2024-06-14T14:32:44","guid":{"rendered":"https:\/\/www.pbagora.com.br\/?p=837482"},"modified":"2024-06-14T11:32:44","modified_gmt":"2024-06-14T14:32:44","slug":"motorista-de-carreta-envolvida-em-acidente-na-br-101-esta-com-100-do-corpo-queimado","status":"publish","type":"post","link":"https:\/\/sindaopcpb.org.br\/index.php\/2024\/06\/14\/motorista-de-carreta-envolvida-em-acidente-na-br-101-esta-com-100-do-corpo-queimado\/","title":{"rendered":"Motorista de carreta envolvida em acidente na BR-101 est\u00e1 com 100% do corpo queimado"},"content":{"rendered":"<p><img width=\"1024\" height=\"768\" src=\"https:\/\/pbagora.s3.amazonaws.com\/2024\/06\/14093231\/WhatsApp-Image-2024-06-14-at-06.32.11-1024x768.jpeg\" class=\"attachment-large size-large wp-post-image\" alt=\"\" style=\"margin-bottom: 20px;\" decoding=\"async\" loading=\"lazy\" srcset=\"https:\/\/pbagora.s3.amazonaws.com\/2024\/06\/14093231\/WhatsApp-Image-2024-06-14-at-06.32.11-1024x768.jpeg 1024w, https:\/\/pbagora.s3.amazonaws.com\/2024\/06\/14093231\/WhatsApp-Image-2024-06-14-at-06.32.11-300x225.jpeg 300w, https:\/\/pbagora.s3.amazonaws.com\/2024\/06\/14093231\/WhatsApp-Image-2024-06-14-at-06.32.11-150x113.jpeg 150w, https:\/\/pbagora.s3.amazonaws.com\/2024\/06\/14093231\/WhatsApp-Image-2024-06-14-at-06.32.11-768x576.jpeg 768w, https:\/\/pbagora.s3.amazonaws.com\/2024\/06\/14093231\/WhatsApp-Image-2024-06-14-at-06.32.11-200x150.jpeg 200w, https:\/\/pbagora.s3.amazonaws.com\/2024\/06\/14093231\/WhatsApp-Image-2024-06-14-at-06.32.11-260x195.jpeg 260w, https:\/\/pbagora.s3.amazonaws.com\/2024\/06\/14093231\/WhatsApp-Image-2024-06-14-at-06.32.11-380x285.jpeg 380w, https:\/\/pbagora.s3.amazonaws.com\/2024\/06\/14093231\/WhatsApp-Image-2024-06-14-at-06.32.11-800x600.jpeg 800w, https:\/\/pbagora.s3.amazonaws.com\/2024\/06\/14093231\/WhatsApp-Image-2024-06-14-at-06.32.11-1160x870.jpeg 1160w, https:\/\/pbagora.s3.amazonaws.com\/2024\/06\/14093231\/WhatsApp-Image-2024-06-14-at-06.32.11-80x60.jpeg 80w, https:\/\/pbagora.s3.amazonaws.com\/2024\/06\/14093231\/WhatsApp-Image-2024-06-14-at-06.32.11-600x450.jpeg 600w, https:\/\/pbagora.s3.amazonaws.com\/2024\/06\/14093231\/WhatsApp-Image-2024-06-14-at-06.32.11-520x390.jpeg 520w, https:\/\/pbagora.s3.amazonaws.com\/2024\/06\/14093231\/WhatsApp-Image-2024-06-14-at-06.32.11-760x570.jpeg 760w, https:\/\/pbagora.s3.amazonaws.com\/2024\/06\/14093231\/WhatsApp-Image-2024-06-14-at-06.32.11.jpeg 1280w\" sizes=\"(max-width: 1024px) 100vw, 1024px\" \/><\/p><p>O motorista do caminh\u00e3o que transportava \u00f3leo vegetal e que se envolveu em um grave acidente na madrugada desta sexta-feira (14) nas proximidades do km 42 da BR-101, em Mamanguape, foi socorrido para o Hospital de Trauma de Jo\u00e3o Pessoa em estado grave com 100% do corpo queimado.<\/p>\n<p>De acordo com informa\u00e7\u00f5es da PRF, o motorista da outra carreta sofreu apenasferimentos leves.<\/p>\n<p>Um dos ve\u00edculos estava transportando algod\u00e3o e o outro combust\u00edvel.  Com o impacto, os ve\u00edculos acabaram pegando fogo.<\/p>\n<p><strong>PB Agora<\/strong><\/p>\n","protected":false},"excerpt":{"rendered":"<p><img decoding=\"async\" width=\"1024\" height=\"768\" src=\"https:\/\/pbagora.s3.amazonaws.com\/2024\/06\/14093231\/WhatsApp-Image-2024-06-14-at-06.32.11-1024x768.jpeg\" class=\"attachment-large size-large wp-post-image\" alt=\"\" loading=\"lazy\"><\/p>\n<p>O motorista do caminh\u00e3o que transportava \u00f3leo vegetal e que se envolveu em um grave acidente na madrugada\u2026<\/p>\n","protected":false},"author":123457,"featured_media":0,"comment_status":"closed","ping_status":"closed","sticky":false,"template":"","format":"standard","meta":{"advgb_blocks_editor_width":"","advgb_blocks_columns_visual_guide":"","footnotes":""},"categories":[34],"tags":[35,10839,10846],"class_list":["post-48219","post","type-post","status-publish","format-standard","hentry","category-g1","tag-g1","tag-policial","tag-rodape-02"],"author_meta":{"display_name":"Reda\u00e7\u00e3o","author_link":"https:\/\/sindaopcpb.org.br\/author\/redacao\/"},"featured_img":null,"coauthors":[],"tax_additional":{"categories":{"linked":["<a href=\"https:\/\/sindaopcpb.org.br\/g1\/\" class=\"advgb-post-tax-term\">G1<\/a>"],"unlinked":["<span class=\"advgb-post-tax-term\">G1<\/span>"]},"tags":{"linked":["<a href=\"https:\/\/sindaopcpb.org.br\/g1\/\" class=\"advgb-post-tax-term\">g1<\/a>","<a href=\"https:\/\/sindaopcpb.org.br\/g1\/\" class=\"advgb-post-tax-term\">Policial<\/a>","<a href=\"https:\/\/sindaopcpb.org.br\/g1\/\" class=\"advgb-post-tax-term\">Rodape 02<\/a>"],"unlinked":["<span class=\"advgb-post-tax-term\">g1<\/span>","<span class=\"advgb-post-tax-term\">Policial<\/span>","<span class=\"advgb-post-tax-term\">Rodape 02<\/span>"]}},"comment_count":"0","relative_dates":{"created":"Publicado 2 anos atr\u00e1s","modified":"Atualizado 2 anos atr\u00e1s"},"absolute_dates":{"created":"Publicado em 14 de junho de 2024","modified":"Atualizado em 14 de junho de 2024"},"absolute_dates_time":{"created":"Publicado em 14 de junho de 2024 11:32","modified":"Atualizado em 14 de junho de 2024 11:32"},"featured_img_caption":"","series_order":"","_links":{"self":[{"href":"https:\/\/sindaopcpb.org.br\/index.php\/wp-json\/wp\/v2\/posts\/48219","targetHints":{"allow":["GET"]}}],"collection":[{"href":"https:\/\/sindaopcpb.org.br\/index.php\/wp-json\/wp\/v2\/posts"}],"about":[{"href":"https:\/\/sindaopcpb.org.br\/index.php\/wp-json\/wp\/v2\/types\/post"}],"author":[{"embeddable":true,"href":"https:\/\/sindaopcpb.org.br\/index.php\/wp-json\/wp\/v2\/users\/123457"}],"replies":[{"embeddable":true,"href":"https:\/\/sindaopcpb.org.br\/index.php\/wp-json\/wp\/v2\/comments?post=48219"}],"version-history":[{"count":1,"href":"https:\/\/sindaopcpb.org.br\/index.php\/wp-json\/wp\/v2\/posts\/48219\/revisions"}],"predecessor-version":[{"id":48220,"href":"https:\/\/sindaopcpb.org.br\/index.php\/wp-json\/wp\/v2\/posts\/48219\/revisions\/48220"}],"wp:attachment":[{"href":"https:\/\/sindaopcpb.org.br\/index.php\/wp-json\/wp\/v2\/media?parent=48219"}],"wp:term":[{"taxonomy":"category","embeddable":true,"href":"https:\/\/sindaopcpb.org.br\/index.php\/wp-json\/wp\/v2\/categories?post=48219"},{"taxonomy":"post_tag","embeddable":true,"href":"https:\/\/sindaopcpb.org.br\/index.php\/wp-json\/wp\/v2\/tags?post=48219"}],"curies":[{"name":"wp","href":"https:\/\/api.w.org\/{rel}","templated":true}]}}