{"id":48168,"date":"2024-06-13T09:35:44","date_gmt":"2024-06-13T12:35:44","guid":{"rendered":"https:\/\/www.pbagora.com.br\/?p=837169"},"modified":"2024-06-13T11:20:44","modified_gmt":"2024-06-13T14:20:44","slug":"ministra-carmen-lucia-rejeita-pedido-de-suspensao-de-processo-do-padre-ze-feito-por-padre-egidio","status":"publish","type":"post","link":"https:\/\/sindaopcpb.org.br\/index.php\/2024\/06\/13\/ministra-carmen-lucia-rejeita-pedido-de-suspensao-de-processo-do-padre-ze-feito-por-padre-egidio\/","title":{"rendered":"Ministra C\u00e1rmen L\u00facia rejeita pedido de suspens\u00e3o de processo do Padre Z\u00e9 feito por Padre Eg\u00eddio"},"content":{"rendered":"<p><img width=\"1024\" height=\"576\" src=\"https:\/\/pbagora.s3.amazonaws.com\/2024\/01\/30103849\/padreegidiofotodoface-1024x576.jpeg\" class=\"attachment-large size-large wp-post-image\" alt=\"\" style=\"margin-bottom: 20px;\" decoding=\"async\" srcset=\"https:\/\/pbagora.s3.amazonaws.com\/2024\/01\/30103849\/padreegidiofotodoface-1024x576.jpeg 1024w, https:\/\/pbagora.s3.amazonaws.com\/2024\/01\/30103849\/padreegidiofotodoface-300x169.jpeg 300w, https:\/\/pbagora.s3.amazonaws.com\/2024\/01\/30103849\/padreegidiofotodoface-150x84.jpeg 150w, https:\/\/pbagora.s3.amazonaws.com\/2024\/01\/30103849\/padreegidiofotodoface-768x432.jpeg 768w, https:\/\/pbagora.s3.amazonaws.com\/2024\/01\/30103849\/padreegidiofotodoface-1536x864.jpeg 1536w, https:\/\/pbagora.s3.amazonaws.com\/2024\/01\/30103849\/padreegidiofotodoface-380x214.jpeg 380w, https:\/\/pbagora.s3.amazonaws.com\/2024\/01\/30103849\/padreegidiofotodoface-800x450.jpeg 800w, https:\/\/pbagora.s3.amazonaws.com\/2024\/01\/30103849\/padreegidiofotodoface-1160x652.jpeg 1160w, https:\/\/pbagora.s3.amazonaws.com\/2024\/01\/30103849\/padreegidiofotodoface-80x46.jpeg 80w, https:\/\/pbagora.s3.amazonaws.com\/2024\/01\/30103849\/padreegidiofotodoface-760x427.jpeg 760w, https:\/\/pbagora.s3.amazonaws.com\/2024\/01\/30103849\/padreegidiofotodoface-600x337.jpeg 600w, https:\/\/pbagora.s3.amazonaws.com\/2024\/01\/30103849\/padreegidiofotodoface.jpeg 1599w\" sizes=\"(max-width: 1024px) 100vw, 1024px\" \/><\/p><p>A ministra C\u00e1rmen L\u00facia, do Supremo Tribunal Federal (STF), negou na noite dessa quarta-feira (12) o pedido do padre Eg\u00eddio de Carvalho para suspender um dos processos relacionados ao esc\u00e2ndalo de desvio de recursos milion\u00e1rios do Hospital Padre Z\u00e9, em Jo\u00e3o Pessoa.<\/p>\n<p>A defesa de Eg\u00eddio acusou Oct\u00e1vio Paulo Neto, coordenador do Grupo de Atua\u00e7\u00e3o Especial Contra o Crime Organizado (Gaeco), de n\u00e3o disponibilizar o conte\u00fado das investiga\u00e7\u00f5es. Segundo a defesa, o Minist\u00e9rio P\u00fablico tentou evitar a responsabilidade de fornecer acesso aos arquivos, alegando incapacidade t\u00e9cnica da defesa para copiar os documentos.<\/p>\n<p>A ministra C\u00e1rmen L\u00facia, no entanto, considerou o argumento insuficiente para conceder a liminar solicitada. Ela afirmou que n\u00e3o ficou demonstrado que o Minist\u00e9rio P\u00fablico restringiu o acesso ao disco r\u00edgido fornecido ao juiz do caso. Al\u00e9m disso, o juiz reconheceu que as partes tiveram acesso parcial aos dados e determinou a realiza\u00e7\u00e3o de medidas para facilitar o espelhamento dos dados \u00e0 defesa.<\/p>\n<p>A defesa do padre Eg\u00eddio havia solicitado a concess\u00e3o de medida liminar para suspender a A\u00e7\u00e3o Penal n\u00ba 0813724-52.2023.8.15.2002 at\u00e9 que fosse garantido o acesso integral \u00e0s provas produzidas pela GAECO. A defesa destacou uma audi\u00eancia marcada para este dia 13 de junho, \u00e0s 8h30, relacionada ao processo n\u00ba 0813572-04.2023.8.15.2002, que j\u00e1 havia sido suspenso devido \u00e0 falta de acesso integral \u00e0s provas, al\u00e9m disso os advogados do padre pediram a declara\u00e7\u00e3o de nulidade do recebimento da den\u00fancia e dos atos posteriores sem o acesso integral aos elementos de prova, alegando afronta \u00e0 S\u00famula Vinculante 14 do STF, com a consequente devolu\u00e7\u00e3o dos prazos processuais para resposta \u00e0 acusa\u00e7\u00e3o e outros requerimentos.<\/p>\n<p>Fpi pedido ainda que no m\u00e9rito, o Minist\u00e9rio P\u00fablico (GAECO) fosse obrigado a apresentar todos os dados coletados durante as investiga\u00e7\u00f5es e instru\u00e7\u00e3o, sem filtragem pr\u00e9via, e que os dados s\u00f3 pudessem ser inutilizados por decis\u00e3o judicial, com a devolu\u00e7\u00e3o dos prazos \u00e0s defesas para nova resposta \u00e0 acusa\u00e7\u00e3o ap\u00f3s o acesso integral.<\/p>\n<p>A decis\u00e3o da ministra mant\u00e9m o andamento do processo, n\u00e3o acatando as solicita\u00e7\u00f5es feitas pela defesa de Eg\u00eddio.<\/p>\n<p><strong>PB Agora<\/strong><\/p>\n","protected":false},"excerpt":{"rendered":"<p><img loading=\"lazy\" decoding=\"async\" width=\"1024\" height=\"576\" src=\"https:\/\/pbagora.s3.amazonaws.com\/2024\/01\/30103849\/padreegidiofotodoface-1024x576.jpeg\" class=\"attachment-large size-large wp-post-image\" alt=\"\"><\/p>\n<p>A ministra C\u00e1rmen L\u00facia, do Supremo Tribunal Federal (STF), negou na noite dessa quarta-feira (12) o pedido do\u2026<\/p>\n","protected":false},"author":123457,"featured_media":0,"comment_status":"closed","ping_status":"closed","sticky":false,"template":"","format":"standard","meta":{"advgb_blocks_editor_width":"","advgb_blocks_columns_visual_guide":"","footnotes":""},"categories":[34],"tags":[35,10839,10846],"class_list":["post-48168","post","type-post","status-publish","format-standard","hentry","category-g1","tag-g1","tag-policial","tag-rodape-02"],"author_meta":{"display_name":"Reda\u00e7\u00e3o","author_link":"https:\/\/sindaopcpb.org.br\/author\/redacao\/"},"featured_img":null,"coauthors":[],"tax_additional":{"categories":{"linked":["<a href=\"https:\/\/sindaopcpb.org.br\/g1\/\" class=\"advgb-post-tax-term\">G1<\/a>"],"unlinked":["<span class=\"advgb-post-tax-term\">G1<\/span>"]},"tags":{"linked":["<a href=\"https:\/\/sindaopcpb.org.br\/g1\/\" class=\"advgb-post-tax-term\">g1<\/a>","<a href=\"https:\/\/sindaopcpb.org.br\/g1\/\" class=\"advgb-post-tax-term\">Policial<\/a>","<a href=\"https:\/\/sindaopcpb.org.br\/g1\/\" class=\"advgb-post-tax-term\">Rodape 02<\/a>"],"unlinked":["<span class=\"advgb-post-tax-term\">g1<\/span>","<span class=\"advgb-post-tax-term\">Policial<\/span>","<span class=\"advgb-post-tax-term\">Rodape 02<\/span>"]}},"comment_count":"0","relative_dates":{"created":"Publicado 2 anos atr\u00e1s","modified":"Atualizado 2 anos atr\u00e1s"},"absolute_dates":{"created":"Publicado em 13 de junho de 2024","modified":"Atualizado em 13 de junho de 2024"},"absolute_dates_time":{"created":"Publicado em 13 de junho de 2024 09:35","modified":"Atualizado em 13 de junho de 2024 11:20"},"featured_img_caption":"","series_order":"","_links":{"self":[{"href":"https:\/\/sindaopcpb.org.br\/index.php\/wp-json\/wp\/v2\/posts\/48168","targetHints":{"allow":["GET"]}}],"collection":[{"href":"https:\/\/sindaopcpb.org.br\/index.php\/wp-json\/wp\/v2\/posts"}],"about":[{"href":"https:\/\/sindaopcpb.org.br\/index.php\/wp-json\/wp\/v2\/types\/post"}],"author":[{"embeddable":true,"href":"https:\/\/sindaopcpb.org.br\/index.php\/wp-json\/wp\/v2\/users\/123457"}],"replies":[{"embeddable":true,"href":"https:\/\/sindaopcpb.org.br\/index.php\/wp-json\/wp\/v2\/comments?post=48168"}],"version-history":[{"count":4,"href":"https:\/\/sindaopcpb.org.br\/index.php\/wp-json\/wp\/v2\/posts\/48168\/revisions"}],"predecessor-version":[{"id":48183,"href":"https:\/\/sindaopcpb.org.br\/index.php\/wp-json\/wp\/v2\/posts\/48168\/revisions\/48183"}],"wp:attachment":[{"href":"https:\/\/sindaopcpb.org.br\/index.php\/wp-json\/wp\/v2\/media?parent=48168"}],"wp:term":[{"taxonomy":"category","embeddable":true,"href":"https:\/\/sindaopcpb.org.br\/index.php\/wp-json\/wp\/v2\/categories?post=48168"},{"taxonomy":"post_tag","embeddable":true,"href":"https:\/\/sindaopcpb.org.br\/index.php\/wp-json\/wp\/v2\/tags?post=48168"}],"curies":[{"name":"wp","href":"https:\/\/api.w.org\/{rel}","templated":true}]}}