{"id":48159,"date":"2024-06-13T05:57:25","date_gmt":"2024-06-13T08:57:25","guid":{"rendered":"https:\/\/www.pbagora.com.br\/?p=837104"},"modified":"2024-06-13T05:57:25","modified_gmt":"2024-06-13T08:57:25","slug":"suspeito-de-matar-professora-para-roubar-e-morto-a-tiros-no-distrito-de-sao-jose-da-mata-em-campina-grande","status":"publish","type":"post","link":"https:\/\/sindaopcpb.org.br\/index.php\/2024\/06\/13\/suspeito-de-matar-professora-para-roubar-e-morto-a-tiros-no-distrito-de-sao-jose-da-mata-em-campina-grande\/","title":{"rendered":"Suspeito de matar professora para roubar \u00e9 morto a tiros no Distrito de S\u00e3o Jos\u00e9 da Mata, em Campina Grande"},"content":{"rendered":"<p><img width=\"687\" height=\"463\" src=\"https:\/\/pbagora.s3.amazonaws.com\/2021\/07\/12062244\/ipc-11.jpeg\" class=\"attachment-large size-large wp-post-image\" alt=\"\" style=\"margin-bottom: 20px;\" decoding=\"async\" srcset=\"https:\/\/pbagora.s3.amazonaws.com\/2021\/07\/12062244\/ipc-11.jpeg 687w, https:\/\/pbagora.s3.amazonaws.com\/2021\/07\/12062244\/ipc-11-300x202.jpeg 300w, https:\/\/pbagora.s3.amazonaws.com\/2021\/07\/12062244\/ipc-11-150x101.jpeg 150w, https:\/\/pbagora.s3.amazonaws.com\/2021\/07\/12062244\/ipc-11-380x256.jpeg 380w, https:\/\/pbagora.s3.amazonaws.com\/2021\/07\/12062244\/ipc-11-80x54.jpeg 80w, https:\/\/pbagora.s3.amazonaws.com\/2021\/07\/12062244\/ipc-11-600x404.jpeg 600w\" sizes=\"(max-width: 687px) 100vw, 687px\" \/><\/p><p>Um assassinato foi registrado na noite de ontem (12), no Distrito de S\u00e3o Jos\u00e9 da Mata, em Campina Grande, Agreste paraibano. A v\u00edtima foi identificada como Smythe Wendell Alves Lima, de 28 anos, atingido por m\u00faltiplos disparos de arma de fogo.<\/p>\n<p>Smythe Wendell era conhecido das autoridades locais por seu hist\u00f3rico criminal, sendo ex-presidi\u00e1rio e suspeito anteriormente de envolvimento no assassinato de uma professora, caracterizado como latroc\u00ednio.<\/p>\n<p>O delegado Ramirez S\u00e3o Pedro, respons\u00e1vel pelo caso, est\u00e1 conduzindo as investiga\u00e7\u00f5es sobre o homic\u00eddio. Ele informou que mais detalhes sobre o caso ser\u00e3o dados nesta quinta-feira (13).<\/p>\n<p>O local do crime foi isolado e vest\u00edgios coletados para auxiliar nas investiga\u00e7\u00f5es. O crime tem caracter\u00edsticas de execu\u00e7\u00e3o e nenhuma hip\u00f3tese \u00e9 descartada.<\/p>\n<p>Reda\u00e7\u00e3o<\/p>\n","protected":false},"excerpt":{"rendered":"<p><img loading=\"lazy\" decoding=\"async\" width=\"687\" height=\"463\" src=\"https:\/\/pbagora.s3.amazonaws.com\/2021\/07\/12062244\/ipc-11.jpeg\" class=\"attachment-large size-large wp-post-image\" alt=\"\"><\/p>\n<p>Um assassinato foi registrado na noite de ontem (12), no Distrito de S\u00e3o Jos\u00e9 da Mata, em Campina\u2026<\/p>\n","protected":false},"author":123457,"featured_media":0,"comment_status":"closed","ping_status":"closed","sticky":false,"template":"","format":"standard","meta":{"advgb_blocks_editor_width":"","advgb_blocks_columns_visual_guide":"","footnotes":""},"categories":[34],"tags":[35,10839,10844],"class_list":["post-48159","post","type-post","status-publish","format-standard","hentry","category-g1","tag-g1","tag-policial","tag-principal2"],"author_meta":{"display_name":"Reda\u00e7\u00e3o","author_link":"https:\/\/sindaopcpb.org.br\/author\/redacao\/"},"featured_img":null,"coauthors":[],"tax_additional":{"categories":{"linked":["<a href=\"https:\/\/sindaopcpb.org.br\/g1\/\" class=\"advgb-post-tax-term\">G1<\/a>"],"unlinked":["<span class=\"advgb-post-tax-term\">G1<\/span>"]},"tags":{"linked":["<a href=\"https:\/\/sindaopcpb.org.br\/g1\/\" class=\"advgb-post-tax-term\">g1<\/a>","<a href=\"https:\/\/sindaopcpb.org.br\/g1\/\" class=\"advgb-post-tax-term\">Policial<\/a>","<a href=\"https:\/\/sindaopcpb.org.br\/g1\/\" class=\"advgb-post-tax-term\">Principal2<\/a>"],"unlinked":["<span class=\"advgb-post-tax-term\">g1<\/span>","<span class=\"advgb-post-tax-term\">Policial<\/span>","<span class=\"advgb-post-tax-term\">Principal2<\/span>"]}},"comment_count":"0","relative_dates":{"created":"Publicado 2 anos atr\u00e1s","modified":"Atualizado 2 anos atr\u00e1s"},"absolute_dates":{"created":"Publicado em 13 de junho de 2024","modified":"Atualizado em 13 de junho de 2024"},"absolute_dates_time":{"created":"Publicado em 13 de junho de 2024 05:57","modified":"Atualizado em 13 de junho de 2024 05:57"},"featured_img_caption":"","series_order":"","_links":{"self":[{"href":"https:\/\/sindaopcpb.org.br\/index.php\/wp-json\/wp\/v2\/posts\/48159","targetHints":{"allow":["GET"]}}],"collection":[{"href":"https:\/\/sindaopcpb.org.br\/index.php\/wp-json\/wp\/v2\/posts"}],"about":[{"href":"https:\/\/sindaopcpb.org.br\/index.php\/wp-json\/wp\/v2\/types\/post"}],"author":[{"embeddable":true,"href":"https:\/\/sindaopcpb.org.br\/index.php\/wp-json\/wp\/v2\/users\/123457"}],"replies":[{"embeddable":true,"href":"https:\/\/sindaopcpb.org.br\/index.php\/wp-json\/wp\/v2\/comments?post=48159"}],"version-history":[{"count":4,"href":"https:\/\/sindaopcpb.org.br\/index.php\/wp-json\/wp\/v2\/posts\/48159\/revisions"}],"predecessor-version":[{"id":48171,"href":"https:\/\/sindaopcpb.org.br\/index.php\/wp-json\/wp\/v2\/posts\/48159\/revisions\/48171"}],"wp:attachment":[{"href":"https:\/\/sindaopcpb.org.br\/index.php\/wp-json\/wp\/v2\/media?parent=48159"}],"wp:term":[{"taxonomy":"category","embeddable":true,"href":"https:\/\/sindaopcpb.org.br\/index.php\/wp-json\/wp\/v2\/categories?post=48159"},{"taxonomy":"post_tag","embeddable":true,"href":"https:\/\/sindaopcpb.org.br\/index.php\/wp-json\/wp\/v2\/tags?post=48159"}],"curies":[{"name":"wp","href":"https:\/\/api.w.org\/{rel}","templated":true}]}}