{"id":48153,"date":"2024-06-12T12:35:15","date_gmt":"2024-06-12T15:35:15","guid":{"rendered":"https:\/\/www.pbagora.com.br\/?p=836929"},"modified":"2024-06-12T14:41:15","modified_gmt":"2024-06-12T17:41:15","slug":"motociclista-morre-ao-colidir-com-caminhao-em-sao-miguel-de-taipu","status":"publish","type":"post","link":"https:\/\/sindaopcpb.org.br\/index.php\/2024\/06\/12\/motociclista-morre-ao-colidir-com-caminhao-em-sao-miguel-de-taipu\/","title":{"rendered":"Motociclista morre ao colidir com caminh\u00e3o em S\u00e3o Miguel de Taipu"},"content":{"rendered":"<p><img width=\"715\" height=\"400\" src=\"https:\/\/pbagora.s3.amazonaws.com\/2024\/06\/12115005\/Captura-de-tela-2024-06-12-114948.png\" class=\"attachment-large size-large wp-post-image\" alt=\"\" style=\"margin-bottom: 20px;\" decoding=\"async\" srcset=\"https:\/\/pbagora.s3.amazonaws.com\/2024\/06\/12115005\/Captura-de-tela-2024-06-12-114948.png 715w, https:\/\/pbagora.s3.amazonaws.com\/2024\/06\/12115005\/Captura-de-tela-2024-06-12-114948-300x168.png 300w, https:\/\/pbagora.s3.amazonaws.com\/2024\/06\/12115005\/Captura-de-tela-2024-06-12-114948-150x84.png 150w, https:\/\/pbagora.s3.amazonaws.com\/2024\/06\/12115005\/Captura-de-tela-2024-06-12-114948-380x213.png 380w, https:\/\/pbagora.s3.amazonaws.com\/2024\/06\/12115005\/Captura-de-tela-2024-06-12-114948-80x46.png 80w, https:\/\/pbagora.s3.amazonaws.com\/2024\/06\/12115005\/Captura-de-tela-2024-06-12-114948-600x336.png 600w\" sizes=\"(max-width: 715px) 100vw, 715px\" \/><\/p><p>Na manh\u00e3 desta quarta-feira (12), um motociclista de 21 anos perdeu a vida ao colidir na traseira de um caminh\u00e3o ca\u00e7amba no km 63 da BR-230, na cidade de S\u00e3o Miguel de Taipu, a cerca de 60 quil\u00f4metros de Jo\u00e3o Pessoa. O acidente ocorreu no sentido Campina Grande para a Capital do Estado.<\/p>\n<p>Segundo relatos, o caminh\u00e3o, carregado de areia, estava em baixa velocidade no momento da trag\u00e9dia.<\/p>\n<p>A assessoria da Pol\u00edcia Rodovi\u00e1ria Federal informou que o condutor do caminh\u00e3o n\u00e3o sofreu ferimentos.<\/p>\n<p>&nbsp;<\/p>\n<p><em><strong>Reda\u00e7\u00e3o<\/strong><\/em><\/p>\n","protected":false},"excerpt":{"rendered":"<p><img loading=\"lazy\" decoding=\"async\" width=\"715\" height=\"400\" src=\"https:\/\/pbagora.s3.amazonaws.com\/2024\/06\/12115005\/Captura-de-tela-2024-06-12-114948.png\" class=\"attachment-large size-large wp-post-image\" alt=\"\"><\/p>\n<p>Na manh\u00e3 desta quarta-feira (12), um motociclista de 21 anos perdeu a vida ao colidir na traseira de\u2026<\/p>\n","protected":false},"author":123457,"featured_media":0,"comment_status":"closed","ping_status":"closed","sticky":false,"template":"","format":"standard","meta":{"advgb_blocks_editor_width":"","advgb_blocks_columns_visual_guide":"","footnotes":""},"categories":[34],"tags":[10840,35,10839],"class_list":["post-48153","post","type-post","status-publish","format-standard","hentry","category-g1","tag-destaque-centro-03","tag-g1","tag-policial"],"author_meta":{"display_name":"Reda\u00e7\u00e3o","author_link":"https:\/\/sindaopcpb.org.br\/author\/redacao\/"},"featured_img":null,"coauthors":[],"tax_additional":{"categories":{"linked":["<a href=\"https:\/\/sindaopcpb.org.br\/g1\/\" class=\"advgb-post-tax-term\">G1<\/a>"],"unlinked":["<span class=\"advgb-post-tax-term\">G1<\/span>"]},"tags":{"linked":["<a href=\"https:\/\/sindaopcpb.org.br\/g1\/\" class=\"advgb-post-tax-term\">Destaque Centro 03<\/a>","<a href=\"https:\/\/sindaopcpb.org.br\/g1\/\" class=\"advgb-post-tax-term\">g1<\/a>","<a href=\"https:\/\/sindaopcpb.org.br\/g1\/\" class=\"advgb-post-tax-term\">Policial<\/a>"],"unlinked":["<span class=\"advgb-post-tax-term\">Destaque Centro 03<\/span>","<span class=\"advgb-post-tax-term\">g1<\/span>","<span class=\"advgb-post-tax-term\">Policial<\/span>"]}},"comment_count":"0","relative_dates":{"created":"Publicado 2 anos atr\u00e1s","modified":"Atualizado 2 anos atr\u00e1s"},"absolute_dates":{"created":"Publicado em 12 de junho de 2024","modified":"Atualizado em 12 de junho de 2024"},"absolute_dates_time":{"created":"Publicado em 12 de junho de 2024 12:35","modified":"Atualizado em 12 de junho de 2024 14:41"},"featured_img_caption":"","series_order":"","_links":{"self":[{"href":"https:\/\/sindaopcpb.org.br\/index.php\/wp-json\/wp\/v2\/posts\/48153","targetHints":{"allow":["GET"]}}],"collection":[{"href":"https:\/\/sindaopcpb.org.br\/index.php\/wp-json\/wp\/v2\/posts"}],"about":[{"href":"https:\/\/sindaopcpb.org.br\/index.php\/wp-json\/wp\/v2\/types\/post"}],"author":[{"embeddable":true,"href":"https:\/\/sindaopcpb.org.br\/index.php\/wp-json\/wp\/v2\/users\/123457"}],"replies":[{"embeddable":true,"href":"https:\/\/sindaopcpb.org.br\/index.php\/wp-json\/wp\/v2\/comments?post=48153"}],"version-history":[{"count":3,"href":"https:\/\/sindaopcpb.org.br\/index.php\/wp-json\/wp\/v2\/posts\/48153\/revisions"}],"predecessor-version":[{"id":48162,"href":"https:\/\/sindaopcpb.org.br\/index.php\/wp-json\/wp\/v2\/posts\/48153\/revisions\/48162"}],"wp:attachment":[{"href":"https:\/\/sindaopcpb.org.br\/index.php\/wp-json\/wp\/v2\/media?parent=48153"}],"wp:term":[{"taxonomy":"category","embeddable":true,"href":"https:\/\/sindaopcpb.org.br\/index.php\/wp-json\/wp\/v2\/categories?post=48153"},{"taxonomy":"post_tag","embeddable":true,"href":"https:\/\/sindaopcpb.org.br\/index.php\/wp-json\/wp\/v2\/tags?post=48153"}],"curies":[{"name":"wp","href":"https:\/\/api.w.org\/{rel}","templated":true}]}}