{"id":48143,"date":"2024-06-12T08:18:53","date_gmt":"2024-06-12T11:18:53","guid":{"rendered":"https:\/\/www.pbagora.com.br\/?p=836845"},"modified":"2024-06-12T12:40:53","modified_gmt":"2024-06-12T15:40:53","slug":"caso-julia-mae-que-matou-filha-com-25-facadas-e-condenada-a-30-anos-de-prisao-em-joao-pessoa","status":"publish","type":"post","link":"https:\/\/sindaopcpb.org.br\/index.php\/2024\/06\/12\/caso-julia-mae-que-matou-filha-com-25-facadas-e-condenada-a-30-anos-de-prisao-em-joao-pessoa\/","title":{"rendered":"CASO J\u00daLIA: m\u00e3e que matou filha com 25 facadas \u00e9 condenada a 30 anos de pris\u00e3o em Jo\u00e3o Pessoa"},"content":{"rendered":"<p><img width=\"1024\" height=\"576\" src=\"https:\/\/pbagora.s3.amazonaws.com\/2024\/06\/12081753\/caso-1024x576.png\" class=\"attachment-large size-large wp-post-image\" alt=\"\" style=\"margin-bottom: 20px;\" decoding=\"async\" srcset=\"https:\/\/pbagora.s3.amazonaws.com\/2024\/06\/12081753\/caso-1024x576.png 1024w, https:\/\/pbagora.s3.amazonaws.com\/2024\/06\/12081753\/caso-300x169.png 300w, https:\/\/pbagora.s3.amazonaws.com\/2024\/06\/12081753\/caso-150x84.png 150w, https:\/\/pbagora.s3.amazonaws.com\/2024\/06\/12081753\/caso-768x432.png 768w, https:\/\/pbagora.s3.amazonaws.com\/2024\/06\/12081753\/caso-1536x864.png 1536w, https:\/\/pbagora.s3.amazonaws.com\/2024\/06\/12081753\/caso-380x214.png 380w, https:\/\/pbagora.s3.amazonaws.com\/2024\/06\/12081753\/caso-800x450.png 800w, https:\/\/pbagora.s3.amazonaws.com\/2024\/06\/12081753\/caso-1160x653.png 1160w, https:\/\/pbagora.s3.amazonaws.com\/2024\/06\/12081753\/caso-80x46.png 80w, https:\/\/pbagora.s3.amazonaws.com\/2024\/06\/12081753\/caso-760x428.png 760w, https:\/\/pbagora.s3.amazonaws.com\/2024\/06\/12081753\/caso-600x338.png 600w, https:\/\/pbagora.s3.amazonaws.com\/2024\/06\/12081753\/caso.png 1920w\" sizes=\"(max-width: 1024px) 100vw, 1024px\" \/><\/p><p>Elaine, a m\u00e3e que confessou ter assassinado a filha de um ano com 25 facadas, foi condenada a 30 anos de pris\u00e3o nessa ter\u00e7a-feira (11). O julgamento ocorreu no F\u00f3rum Criminal da Capital, em Jo\u00e3o Pessoa. Assista ao v\u00eddeo abaixo.<\/p>\n<p>O crime aconteceu em 26 de outubro de 2023, em um apartamento de um condom\u00ednio no bairro Novo Geisel. Ap\u00f3s cometer o crime, Elaine se entregou \u00e0 pol\u00edcia e confessou o assassinato.<\/p>\n<p>O advogado de Elaine, Jordel Oliveira, afirmou que a defesa entrar\u00e1 com um recurso para desvincular a pr\u00e1tica do ato de uma suposta motiva\u00e7\u00e3o por vingan\u00e7a. &#8220;Nos autos, ficou claro que o ex-companheiro de Elaine testemunhou que n\u00e3o acredita que ela cometeu o crime por vingan\u00e7a&#8221;, disse.<\/p>\n<p>&#8220;A defesa entende que a pena aplicada foi elevada devido aos elementos valorados pela magistrada. Vamos recorrer dessa senten\u00e7a para redimensionar a pena, pois consideramos a dosimetria exagerada&#8221;, finalizou o advogado.<\/p>\n<p>As autoridades acreditam que o crime foi motivado por vingan\u00e7a, ap\u00f3s Elaine receber uma mensagem de seu ex-companheiro terminando o relacionamento. Em entrevista \u00e0 TV Arapuan, no programa Tribuna Livre em 27 de outubro, o delegado Bruno Garcia destacou a possibilidade de Elaine ter agido por raiva e n\u00e3o por um surto.<\/p>\n<p>&#8220;Ela n\u00e3o tem sido acometida por surto, doen\u00e7a ou debilidade mental. Percebemos que ela narra e lembra muito bem de todo o ocorrido, inclusive da motiva\u00e7\u00e3o do crime, que foi a raiva que ela teve do seu companheiro&#8221;, afirmou o delegado.<\/p>\n<p>&nbsp;<\/p>\n<p><em><strong>Reda\u00e7\u00e3o<\/strong><\/em><\/p>\n<p>&nbsp;<\/p>\n","protected":false},"excerpt":{"rendered":"<p><img loading=\"lazy\" decoding=\"async\" width=\"1024\" height=\"576\" src=\"https:\/\/pbagora.s3.amazonaws.com\/2024\/06\/12081753\/caso-1024x576.png\" class=\"attachment-large size-large wp-post-image\" alt=\"\"><\/p>\n<p>Elaine, a m\u00e3e que confessou ter assassinado a filha de um ano com 25 facadas, foi condenada a\u2026<\/p>\n","protected":false},"author":123457,"featured_media":0,"comment_status":"closed","ping_status":"closed","sticky":false,"template":"","format":"standard","meta":{"advgb_blocks_editor_width":"","advgb_blocks_columns_visual_guide":"","footnotes":""},"categories":[34],"tags":[35,10839,10847],"class_list":["post-48143","post","type-post","status-publish","format-standard","hentry","category-g1","tag-g1","tag-policial","tag-rodape-03"],"author_meta":{"display_name":"Reda\u00e7\u00e3o","author_link":"https:\/\/sindaopcpb.org.br\/author\/redacao\/"},"featured_img":null,"coauthors":[],"tax_additional":{"categories":{"linked":["<a href=\"https:\/\/sindaopcpb.org.br\/g1\/\" class=\"advgb-post-tax-term\">G1<\/a>"],"unlinked":["<span class=\"advgb-post-tax-term\">G1<\/span>"]},"tags":{"linked":["<a href=\"https:\/\/sindaopcpb.org.br\/g1\/\" class=\"advgb-post-tax-term\">g1<\/a>","<a href=\"https:\/\/sindaopcpb.org.br\/g1\/\" class=\"advgb-post-tax-term\">Policial<\/a>","<a href=\"https:\/\/sindaopcpb.org.br\/g1\/\" class=\"advgb-post-tax-term\">Rodape 03<\/a>"],"unlinked":["<span class=\"advgb-post-tax-term\">g1<\/span>","<span class=\"advgb-post-tax-term\">Policial<\/span>","<span class=\"advgb-post-tax-term\">Rodape 03<\/span>"]}},"comment_count":"0","relative_dates":{"created":"Publicado 2 anos atr\u00e1s","modified":"Atualizado 2 anos atr\u00e1s"},"absolute_dates":{"created":"Publicado em 12 de junho de 2024","modified":"Atualizado em 12 de junho de 2024"},"absolute_dates_time":{"created":"Publicado em 12 de junho de 2024 08:18","modified":"Atualizado em 12 de junho de 2024 12:40"},"featured_img_caption":"","series_order":"","_links":{"self":[{"href":"https:\/\/sindaopcpb.org.br\/index.php\/wp-json\/wp\/v2\/posts\/48143","targetHints":{"allow":["GET"]}}],"collection":[{"href":"https:\/\/sindaopcpb.org.br\/index.php\/wp-json\/wp\/v2\/posts"}],"about":[{"href":"https:\/\/sindaopcpb.org.br\/index.php\/wp-json\/wp\/v2\/types\/post"}],"author":[{"embeddable":true,"href":"https:\/\/sindaopcpb.org.br\/index.php\/wp-json\/wp\/v2\/users\/123457"}],"replies":[{"embeddable":true,"href":"https:\/\/sindaopcpb.org.br\/index.php\/wp-json\/wp\/v2\/comments?post=48143"}],"version-history":[{"count":3,"href":"https:\/\/sindaopcpb.org.br\/index.php\/wp-json\/wp\/v2\/posts\/48143\/revisions"}],"predecessor-version":[{"id":48152,"href":"https:\/\/sindaopcpb.org.br\/index.php\/wp-json\/wp\/v2\/posts\/48143\/revisions\/48152"}],"wp:attachment":[{"href":"https:\/\/sindaopcpb.org.br\/index.php\/wp-json\/wp\/v2\/media?parent=48143"}],"wp:term":[{"taxonomy":"category","embeddable":true,"href":"https:\/\/sindaopcpb.org.br\/index.php\/wp-json\/wp\/v2\/categories?post=48143"},{"taxonomy":"post_tag","embeddable":true,"href":"https:\/\/sindaopcpb.org.br\/index.php\/wp-json\/wp\/v2\/tags?post=48143"}],"curies":[{"name":"wp","href":"https:\/\/api.w.org\/{rel}","templated":true}]}}