{"id":48133,"date":"2024-06-12T06:03:23","date_gmt":"2024-06-12T09:03:23","guid":{"rendered":"https:\/\/www.pbagora.com.br\/?p=836765"},"modified":"2024-06-12T09:03:23","modified_gmt":"2024-06-12T12:03:23","slug":"operacao-da-policia-militar-prende-dois-homens-e-apreende-drogas-na-cidade-de-santa-rita","status":"publish","type":"post","link":"https:\/\/sindaopcpb.org.br\/index.php\/2024\/06\/12\/operacao-da-policia-militar-prende-dois-homens-e-apreende-drogas-na-cidade-de-santa-rita\/","title":{"rendered":"Opera\u00e7\u00e3o da Pol\u00edcia Militar prende dois homens e apreende drogas na cidade de Santa Rita"},"content":{"rendered":"<p><img width=\"815\" height=\"418\" src=\"https:\/\/pbagora.s3.amazonaws.com\/2024\/06\/12060302\/Sem-titulo-7.jpg\" class=\"attachment-large size-large wp-post-image\" alt=\"\" style=\"margin-bottom: 20px;\" decoding=\"async\" srcset=\"https:\/\/pbagora.s3.amazonaws.com\/2024\/06\/12060302\/Sem-titulo-7.jpg 815w, https:\/\/pbagora.s3.amazonaws.com\/2024\/06\/12060302\/Sem-titulo-7-300x154.jpg 300w, https:\/\/pbagora.s3.amazonaws.com\/2024\/06\/12060302\/Sem-titulo-7-150x77.jpg 150w, https:\/\/pbagora.s3.amazonaws.com\/2024\/06\/12060302\/Sem-titulo-7-768x394.jpg 768w, https:\/\/pbagora.s3.amazonaws.com\/2024\/06\/12060302\/Sem-titulo-7-380x195.jpg 380w, https:\/\/pbagora.s3.amazonaws.com\/2024\/06\/12060302\/Sem-titulo-7-800x410.jpg 800w, https:\/\/pbagora.s3.amazonaws.com\/2024\/06\/12060302\/Sem-titulo-7-80x42.jpg 80w, https:\/\/pbagora.s3.amazonaws.com\/2024\/06\/12060302\/Sem-titulo-7-760x390.jpg 760w, https:\/\/pbagora.s3.amazonaws.com\/2024\/06\/12060302\/Sem-titulo-7-600x308.jpg 600w\" sizes=\"(max-width: 815px) 100vw, 815px\" \/><\/p><p>Uma opera\u00e7\u00e3o de integrantes da pela For\u00e7a T\u00e1tica do Primeiro Batalh\u00e3o na noite de ontem (11), resultou pris\u00e3o e uma apreens\u00e3o de drogas em Santa Rita, cidade da regi\u00e3o metropolitana de Jo\u00e3o Pessoa. A opera\u00e7\u00e3o, prendeu um indiv\u00edduo maior de idade e na apreens\u00e3o de um menor. Ambos foram flagrados com uma quantidade significativa de entorpecentes, incluindo maconha e coca\u00edna, indicando poss\u00edvel envolvimento com o tr\u00e1fico de drogas na regi\u00e3o.<\/p>\n<p>Segundo o Tenente respons\u00e1vel pela opera\u00e7\u00e3o, a abordagem ocorreu durante rondas na \u00e1rea, quando os suspeitos foram flagrados com atitudes suspeitas. Ap\u00f3s uma revista, o material il\u00edcito foi encontrado com o menor, que portava uma pochete contendo as subst\u00e2ncias.<\/p>\n<p>Os suspeitos, segundo informa\u00e7\u00f5es da pol\u00edcia, afirmaram estar realizando o transporte das drogas para entrega a um terceiro, em troca de uma quantia em dinheiro. Ambos foram conduzidos \u00e0 delegacia de plant\u00e3o para os procedimentos legais.<\/p>\n<p>A a\u00e7\u00e3o policial contou com o efetivo da For\u00e7a T\u00e1tica, que agiu com rapidez e efici\u00eancia, retirando de circula\u00e7\u00e3o uma quantidade significativa de entorpecentes e contribuindo para a seguran\u00e7a da comunidade.<\/p>\n<p>Reda\u00e7\u00e3o<\/p>\n","protected":false},"excerpt":{"rendered":"<p><img loading=\"lazy\" decoding=\"async\" width=\"815\" height=\"418\" src=\"https:\/\/pbagora.s3.amazonaws.com\/2024\/06\/12060302\/Sem-titulo-7.jpg\" class=\"attachment-large size-large wp-post-image\" alt=\"\"><\/p>\n<p>Uma opera\u00e7\u00e3o de integrantes da pela For\u00e7a T\u00e1tica do Primeiro Batalh\u00e3o na noite de ontem (11), resultou pris\u00e3o\u2026<\/p>\n","protected":false},"author":123457,"featured_media":0,"comment_status":"closed","ping_status":"closed","sticky":false,"template":"","format":"standard","meta":{"advgb_blocks_editor_width":"","advgb_blocks_columns_visual_guide":"","footnotes":""},"categories":[34],"tags":[35,10839,10846],"class_list":["post-48133","post","type-post","status-publish","format-standard","hentry","category-g1","tag-g1","tag-policial","tag-rodape-02"],"author_meta":{"display_name":"Reda\u00e7\u00e3o","author_link":"https:\/\/sindaopcpb.org.br\/author\/redacao\/"},"featured_img":null,"coauthors":[],"tax_additional":{"categories":{"linked":["<a href=\"https:\/\/sindaopcpb.org.br\/g1\/\" class=\"advgb-post-tax-term\">G1<\/a>"],"unlinked":["<span class=\"advgb-post-tax-term\">G1<\/span>"]},"tags":{"linked":["<a href=\"https:\/\/sindaopcpb.org.br\/g1\/\" class=\"advgb-post-tax-term\">g1<\/a>","<a href=\"https:\/\/sindaopcpb.org.br\/g1\/\" class=\"advgb-post-tax-term\">Policial<\/a>","<a href=\"https:\/\/sindaopcpb.org.br\/g1\/\" class=\"advgb-post-tax-term\">Rodape 02<\/a>"],"unlinked":["<span class=\"advgb-post-tax-term\">g1<\/span>","<span class=\"advgb-post-tax-term\">Policial<\/span>","<span class=\"advgb-post-tax-term\">Rodape 02<\/span>"]}},"comment_count":"0","relative_dates":{"created":"Publicado 2 anos atr\u00e1s","modified":"Atualizado 2 anos atr\u00e1s"},"absolute_dates":{"created":"Publicado em 12 de junho de 2024","modified":"Atualizado em 12 de junho de 2024"},"absolute_dates_time":{"created":"Publicado em 12 de junho de 2024 06:03","modified":"Atualizado em 12 de junho de 2024 09:03"},"featured_img_caption":"","series_order":"","_links":{"self":[{"href":"https:\/\/sindaopcpb.org.br\/index.php\/wp-json\/wp\/v2\/posts\/48133","targetHints":{"allow":["GET"]}}],"collection":[{"href":"https:\/\/sindaopcpb.org.br\/index.php\/wp-json\/wp\/v2\/posts"}],"about":[{"href":"https:\/\/sindaopcpb.org.br\/index.php\/wp-json\/wp\/v2\/types\/post"}],"author":[{"embeddable":true,"href":"https:\/\/sindaopcpb.org.br\/index.php\/wp-json\/wp\/v2\/users\/123457"}],"replies":[{"embeddable":true,"href":"https:\/\/sindaopcpb.org.br\/index.php\/wp-json\/wp\/v2\/comments?post=48133"}],"version-history":[{"count":3,"href":"https:\/\/sindaopcpb.org.br\/index.php\/wp-json\/wp\/v2\/posts\/48133\/revisions"}],"predecessor-version":[{"id":48147,"href":"https:\/\/sindaopcpb.org.br\/index.php\/wp-json\/wp\/v2\/posts\/48133\/revisions\/48147"}],"wp:attachment":[{"href":"https:\/\/sindaopcpb.org.br\/index.php\/wp-json\/wp\/v2\/media?parent=48133"}],"wp:term":[{"taxonomy":"category","embeddable":true,"href":"https:\/\/sindaopcpb.org.br\/index.php\/wp-json\/wp\/v2\/categories?post=48133"},{"taxonomy":"post_tag","embeddable":true,"href":"https:\/\/sindaopcpb.org.br\/index.php\/wp-json\/wp\/v2\/tags?post=48133"}],"curies":[{"name":"wp","href":"https:\/\/api.w.org\/{rel}","templated":true}]}}