{"id":48119,"date":"2024-06-11T13:10:22","date_gmt":"2024-06-11T16:10:22","guid":{"rendered":"https:\/\/www.pbagora.com.br\/?p=836584"},"modified":"2024-06-11T13:10:22","modified_gmt":"2024-06-11T16:10:22","slug":"segundo-suspeito-de-matar-motorista-de-aplicativo-em-joao-pessoa-e-preso","status":"publish","type":"post","link":"https:\/\/sindaopcpb.org.br\/index.php\/2024\/06\/11\/segundo-suspeito-de-matar-motorista-de-aplicativo-em-joao-pessoa-e-preso\/","title":{"rendered":"Segundo suspeito de matar motorista de aplicativo em Jo\u00e3o Pessoa \u00e9 preso"},"content":{"rendered":"<p><img width=\"890\" height=\"820\" src=\"https:\/\/pbagora.s3.amazonaws.com\/2024\/06\/11105212\/171076277088876.jpg\" class=\"attachment-large size-large wp-post-image\" alt=\"\" style=\"margin-bottom: 20px;\" decoding=\"async\" loading=\"lazy\" srcset=\"https:\/\/pbagora.s3.amazonaws.com\/2024\/06\/11105212\/171076277088876.jpg 890w, https:\/\/pbagora.s3.amazonaws.com\/2024\/06\/11105212\/171076277088876-300x276.jpg 300w, https:\/\/pbagora.s3.amazonaws.com\/2024\/06\/11105212\/171076277088876-150x138.jpg 150w, https:\/\/pbagora.s3.amazonaws.com\/2024\/06\/11105212\/171076277088876-768x708.jpg 768w, https:\/\/pbagora.s3.amazonaws.com\/2024\/06\/11105212\/171076277088876-380x350.jpg 380w, https:\/\/pbagora.s3.amazonaws.com\/2024\/06\/11105212\/171076277088876-800x737.jpg 800w, https:\/\/pbagora.s3.amazonaws.com\/2024\/06\/11105212\/171076277088876-80x74.jpg 80w, https:\/\/pbagora.s3.amazonaws.com\/2024\/06\/11105212\/171076277088876-760x700.jpg 760w, https:\/\/pbagora.s3.amazonaws.com\/2024\/06\/11105212\/171076277088876-600x553.jpg 600w\" sizes=\"(max-width: 890px) 100vw, 890px\" \/><\/p><p data-sourcepos=\"3:1-3:343\">Uma a\u00e7\u00e3o conjunta das pol\u00edcias Civil, Militar e o Centro Integrado de Comando e Controle (CICC) culminou na pris\u00e3o do segundo suspeito de envolvimento no assassinato do motorista de aplicativo Daniel de Souto Bezerra, crime ocorrido na madrugada do dia 18 de mar\u00e7o deste ano, no bairro de Mangabeira, em Jo\u00e3o Pessoa. A captura do investigado aconteceu na \u00faltima sexta-feira, dia 7 de junho.<\/p>\n<p data-sourcepos=\"5:1-5:367\">Daniel foi morto a tiros enquanto realizava uma corrida. Segundo as investiga\u00e7\u00f5es, ele atendeu a um chamado do aplicativo para pegar tr\u00eas passageiros em uma casa noturna da capital paraibana. Ao trafegar pelo bairro de Mangabeira, o carro do motorista foi interceptado por dois ve\u00edculos, de onde sa\u00edram homens armados que efetuaram diversos disparos contra o ve\u00edculo.<\/p>\n<p data-sourcepos=\"7:1-7:143\">Tudo indica que os criminosos tinham como alvo os passageiros do carro, e n\u00e3o Daniel. Apesar disso, o motorista foi atingido pelos tiros e faleceu no local. Os demais ocupantes do ve\u00edculo sobreviveram e foram socorridos.<\/p>\n<p data-sourcepos=\"9:1-9:184\">O primeiro suspeito de envolvimento no crime j\u00e1 havia sido preso no dia 17 de maio. A Pol\u00edcia Civil segue investigando o caso e busca identificar e capturar outros part\u00edcipes do crime.<\/p>\n","protected":false},"excerpt":{"rendered":"<p><img decoding=\"async\" width=\"890\" height=\"820\" src=\"https:\/\/pbagora.s3.amazonaws.com\/2024\/06\/11105212\/171076277088876.jpg\" class=\"attachment-large size-large wp-post-image\" alt=\"\" loading=\"lazy\"><\/p>\n<p>Uma a\u00e7\u00e3o conjunta das pol\u00edcias Civil, Militar e o Centro Integrado de Comando e Controle (CICC) culminou na\u2026<\/p>\n","protected":false},"author":123458,"featured_media":0,"comment_status":"closed","ping_status":"closed","sticky":false,"template":"","format":"standard","meta":{"advgb_blocks_editor_width":"","advgb_blocks_columns_visual_guide":"","footnotes":""},"categories":[34],"tags":[10841,35,10839],"class_list":["post-48119","post","type-post","status-publish","format-standard","hentry","category-g1","tag-destaque-centro-02","tag-g1","tag-policial"],"author_meta":{"display_name":"Feliphe Rojas","author_link":"https:\/\/sindaopcpb.org.br\/author\/feliphe-rojas\/"},"featured_img":null,"coauthors":[],"tax_additional":{"categories":{"linked":["<a href=\"https:\/\/sindaopcpb.org.br\/g1\/\" class=\"advgb-post-tax-term\">G1<\/a>"],"unlinked":["<span class=\"advgb-post-tax-term\">G1<\/span>"]},"tags":{"linked":["<a href=\"https:\/\/sindaopcpb.org.br\/g1\/\" class=\"advgb-post-tax-term\">Destaque Centro 02<\/a>","<a href=\"https:\/\/sindaopcpb.org.br\/g1\/\" class=\"advgb-post-tax-term\">g1<\/a>","<a href=\"https:\/\/sindaopcpb.org.br\/g1\/\" class=\"advgb-post-tax-term\">Policial<\/a>"],"unlinked":["<span class=\"advgb-post-tax-term\">Destaque Centro 02<\/span>","<span class=\"advgb-post-tax-term\">g1<\/span>","<span class=\"advgb-post-tax-term\">Policial<\/span>"]}},"comment_count":"0","relative_dates":{"created":"Publicado 2 anos atr\u00e1s","modified":"Atualizado 2 anos atr\u00e1s"},"absolute_dates":{"created":"Publicado em 11 de junho de 2024","modified":"Atualizado em 11 de junho de 2024"},"absolute_dates_time":{"created":"Publicado em 11 de junho de 2024 13:10","modified":"Atualizado em 11 de junho de 2024 13:10"},"featured_img_caption":"","series_order":"","_links":{"self":[{"href":"https:\/\/sindaopcpb.org.br\/index.php\/wp-json\/wp\/v2\/posts\/48119","targetHints":{"allow":["GET"]}}],"collection":[{"href":"https:\/\/sindaopcpb.org.br\/index.php\/wp-json\/wp\/v2\/posts"}],"about":[{"href":"https:\/\/sindaopcpb.org.br\/index.php\/wp-json\/wp\/v2\/types\/post"}],"author":[{"embeddable":true,"href":"https:\/\/sindaopcpb.org.br\/index.php\/wp-json\/wp\/v2\/users\/123458"}],"replies":[{"embeddable":true,"href":"https:\/\/sindaopcpb.org.br\/index.php\/wp-json\/wp\/v2\/comments?post=48119"}],"version-history":[{"count":1,"href":"https:\/\/sindaopcpb.org.br\/index.php\/wp-json\/wp\/v2\/posts\/48119\/revisions"}],"predecessor-version":[{"id":48120,"href":"https:\/\/sindaopcpb.org.br\/index.php\/wp-json\/wp\/v2\/posts\/48119\/revisions\/48120"}],"wp:attachment":[{"href":"https:\/\/sindaopcpb.org.br\/index.php\/wp-json\/wp\/v2\/media?parent=48119"}],"wp:term":[{"taxonomy":"category","embeddable":true,"href":"https:\/\/sindaopcpb.org.br\/index.php\/wp-json\/wp\/v2\/categories?post=48119"},{"taxonomy":"post_tag","embeddable":true,"href":"https:\/\/sindaopcpb.org.br\/index.php\/wp-json\/wp\/v2\/tags?post=48119"}],"curies":[{"name":"wp","href":"https:\/\/api.w.org\/{rel}","templated":true}]}}