{"id":48117,"date":"2024-06-11T13:14:52","date_gmt":"2024-06-11T16:14:52","guid":{"rendered":"https:\/\/www.pbagora.com.br\/?p=836665"},"modified":"2024-06-11T13:14:52","modified_gmt":"2024-06-11T16:14:52","slug":"homem-morre-e-crianca-fica-ferida-em-ataque-a-tiros-proximo-a-feira-de-oitizeiro-em-joao-pessoa","status":"publish","type":"post","link":"https:\/\/sindaopcpb.org.br\/index.php\/2024\/06\/11\/homem-morre-e-crianca-fica-ferida-em-ataque-a-tiros-proximo-a-feira-de-oitizeiro-em-joao-pessoa\/","title":{"rendered":"Homem morre e crian\u00e7a fica ferida em ataque a tiros pr\u00f3ximo \u00e0 Feira de Oitizeiro, em Jo\u00e3o Pessoa"},"content":{"rendered":"<p><img width=\"696\" height=\"522\" src=\"https:\/\/pbagora.s3.amazonaws.com\/20190621103039\/sirene-696x522.jpg\" class=\"attachment-large size-large wp-post-image\" alt=\"\" style=\"margin-bottom: 20px;\" decoding=\"async\" loading=\"lazy\" \/><\/p><p>Na manh\u00e3 desta ter\u00e7a-feira (11), um homem foi morto e uma crian\u00e7a de quatro anos ficou ferida em um ataque a tiros nas proximidades da Feira de Oitizeiro, em Jo\u00e3o Pessoa.<\/p>\n<p>Segundo a Pol\u00edcia Militar, o homem estava bebendo quando foi surpreendido pelos tiros. Durante a ocorr\u00eancia, um menino foi atingido por um tiro e foi socorrido ao Hospital de Emerg\u00eancia e Trauma Senador Humberto Lucena.<\/p>\n<p>A fam\u00edlia da crian\u00e7a informou que o tiro o atingiu de rasp\u00e3o. O hospital ainda n\u00e3o divulgou o estado de sa\u00fade da v\u00edtima.<\/p>\n<p>Moradores relataram ter ouvido pelo menos dez disparos de arma de fogo. A Pol\u00edcia Civil foi acionada e est\u00e1 investigando o caso.<\/p>\n<p><strong>PB Agora<\/strong><\/p>\n","protected":false},"excerpt":{"rendered":"<p><img decoding=\"async\" width=\"696\" height=\"522\" src=\"https:\/\/pbagora.s3.amazonaws.com\/20190621103039\/sirene-696x522.jpg\" class=\"attachment-large size-large wp-post-image\" alt=\"\" loading=\"lazy\"><\/p>\n<p>Na manh\u00e3 desta ter\u00e7a-feira (11), um homem foi morto e uma crian\u00e7a de quatro anos ficou ferida em\u2026<\/p>\n","protected":false},"author":123457,"featured_media":0,"comment_status":"closed","ping_status":"closed","sticky":false,"template":"","format":"standard","meta":{"advgb_blocks_editor_width":"","advgb_blocks_columns_visual_guide":"","footnotes":""},"categories":[34],"tags":[10840,35,10839],"class_list":["post-48117","post","type-post","status-publish","format-standard","hentry","category-g1","tag-destaque-centro-03","tag-g1","tag-policial"],"author_meta":{"display_name":"Reda\u00e7\u00e3o","author_link":"https:\/\/sindaopcpb.org.br\/author\/redacao\/"},"featured_img":null,"coauthors":[],"tax_additional":{"categories":{"linked":["<a href=\"https:\/\/sindaopcpb.org.br\/g1\/\" class=\"advgb-post-tax-term\">G1<\/a>"],"unlinked":["<span class=\"advgb-post-tax-term\">G1<\/span>"]},"tags":{"linked":["<a href=\"https:\/\/sindaopcpb.org.br\/g1\/\" class=\"advgb-post-tax-term\">Destaque Centro 03<\/a>","<a href=\"https:\/\/sindaopcpb.org.br\/g1\/\" class=\"advgb-post-tax-term\">g1<\/a>","<a href=\"https:\/\/sindaopcpb.org.br\/g1\/\" class=\"advgb-post-tax-term\">Policial<\/a>"],"unlinked":["<span class=\"advgb-post-tax-term\">Destaque Centro 03<\/span>","<span class=\"advgb-post-tax-term\">g1<\/span>","<span class=\"advgb-post-tax-term\">Policial<\/span>"]}},"comment_count":"0","relative_dates":{"created":"Publicado 2 anos atr\u00e1s","modified":"Atualizado 2 anos atr\u00e1s"},"absolute_dates":{"created":"Publicado em 11 de junho de 2024","modified":"Atualizado em 11 de junho de 2024"},"absolute_dates_time":{"created":"Publicado em 11 de junho de 2024 13:14","modified":"Atualizado em 11 de junho de 2024 13:14"},"featured_img_caption":"","series_order":"","_links":{"self":[{"href":"https:\/\/sindaopcpb.org.br\/index.php\/wp-json\/wp\/v2\/posts\/48117","targetHints":{"allow":["GET"]}}],"collection":[{"href":"https:\/\/sindaopcpb.org.br\/index.php\/wp-json\/wp\/v2\/posts"}],"about":[{"href":"https:\/\/sindaopcpb.org.br\/index.php\/wp-json\/wp\/v2\/types\/post"}],"author":[{"embeddable":true,"href":"https:\/\/sindaopcpb.org.br\/index.php\/wp-json\/wp\/v2\/users\/123457"}],"replies":[{"embeddable":true,"href":"https:\/\/sindaopcpb.org.br\/index.php\/wp-json\/wp\/v2\/comments?post=48117"}],"version-history":[{"count":1,"href":"https:\/\/sindaopcpb.org.br\/index.php\/wp-json\/wp\/v2\/posts\/48117\/revisions"}],"predecessor-version":[{"id":48118,"href":"https:\/\/sindaopcpb.org.br\/index.php\/wp-json\/wp\/v2\/posts\/48117\/revisions\/48118"}],"wp:attachment":[{"href":"https:\/\/sindaopcpb.org.br\/index.php\/wp-json\/wp\/v2\/media?parent=48117"}],"wp:term":[{"taxonomy":"category","embeddable":true,"href":"https:\/\/sindaopcpb.org.br\/index.php\/wp-json\/wp\/v2\/categories?post=48117"},{"taxonomy":"post_tag","embeddable":true,"href":"https:\/\/sindaopcpb.org.br\/index.php\/wp-json\/wp\/v2\/tags?post=48117"}],"curies":[{"name":"wp","href":"https:\/\/api.w.org\/{rel}","templated":true}]}}