{"id":48112,"date":"2024-06-11T11:40:22","date_gmt":"2024-06-11T14:40:22","guid":{"rendered":"https:\/\/www.pbagora.com.br\/?p=836594"},"modified":"2024-06-11T13:30:22","modified_gmt":"2024-06-11T16:30:22","slug":"tres-suspeitos-de-homicidios-e-ataques-em-lucena-sao-presos-pela-policia-civil","status":"publish","type":"post","link":"https:\/\/sindaopcpb.org.br\/index.php\/2024\/06\/11\/tres-suspeitos-de-homicidios-e-ataques-em-lucena-sao-presos-pela-policia-civil\/","title":{"rendered":"Tr\u00eas suspeitos de homic\u00eddios e ataques em Lucena s\u00e3o presos pela Pol\u00edcia Civil"},"content":{"rendered":"<p><img width=\"1000\" height=\"520\" src=\"https:\/\/pbagora.s3.amazonaws.com\/2024\/03\/20111145\/Viatura-da-Policia-Civil-1-1.jpg\" class=\"attachment-large size-large wp-post-image\" alt=\"\" style=\"margin-bottom: 20px;\" decoding=\"async\" loading=\"lazy\" srcset=\"https:\/\/pbagora.s3.amazonaws.com\/2024\/03\/20111145\/Viatura-da-Policia-Civil-1-1.jpg 1000w, https:\/\/pbagora.s3.amazonaws.com\/2024\/03\/20111145\/Viatura-da-Policia-Civil-1-1-300x156.jpg 300w, https:\/\/pbagora.s3.amazonaws.com\/2024\/03\/20111145\/Viatura-da-Policia-Civil-1-1-150x78.jpg 150w, https:\/\/pbagora.s3.amazonaws.com\/2024\/03\/20111145\/Viatura-da-Policia-Civil-1-1-768x399.jpg 768w, https:\/\/pbagora.s3.amazonaws.com\/2024\/03\/20111145\/Viatura-da-Policia-Civil-1-1-380x198.jpg 380w, https:\/\/pbagora.s3.amazonaws.com\/2024\/03\/20111145\/Viatura-da-Policia-Civil-1-1-800x416.jpg 800w, https:\/\/pbagora.s3.amazonaws.com\/2024\/03\/20111145\/Viatura-da-Policia-Civil-1-1-80x42.jpg 80w, https:\/\/pbagora.s3.amazonaws.com\/2024\/03\/20111145\/Viatura-da-Policia-Civil-1-1-760x395.jpg 760w, https:\/\/pbagora.s3.amazonaws.com\/2024\/03\/20111145\/Viatura-da-Policia-Civil-1-1-600x312.jpg 600w\" sizes=\"(max-width: 1000px) 100vw, 1000px\" \/><\/p><p data-sourcepos=\"3:1-3:50\">Uma a\u00e7\u00e3o da Pol\u00edcia Civil da Para\u00edba resultou na pris\u00e3o de tr\u00eas homens investigados por participa\u00e7\u00e3o em dois homic\u00eddios e diversos ataques no munic\u00edpio de Lucena, na Grande Jo\u00e3o Pessoa. As pris\u00f5es foram realizadas na segunda-feira (10) por equipes do N\u00facleo de Homic\u00eddios de Santa Rita e da Delegacia de Lucena.<\/p>\n<p data-sourcepos=\"5:1-5:130\">Os crimes ocorreram no dia 12 de maio deste ano, quando grupos rivais se enfrentaram em Lucena, expulsando moradores de suas casas, pichando muros com siglas de fac\u00e7\u00f5es criminosas e provocando terror na popula\u00e7\u00e3o.<\/p>\n<p data-sourcepos=\"7:1-7:254\">Diante da gravidade dos crimes, a Pol\u00edcia Civil iniciou as investiga\u00e7\u00f5es, coletou provas e representou pela pris\u00e3o preventiva dos investigados. A Justi\u00e7a acatou o pedido e expediu seis mandados de pris\u00e3o e busca, que foram cumpridos pela equipe policial.<\/p>\n","protected":false},"excerpt":{"rendered":"<p><img loading=\"lazy\" decoding=\"async\" width=\"1000\" height=\"520\" src=\"https:\/\/pbagora.s3.amazonaws.com\/2024\/03\/20111145\/Viatura-da-Policia-Civil-1-1.jpg\" class=\"attachment-large size-large wp-post-image\" alt=\"\"><\/p>\n<p>Uma a\u00e7\u00e3o da Pol\u00edcia Civil da Para\u00edba resultou na pris\u00e3o de tr\u00eas homens investigados por participa\u00e7\u00e3o em dois\u2026<\/p>\n","protected":false},"author":123458,"featured_media":0,"comment_status":"closed","ping_status":"closed","sticky":false,"template":"","format":"standard","meta":{"advgb_blocks_editor_width":"","advgb_blocks_columns_visual_guide":"","footnotes":""},"categories":[34],"tags":[35,10839,10842],"class_list":["post-48112","post","type-post","status-publish","format-standard","hentry","category-g1","tag-g1","tag-policial","tag-principal3"],"author_meta":{"display_name":"Feliphe Rojas","author_link":"https:\/\/sindaopcpb.org.br\/author\/feliphe-rojas\/"},"featured_img":null,"coauthors":[],"tax_additional":{"categories":{"linked":["<a href=\"https:\/\/sindaopcpb.org.br\/g1\/\" class=\"advgb-post-tax-term\">G1<\/a>"],"unlinked":["<span class=\"advgb-post-tax-term\">G1<\/span>"]},"tags":{"linked":["<a href=\"https:\/\/sindaopcpb.org.br\/g1\/\" class=\"advgb-post-tax-term\">g1<\/a>","<a href=\"https:\/\/sindaopcpb.org.br\/g1\/\" class=\"advgb-post-tax-term\">Policial<\/a>","<a href=\"https:\/\/sindaopcpb.org.br\/g1\/\" class=\"advgb-post-tax-term\">Principal3<\/a>"],"unlinked":["<span class=\"advgb-post-tax-term\">g1<\/span>","<span class=\"advgb-post-tax-term\">Policial<\/span>","<span class=\"advgb-post-tax-term\">Principal3<\/span>"]}},"comment_count":"0","relative_dates":{"created":"Publicado 2 anos atr\u00e1s","modified":"Atualizado 2 anos atr\u00e1s"},"absolute_dates":{"created":"Publicado em 11 de junho de 2024","modified":"Atualizado em 11 de junho de 2024"},"absolute_dates_time":{"created":"Publicado em 11 de junho de 2024 11:40","modified":"Atualizado em 11 de junho de 2024 13:30"},"featured_img_caption":"","series_order":"","_links":{"self":[{"href":"https:\/\/sindaopcpb.org.br\/index.php\/wp-json\/wp\/v2\/posts\/48112","targetHints":{"allow":["GET"]}}],"collection":[{"href":"https:\/\/sindaopcpb.org.br\/index.php\/wp-json\/wp\/v2\/posts"}],"about":[{"href":"https:\/\/sindaopcpb.org.br\/index.php\/wp-json\/wp\/v2\/types\/post"}],"author":[{"embeddable":true,"href":"https:\/\/sindaopcpb.org.br\/index.php\/wp-json\/wp\/v2\/users\/123458"}],"replies":[{"embeddable":true,"href":"https:\/\/sindaopcpb.org.br\/index.php\/wp-json\/wp\/v2\/comments?post=48112"}],"version-history":[{"count":2,"href":"https:\/\/sindaopcpb.org.br\/index.php\/wp-json\/wp\/v2\/posts\/48112\/revisions"}],"predecessor-version":[{"id":48116,"href":"https:\/\/sindaopcpb.org.br\/index.php\/wp-json\/wp\/v2\/posts\/48112\/revisions\/48116"}],"wp:attachment":[{"href":"https:\/\/sindaopcpb.org.br\/index.php\/wp-json\/wp\/v2\/media?parent=48112"}],"wp:term":[{"taxonomy":"category","embeddable":true,"href":"https:\/\/sindaopcpb.org.br\/index.php\/wp-json\/wp\/v2\/categories?post=48112"},{"taxonomy":"post_tag","embeddable":true,"href":"https:\/\/sindaopcpb.org.br\/index.php\/wp-json\/wp\/v2\/tags?post=48112"}],"curies":[{"name":"wp","href":"https:\/\/api.w.org\/{rel}","templated":true}]}}