{"id":48110,"date":"2024-06-11T11:40:28","date_gmt":"2024-06-11T14:40:28","guid":{"rendered":"https:\/\/www.pbagora.com.br\/?p=836575"},"modified":"2024-06-11T11:40:28","modified_gmt":"2024-06-11T14:40:28","slug":"juri-absolve-comerciante-acusado-de-matar-tres-finlandeses-no-conde","status":"publish","type":"post","link":"https:\/\/sindaopcpb.org.br\/index.php\/2024\/06\/11\/juri-absolve-comerciante-acusado-de-matar-tres-finlandeses-no-conde\/","title":{"rendered":"J\u00fari absolve comerciante acusado de matar tr\u00eas finlandeses no Conde"},"content":{"rendered":"<p><img width=\"620\" height=\"354\" src=\"https:\/\/pbagora.s3.amazonaws.com\/2024\/06\/10161244\/filandeses-mortos-na-paraba-portal-santa-rita-hoje-620x354-1.jpg\" class=\"attachment-large size-large wp-post-image\" alt=\"\" style=\"margin-bottom: 20px;\" decoding=\"async\" loading=\"lazy\" srcset=\"https:\/\/pbagora.s3.amazonaws.com\/2024\/06\/10161244\/filandeses-mortos-na-paraba-portal-santa-rita-hoje-620x354-1.jpg 620w, https:\/\/pbagora.s3.amazonaws.com\/2024\/06\/10161244\/filandeses-mortos-na-paraba-portal-santa-rita-hoje-620x354-1-300x171.jpg 300w, https:\/\/pbagora.s3.amazonaws.com\/2024\/06\/10161244\/filandeses-mortos-na-paraba-portal-santa-rita-hoje-620x354-1-150x86.jpg 150w, https:\/\/pbagora.s3.amazonaws.com\/2024\/06\/10161244\/filandeses-mortos-na-paraba-portal-santa-rita-hoje-620x354-1-380x217.jpg 380w, https:\/\/pbagora.s3.amazonaws.com\/2024\/06\/10161244\/filandeses-mortos-na-paraba-portal-santa-rita-hoje-620x354-1-80x46.jpg 80w, https:\/\/pbagora.s3.amazonaws.com\/2024\/06\/10161244\/filandeses-mortos-na-paraba-portal-santa-rita-hoje-620x354-1-600x343.jpg 600w\" sizes=\"(max-width: 620px) 100vw, 620px\" \/><\/p><p data-sourcepos=\"3:1-3:294\">Na tarde de hoje, o Conselho de Senten\u00e7a do 1\u00ba Tribunal do J\u00fari da Comarca da Capital absolveu, por maioria de votos, o comerciante Francisco das Chagas de Vasconcelos Lima da acusa\u00e7\u00e3o de homic\u00eddio triplamente qualificado contra os finlandeses Pasi Kalervo Kaartinen, Rita Marjatta Kaartinen e Sirpa Helena Tihonen. O j\u00fari acatou a tese da defesa de negativa de autoria.<\/p>\n<p data-sourcepos=\"5:1-5:237\">Lima tamb\u00e9m foi absolvido do crime de oculta\u00e7\u00e3o de cad\u00e1ver, conexo aos homic\u00eddios. Segundo o juiz Ant\u00f4nio Gon\u00e7alves Ribeiro J\u00fanior, presidente do Tribunal do J\u00fari, &#8220;n\u00e3o existem provas de que o r\u00e9u tenha concorrido para a infra\u00e7\u00e3o penal&#8221;.<\/p>\n<p data-sourcepos=\"9:1-9:128\">A decis\u00e3o do j\u00fari se baseou na fragilidade das provas apresentadas contra o r\u00e9u. O magistrado destacou que o \u00fanico ind\u00edcio que o ligava aos crimes era o depoimento de uma testemunha que o viu transitando em um ve\u00edculo perto do local onde os corpos das v\u00edtimas foram encontrados. No entanto, a testemunha n\u00e3o conseguiu identificar os ocupantes do ve\u00edculo, o que fragilizou o depoimento.<\/p>\n<p data-sourcepos=\"13:1-13:330\">Os crimes contra os finlandeses aconteceram na noite do dia 30 de novembro de 2011, na resid\u00eancia das v\u00edtimas, localizada no Distrito de Jacum\u00e3, no Conde. De acordo com a den\u00fancia, a motiva\u00e7\u00e3o para os assassinatos teria sido a tentativa de roubar os bens das v\u00edtimas, que possu\u00edam um im\u00f3vel e diversos terrenos na praia de Jacum\u00e3.<\/p>\n<p data-sourcepos=\"17:1-17:233\">As v\u00edtimas, Pasi Kalervo Kaartinen (71 anos), Rita Marjatta Kaartinen (68 anos) e Sirpa Helena Tiihonen (60 anos), moravam no Conde h\u00e1 cerca de seis anos. No primeiro semestre de 2011, eles decidiram retornar \u00e0 Finl\u00e2ndia, o que teria motivado o crime.<\/p>\n<p data-sourcepos=\"21:1-21:213\">A absolvi\u00e7\u00e3o de Francisco das Chagas de Vasconcelos Lima gerou repercuss\u00e3o na comunidade do Conde. Familiares e amigos das v\u00edtimas lamentaram a decis\u00e3o do j\u00fari, enquanto a defesa do r\u00e9u comemorou a sua absolvi\u00e7\u00e3o.<\/p>\n<p data-sourcepos=\"25:1-25:128\">Apesar da absolvi\u00e7\u00e3o de Lima, o caso ainda n\u00e3o est\u00e1 encerrado. O Minist\u00e9rio P\u00fablico da Para\u00edba pode recorrer da decis\u00e3o do j\u00fari.<\/p>\n","protected":false},"excerpt":{"rendered":"<p><img decoding=\"async\" width=\"620\" height=\"354\" src=\"https:\/\/pbagora.s3.amazonaws.com\/2024\/06\/10161244\/filandeses-mortos-na-paraba-portal-santa-rita-hoje-620x354-1.jpg\" class=\"attachment-large size-large wp-post-image\" alt=\"\" loading=\"lazy\"><\/p>\n<p>Na tarde de hoje, o Conselho de Senten\u00e7a do 1\u00ba Tribunal do J\u00fari da Comarca da Capital absolveu,\u2026<\/p>\n","protected":false},"author":123458,"featured_media":0,"comment_status":"closed","ping_status":"closed","sticky":false,"template":"","format":"standard","meta":{"advgb_blocks_editor_width":"","advgb_blocks_columns_visual_guide":"","footnotes":""},"categories":[34],"tags":[10840,35,10839],"class_list":["post-48110","post","type-post","status-publish","format-standard","hentry","category-g1","tag-destaque-centro-03","tag-g1","tag-policial"],"author_meta":{"display_name":"Feliphe Rojas","author_link":"https:\/\/sindaopcpb.org.br\/author\/feliphe-rojas\/"},"featured_img":null,"coauthors":[],"tax_additional":{"categories":{"linked":["<a href=\"https:\/\/sindaopcpb.org.br\/g1\/\" class=\"advgb-post-tax-term\">G1<\/a>"],"unlinked":["<span class=\"advgb-post-tax-term\">G1<\/span>"]},"tags":{"linked":["<a href=\"https:\/\/sindaopcpb.org.br\/g1\/\" class=\"advgb-post-tax-term\">Destaque Centro 03<\/a>","<a href=\"https:\/\/sindaopcpb.org.br\/g1\/\" class=\"advgb-post-tax-term\">g1<\/a>","<a href=\"https:\/\/sindaopcpb.org.br\/g1\/\" class=\"advgb-post-tax-term\">Policial<\/a>"],"unlinked":["<span class=\"advgb-post-tax-term\">Destaque Centro 03<\/span>","<span class=\"advgb-post-tax-term\">g1<\/span>","<span class=\"advgb-post-tax-term\">Policial<\/span>"]}},"comment_count":"0","relative_dates":{"created":"Publicado 2 anos atr\u00e1s","modified":"Atualizado 2 anos atr\u00e1s"},"absolute_dates":{"created":"Publicado em 11 de junho de 2024","modified":"Atualizado em 11 de junho de 2024"},"absolute_dates_time":{"created":"Publicado em 11 de junho de 2024 11:40","modified":"Atualizado em 11 de junho de 2024 11:40"},"featured_img_caption":"","series_order":"","_links":{"self":[{"href":"https:\/\/sindaopcpb.org.br\/index.php\/wp-json\/wp\/v2\/posts\/48110","targetHints":{"allow":["GET"]}}],"collection":[{"href":"https:\/\/sindaopcpb.org.br\/index.php\/wp-json\/wp\/v2\/posts"}],"about":[{"href":"https:\/\/sindaopcpb.org.br\/index.php\/wp-json\/wp\/v2\/types\/post"}],"author":[{"embeddable":true,"href":"https:\/\/sindaopcpb.org.br\/index.php\/wp-json\/wp\/v2\/users\/123458"}],"replies":[{"embeddable":true,"href":"https:\/\/sindaopcpb.org.br\/index.php\/wp-json\/wp\/v2\/comments?post=48110"}],"version-history":[{"count":1,"href":"https:\/\/sindaopcpb.org.br\/index.php\/wp-json\/wp\/v2\/posts\/48110\/revisions"}],"predecessor-version":[{"id":48111,"href":"https:\/\/sindaopcpb.org.br\/index.php\/wp-json\/wp\/v2\/posts\/48110\/revisions\/48111"}],"wp:attachment":[{"href":"https:\/\/sindaopcpb.org.br\/index.php\/wp-json\/wp\/v2\/media?parent=48110"}],"wp:term":[{"taxonomy":"category","embeddable":true,"href":"https:\/\/sindaopcpb.org.br\/index.php\/wp-json\/wp\/v2\/categories?post=48110"},{"taxonomy":"post_tag","embeddable":true,"href":"https:\/\/sindaopcpb.org.br\/index.php\/wp-json\/wp\/v2\/tags?post=48110"}],"curies":[{"name":"wp","href":"https:\/\/api.w.org\/{rel}","templated":true}]}}