{"id":48091,"date":"2024-06-10T18:30:01","date_gmt":"2024-06-10T21:30:01","guid":{"rendered":"https:\/\/www.pbagora.com.br\/?p=836431"},"modified":"2024-06-10T18:30:01","modified_gmt":"2024-06-10T21:30:01","slug":"reu-por-homicidio-de-tres-finlandeses-em-conde-comerciante-deve-ter-sentenca-proferida-ainda-hoje","status":"publish","type":"post","link":"https:\/\/sindaopcpb.org.br\/index.php\/2024\/06\/10\/reu-por-homicidio-de-tres-finlandeses-em-conde-comerciante-deve-ter-sentenca-proferida-ainda-hoje\/","title":{"rendered":"R\u00e9u por homic\u00eddio de tr\u00eas finlandeses em Conde, comerciante deve ter senten\u00e7a proferida ainda hoje"},"content":{"rendered":"<p><img width=\"620\" height=\"354\" src=\"https:\/\/pbagora.s3.amazonaws.com\/2024\/06\/10161244\/filandeses-mortos-na-paraba-portal-santa-rita-hoje-620x354-1.jpg\" class=\"attachment-large size-large wp-post-image\" alt=\"\" style=\"margin-bottom: 20px;\" decoding=\"async\" loading=\"lazy\" srcset=\"https:\/\/pbagora.s3.amazonaws.com\/2024\/06\/10161244\/filandeses-mortos-na-paraba-portal-santa-rita-hoje-620x354-1.jpg 620w, https:\/\/pbagora.s3.amazonaws.com\/2024\/06\/10161244\/filandeses-mortos-na-paraba-portal-santa-rita-hoje-620x354-1-300x171.jpg 300w, https:\/\/pbagora.s3.amazonaws.com\/2024\/06\/10161244\/filandeses-mortos-na-paraba-portal-santa-rita-hoje-620x354-1-150x86.jpg 150w, https:\/\/pbagora.s3.amazonaws.com\/2024\/06\/10161244\/filandeses-mortos-na-paraba-portal-santa-rita-hoje-620x354-1-380x217.jpg 380w, https:\/\/pbagora.s3.amazonaws.com\/2024\/06\/10161244\/filandeses-mortos-na-paraba-portal-santa-rita-hoje-620x354-1-80x46.jpg 80w, https:\/\/pbagora.s3.amazonaws.com\/2024\/06\/10161244\/filandeses-mortos-na-paraba-portal-santa-rita-hoje-620x354-1-600x343.jpg 600w\" sizes=\"(max-width: 620px) 100vw, 620px\" \/><\/p><p data-sourcepos=\"3:1-3:81\">O comerciante Francisco das Chagas de Vasconcelos Lima est\u00e1 sendo julgado nesta segunda-feira (10) pelos homic\u00eddios de tr\u00eas finlandeses no munic\u00edpio de Conde, no Litoral Sul da Para\u00edba. A sess\u00e3o teve in\u00edcio pela manh\u00e3 e est\u00e1 sendo presidida pelo juiz titular do 1\u00ba Tribunal do J\u00fari da Comarca de Jo\u00e3o Pessoa, Ant\u00f4nio Gon\u00e7alves Ribeiro J\u00fanior.<\/p>\n<p data-sourcepos=\"5:1-5:108\">Vasconcelos Lima \u00e9 acusado de matar Pasi Kalervo Kaartinen, de 71 anos, sua esposa Riitta Marjatta Kaartinen, de 68 anos, e Sirpa Helena Tiihonen, de 60 anos, no dia 30 de novembro de 2011. Os corpos das v\u00edtimas foram encontrados por trabalhadores rurais em um canavial.<\/p>\n<p data-sourcepos=\"7:1-7:158\">Segundo a den\u00fancia, os crimes aconteceram \u00e0 noite, dentro da resid\u00eancia das v\u00edtimas, localizada na Rua Pasi Kalervo Kaartinen, n\u00ba 06, no Distrito de Jacum\u00e3. O casal finland\u00eas era dono de um im\u00f3vel e diversos terrenos na praia de Jacum\u00e3 e morava no local h\u00e1 cerca de seis anos. No primeiro semestre de 2011, eles decidiram retornar \u00e0 Finl\u00e2ndia, seu pa\u00eds de origem. A motiva\u00e7\u00e3o para os assassinatos teria sido a tentativa de roubar os bens das v\u00edtimas.<\/p>\n<p data-sourcepos=\"9:1-9:239\">Os corpos das v\u00edtimas foram encontrados em um canavial \u00e0s margens da PB-044, entre o distrito de Taquara e o munic\u00edpio de Pitimbu. Uma testemunha viu os ve\u00edculos das v\u00edtimas saindo do local onde os corpos foram encontrados no dia seguinte.<\/p>\n<p data-sourcepos=\"11:1-11:148\">Um segundo r\u00e9u, Constantino Alexandre da Silva, tamb\u00e9m foi denunciado pelos crimes, mas faleceu antes do julgamento e teve sua punibilidade extinta.<\/p>\n<p data-sourcepos=\"13:1-13:141\">O julgamento de Francisco das Chagas de Vasconcelos Lima ainda est\u00e1 em andamento. Aguarda-se a leitura da senten\u00e7a ainda nesta segunda-feira.<\/p>\n","protected":false},"excerpt":{"rendered":"<p><img decoding=\"async\" width=\"620\" height=\"354\" src=\"https:\/\/pbagora.s3.amazonaws.com\/2024\/06\/10161244\/filandeses-mortos-na-paraba-portal-santa-rita-hoje-620x354-1.jpg\" class=\"attachment-large size-large wp-post-image\" alt=\"\" loading=\"lazy\"><\/p>\n<p>O comerciante Francisco das Chagas de Vasconcelos Lima est\u00e1 sendo julgado nesta segunda-feira (10) pelos homic\u00eddios de tr\u00eas\u2026<\/p>\n","protected":false},"author":123458,"featured_media":0,"comment_status":"closed","ping_status":"closed","sticky":false,"template":"","format":"standard","meta":{"advgb_blocks_editor_width":"","advgb_blocks_columns_visual_guide":"","footnotes":""},"categories":[34],"tags":[10841,35,10839],"class_list":["post-48091","post","type-post","status-publish","format-standard","hentry","category-g1","tag-destaque-centro-02","tag-g1","tag-policial"],"author_meta":{"display_name":"Feliphe Rojas","author_link":"https:\/\/sindaopcpb.org.br\/author\/feliphe-rojas\/"},"featured_img":null,"coauthors":[],"tax_additional":{"categories":{"linked":["<a href=\"https:\/\/sindaopcpb.org.br\/g1\/\" class=\"advgb-post-tax-term\">G1<\/a>"],"unlinked":["<span class=\"advgb-post-tax-term\">G1<\/span>"]},"tags":{"linked":["<a href=\"https:\/\/sindaopcpb.org.br\/g1\/\" class=\"advgb-post-tax-term\">Destaque Centro 02<\/a>","<a href=\"https:\/\/sindaopcpb.org.br\/g1\/\" class=\"advgb-post-tax-term\">g1<\/a>","<a href=\"https:\/\/sindaopcpb.org.br\/g1\/\" class=\"advgb-post-tax-term\">Policial<\/a>"],"unlinked":["<span class=\"advgb-post-tax-term\">Destaque Centro 02<\/span>","<span class=\"advgb-post-tax-term\">g1<\/span>","<span class=\"advgb-post-tax-term\">Policial<\/span>"]}},"comment_count":"0","relative_dates":{"created":"Publicado 2 anos atr\u00e1s","modified":"Atualizado 2 anos atr\u00e1s"},"absolute_dates":{"created":"Publicado em 10 de junho de 2024","modified":"Atualizado em 10 de junho de 2024"},"absolute_dates_time":{"created":"Publicado em 10 de junho de 2024 18:30","modified":"Atualizado em 10 de junho de 2024 18:30"},"featured_img_caption":"","series_order":"","_links":{"self":[{"href":"https:\/\/sindaopcpb.org.br\/index.php\/wp-json\/wp\/v2\/posts\/48091","targetHints":{"allow":["GET"]}}],"collection":[{"href":"https:\/\/sindaopcpb.org.br\/index.php\/wp-json\/wp\/v2\/posts"}],"about":[{"href":"https:\/\/sindaopcpb.org.br\/index.php\/wp-json\/wp\/v2\/types\/post"}],"author":[{"embeddable":true,"href":"https:\/\/sindaopcpb.org.br\/index.php\/wp-json\/wp\/v2\/users\/123458"}],"replies":[{"embeddable":true,"href":"https:\/\/sindaopcpb.org.br\/index.php\/wp-json\/wp\/v2\/comments?post=48091"}],"version-history":[{"count":1,"href":"https:\/\/sindaopcpb.org.br\/index.php\/wp-json\/wp\/v2\/posts\/48091\/revisions"}],"predecessor-version":[{"id":48092,"href":"https:\/\/sindaopcpb.org.br\/index.php\/wp-json\/wp\/v2\/posts\/48091\/revisions\/48092"}],"wp:attachment":[{"href":"https:\/\/sindaopcpb.org.br\/index.php\/wp-json\/wp\/v2\/media?parent=48091"}],"wp:term":[{"taxonomy":"category","embeddable":true,"href":"https:\/\/sindaopcpb.org.br\/index.php\/wp-json\/wp\/v2\/categories?post=48091"},{"taxonomy":"post_tag","embeddable":true,"href":"https:\/\/sindaopcpb.org.br\/index.php\/wp-json\/wp\/v2\/tags?post=48091"}],"curies":[{"name":"wp","href":"https:\/\/api.w.org\/{rel}","templated":true}]}}