{"id":48083,"date":"2024-06-10T16:03:21","date_gmt":"2024-06-10T19:03:21","guid":{"rendered":"https:\/\/www.pbagora.com.br\/?p=836407"},"modified":"2024-06-10T16:03:21","modified_gmt":"2024-06-10T19:03:21","slug":"empresaria-de-itaporanga-e-mais-tres-pessoas-morrem-em-acidente-no-trevo-do-ibo-em-pernambuco","status":"publish","type":"post","link":"https:\/\/sindaopcpb.org.br\/index.php\/2024\/06\/10\/empresaria-de-itaporanga-e-mais-tres-pessoas-morrem-em-acidente-no-trevo-do-ibo-em-pernambuco\/","title":{"rendered":"Empres\u00e1ria de Itaporanga e mais tr\u00eas pessoas morrem em acidente no Trevo do Ib\u00f3, em Pernambuco"},"content":{"rendered":"<p><img width=\"750\" height=\"800\" src=\"https:\/\/pbagora.s3.amazonaws.com\/2024\/06\/10154300\/WhatsApp-Image-2024-06-10-at-13.57.07-750x800-1.jpeg\" class=\"attachment-large size-large wp-post-image\" alt=\"\" style=\"margin-bottom: 20px;\" decoding=\"async\" srcset=\"https:\/\/pbagora.s3.amazonaws.com\/2024\/06\/10154300\/WhatsApp-Image-2024-06-10-at-13.57.07-750x800-1.jpeg 750w, https:\/\/pbagora.s3.amazonaws.com\/2024\/06\/10154300\/WhatsApp-Image-2024-06-10-at-13.57.07-750x800-1-281x300.jpeg 281w, https:\/\/pbagora.s3.amazonaws.com\/2024\/06\/10154300\/WhatsApp-Image-2024-06-10-at-13.57.07-750x800-1-141x150.jpeg 141w, https:\/\/pbagora.s3.amazonaws.com\/2024\/06\/10154300\/WhatsApp-Image-2024-06-10-at-13.57.07-750x800-1-380x405.jpeg 380w, https:\/\/pbagora.s3.amazonaws.com\/2024\/06\/10154300\/WhatsApp-Image-2024-06-10-at-13.57.07-750x800-1-80x85.jpeg 80w, https:\/\/pbagora.s3.amazonaws.com\/2024\/06\/10154300\/WhatsApp-Image-2024-06-10-at-13.57.07-750x800-1-75x80.jpeg 75w, https:\/\/pbagora.s3.amazonaws.com\/2024\/06\/10154300\/WhatsApp-Image-2024-06-10-at-13.57.07-750x800-1-563x600.jpeg 563w\" sizes=\"(max-width: 750px) 100vw, 750px\" \/><\/p><p data-sourcepos=\"3:1-3:243\">A empres\u00e1ria Auric\u00e9lia Guimar\u00e3es, natural da Para\u00edba, faleceu na manh\u00e3 desta segunda-feira (10) em um acidente na BR-232, no trecho conhecido como Trevo do Ib\u00f3, que liga os estados do Cear\u00e1, Pernambuco e Bahia.<\/p>\n<p data-sourcepos=\"5:1-5:272\">Outras tr\u00eas pessoas tamb\u00e9m morreram no acidente: Alessandra Barreiro e Maria de Lourdes Barreiro, filha e m\u00e3e, respectivamente, que acompanhavam Auric\u00e9lia na viagem, e o motorista do ve\u00edculo, um homem natural de S\u00e3o Paulo que havia sido contratado para realizar o trajeto.<\/p>\n<p data-sourcepos=\"7:1-7:148\">Segundo informa\u00e7\u00f5es de familiares, as v\u00edtimas partiram de S\u00e3o Paulo com destino a Itaporanga, no Sert\u00e3o paraibano, para visitar amigos e familiares.<\/p>\n<p data-sourcepos=\"9:1-9:176\">Ainda n\u00e3o h\u00e1 informa\u00e7\u00f5es precisas sobre as causas do acidente. A Pol\u00edcia Rodovi\u00e1ria Federal (PRF) foi acionada para atender a ocorr\u00eancia e investigar as circunst\u00e2ncias do fato.<\/p>\n","protected":false},"excerpt":{"rendered":"<p><img loading=\"lazy\" decoding=\"async\" width=\"750\" height=\"800\" src=\"https:\/\/pbagora.s3.amazonaws.com\/2024\/06\/10154300\/WhatsApp-Image-2024-06-10-at-13.57.07-750x800-1.jpeg\" class=\"attachment-large size-large wp-post-image\" alt=\"\"><\/p>\n<p>A empres\u00e1ria Auric\u00e9lia Guimar\u00e3es, natural da Para\u00edba, faleceu na manh\u00e3 desta segunda-feira (10) em um acidente na BR-232,\u2026<\/p>\n","protected":false},"author":123458,"featured_media":0,"comment_status":"closed","ping_status":"closed","sticky":false,"template":"","format":"standard","meta":{"advgb_blocks_editor_width":"","advgb_blocks_columns_visual_guide":"","footnotes":""},"categories":[34],"tags":[35,10839,10842],"class_list":["post-48083","post","type-post","status-publish","format-standard","hentry","category-g1","tag-g1","tag-policial","tag-principal3"],"author_meta":{"display_name":"Feliphe Rojas","author_link":"https:\/\/sindaopcpb.org.br\/author\/feliphe-rojas\/"},"featured_img":null,"coauthors":[],"tax_additional":{"categories":{"linked":["<a href=\"https:\/\/sindaopcpb.org.br\/g1\/\" class=\"advgb-post-tax-term\">G1<\/a>"],"unlinked":["<span class=\"advgb-post-tax-term\">G1<\/span>"]},"tags":{"linked":["<a href=\"https:\/\/sindaopcpb.org.br\/g1\/\" class=\"advgb-post-tax-term\">g1<\/a>","<a href=\"https:\/\/sindaopcpb.org.br\/g1\/\" class=\"advgb-post-tax-term\">Policial<\/a>","<a href=\"https:\/\/sindaopcpb.org.br\/g1\/\" class=\"advgb-post-tax-term\">Principal3<\/a>"],"unlinked":["<span class=\"advgb-post-tax-term\">g1<\/span>","<span class=\"advgb-post-tax-term\">Policial<\/span>","<span class=\"advgb-post-tax-term\">Principal3<\/span>"]}},"comment_count":"0","relative_dates":{"created":"Publicado 2 anos atr\u00e1s","modified":"Atualizado 2 anos atr\u00e1s"},"absolute_dates":{"created":"Publicado em 10 de junho de 2024","modified":"Atualizado em 10 de junho de 2024"},"absolute_dates_time":{"created":"Publicado em 10 de junho de 2024 16:03","modified":"Atualizado em 10 de junho de 2024 16:03"},"featured_img_caption":"","series_order":"","_links":{"self":[{"href":"https:\/\/sindaopcpb.org.br\/index.php\/wp-json\/wp\/v2\/posts\/48083","targetHints":{"allow":["GET"]}}],"collection":[{"href":"https:\/\/sindaopcpb.org.br\/index.php\/wp-json\/wp\/v2\/posts"}],"about":[{"href":"https:\/\/sindaopcpb.org.br\/index.php\/wp-json\/wp\/v2\/types\/post"}],"author":[{"embeddable":true,"href":"https:\/\/sindaopcpb.org.br\/index.php\/wp-json\/wp\/v2\/users\/123458"}],"replies":[{"embeddable":true,"href":"https:\/\/sindaopcpb.org.br\/index.php\/wp-json\/wp\/v2\/comments?post=48083"}],"version-history":[{"count":2,"href":"https:\/\/sindaopcpb.org.br\/index.php\/wp-json\/wp\/v2\/posts\/48083\/revisions"}],"predecessor-version":[{"id":48093,"href":"https:\/\/sindaopcpb.org.br\/index.php\/wp-json\/wp\/v2\/posts\/48083\/revisions\/48093"}],"wp:attachment":[{"href":"https:\/\/sindaopcpb.org.br\/index.php\/wp-json\/wp\/v2\/media?parent=48083"}],"wp:term":[{"taxonomy":"category","embeddable":true,"href":"https:\/\/sindaopcpb.org.br\/index.php\/wp-json\/wp\/v2\/categories?post=48083"},{"taxonomy":"post_tag","embeddable":true,"href":"https:\/\/sindaopcpb.org.br\/index.php\/wp-json\/wp\/v2\/tags?post=48083"}],"curies":[{"name":"wp","href":"https:\/\/api.w.org\/{rel}","templated":true}]}}