{"id":48080,"date":"2024-06-10T12:30:12","date_gmt":"2024-06-10T15:30:12","guid":{"rendered":"https:\/\/www.pbagora.com.br\/?p=836299"},"modified":"2024-06-10T12:30:12","modified_gmt":"2024-06-10T15:30:12","slug":"policia-prende-em-menos-de-24h-suspeito-de-matar-homem-no-sertao-paraibano","status":"publish","type":"post","link":"https:\/\/sindaopcpb.org.br\/index.php\/2024\/06\/10\/policia-prende-em-menos-de-24h-suspeito-de-matar-homem-no-sertao-paraibano\/","title":{"rendered":"Pol\u00edcia prende em menos de 24h suspeito de matar homem no Sert\u00e3o paraibano"},"content":{"rendered":"<p><img width=\"1000\" height=\"520\" src=\"https:\/\/pbagora.s3.amazonaws.com\/2024\/03\/20111145\/Viatura-da-Policia-Civil-1-1.jpg\" class=\"attachment-large size-large wp-post-image\" alt=\"\" style=\"margin-bottom: 20px;\" decoding=\"async\" loading=\"lazy\" srcset=\"https:\/\/pbagora.s3.amazonaws.com\/2024\/03\/20111145\/Viatura-da-Policia-Civil-1-1.jpg 1000w, https:\/\/pbagora.s3.amazonaws.com\/2024\/03\/20111145\/Viatura-da-Policia-Civil-1-1-300x156.jpg 300w, https:\/\/pbagora.s3.amazonaws.com\/2024\/03\/20111145\/Viatura-da-Policia-Civil-1-1-150x78.jpg 150w, https:\/\/pbagora.s3.amazonaws.com\/2024\/03\/20111145\/Viatura-da-Policia-Civil-1-1-768x399.jpg 768w, https:\/\/pbagora.s3.amazonaws.com\/2024\/03\/20111145\/Viatura-da-Policia-Civil-1-1-380x198.jpg 380w, https:\/\/pbagora.s3.amazonaws.com\/2024\/03\/20111145\/Viatura-da-Policia-Civil-1-1-800x416.jpg 800w, https:\/\/pbagora.s3.amazonaws.com\/2024\/03\/20111145\/Viatura-da-Policia-Civil-1-1-80x42.jpg 80w, https:\/\/pbagora.s3.amazonaws.com\/2024\/03\/20111145\/Viatura-da-Policia-Civil-1-1-760x395.jpg 760w, https:\/\/pbagora.s3.amazonaws.com\/2024\/03\/20111145\/Viatura-da-Policia-Civil-1-1-600x312.jpg 600w\" sizes=\"(max-width: 1000px) 100vw, 1000px\" \/><\/p><p data-sourcepos=\"3:1-3:277\">Em uma a\u00e7\u00e3o r\u00e1pida e eficiente, a Pol\u00edcia Civil da Para\u00edba prendeu o suspeito de cometer um homic\u00eddio no munic\u00edpio de Mana\u00edra, no sert\u00e3o paraibano. O crime ocorreu na madrugada do \u00faltimo domingo (19), e a pris\u00e3o do acusado aconteceu em menos de 24 horas.<\/p>\n<p data-sourcepos=\"5:1-5:175\">A v\u00edtima, um homem de 31 anos, foi encontrada sem vida nas proximidades do cemit\u00e9rio municipal, com marcas de tiros na cabe\u00e7a. A Pol\u00edcia Civil deu in\u00edcio imediato \u00e0s investiga\u00e7\u00f5es e, atrav\u00e9s de um trabalho minucioso, conseguiu identificar e prender o suspeito, um homem de 32 anos.<\/p>\n<p data-sourcepos=\"7:1-7:185\">As evid\u00eancias reunidas durante a investiga\u00e7\u00e3o foram suficientes para que a justi\u00e7a convertesse a pris\u00e3o em flagrante em preventiva. O acusado se encontra detido na cadeia p\u00fablica local.<\/p>\n<p data-sourcepos=\"11:1-11:223\">\n","protected":false},"excerpt":{"rendered":"<p><img decoding=\"async\" width=\"1000\" height=\"520\" src=\"https:\/\/pbagora.s3.amazonaws.com\/2024\/03\/20111145\/Viatura-da-Policia-Civil-1-1.jpg\" class=\"attachment-large size-large wp-post-image\" alt=\"\" loading=\"lazy\"><\/p>\n<p>Em uma a\u00e7\u00e3o r\u00e1pida e eficiente, a Pol\u00edcia Civil da Para\u00edba prendeu o suspeito de cometer um homic\u00eddio\u2026<\/p>\n","protected":false},"author":123458,"featured_media":0,"comment_status":"closed","ping_status":"closed","sticky":false,"template":"","format":"standard","meta":{"advgb_blocks_editor_width":"","advgb_blocks_columns_visual_guide":"","footnotes":""},"categories":[34],"tags":[10841,35,10839],"class_list":["post-48080","post","type-post","status-publish","format-standard","hentry","category-g1","tag-destaque-centro-02","tag-g1","tag-policial"],"author_meta":{"display_name":"Feliphe Rojas","author_link":"https:\/\/sindaopcpb.org.br\/author\/feliphe-rojas\/"},"featured_img":null,"coauthors":[],"tax_additional":{"categories":{"linked":["<a href=\"https:\/\/sindaopcpb.org.br\/g1\/\" class=\"advgb-post-tax-term\">G1<\/a>"],"unlinked":["<span class=\"advgb-post-tax-term\">G1<\/span>"]},"tags":{"linked":["<a href=\"https:\/\/sindaopcpb.org.br\/g1\/\" class=\"advgb-post-tax-term\">Destaque Centro 02<\/a>","<a href=\"https:\/\/sindaopcpb.org.br\/g1\/\" class=\"advgb-post-tax-term\">g1<\/a>","<a href=\"https:\/\/sindaopcpb.org.br\/g1\/\" class=\"advgb-post-tax-term\">Policial<\/a>"],"unlinked":["<span class=\"advgb-post-tax-term\">Destaque Centro 02<\/span>","<span class=\"advgb-post-tax-term\">g1<\/span>","<span class=\"advgb-post-tax-term\">Policial<\/span>"]}},"comment_count":"0","relative_dates":{"created":"Publicado 2 anos atr\u00e1s","modified":"Atualizado 2 anos atr\u00e1s"},"absolute_dates":{"created":"Publicado em 10 de junho de 2024","modified":"Atualizado em 10 de junho de 2024"},"absolute_dates_time":{"created":"Publicado em 10 de junho de 2024 12:30","modified":"Atualizado em 10 de junho de 2024 12:30"},"featured_img_caption":"","series_order":"","_links":{"self":[{"href":"https:\/\/sindaopcpb.org.br\/index.php\/wp-json\/wp\/v2\/posts\/48080","targetHints":{"allow":["GET"]}}],"collection":[{"href":"https:\/\/sindaopcpb.org.br\/index.php\/wp-json\/wp\/v2\/posts"}],"about":[{"href":"https:\/\/sindaopcpb.org.br\/index.php\/wp-json\/wp\/v2\/types\/post"}],"author":[{"embeddable":true,"href":"https:\/\/sindaopcpb.org.br\/index.php\/wp-json\/wp\/v2\/users\/123458"}],"replies":[{"embeddable":true,"href":"https:\/\/sindaopcpb.org.br\/index.php\/wp-json\/wp\/v2\/comments?post=48080"}],"version-history":[{"count":1,"href":"https:\/\/sindaopcpb.org.br\/index.php\/wp-json\/wp\/v2\/posts\/48080\/revisions"}],"predecessor-version":[{"id":48081,"href":"https:\/\/sindaopcpb.org.br\/index.php\/wp-json\/wp\/v2\/posts\/48080\/revisions\/48081"}],"wp:attachment":[{"href":"https:\/\/sindaopcpb.org.br\/index.php\/wp-json\/wp\/v2\/media?parent=48080"}],"wp:term":[{"taxonomy":"category","embeddable":true,"href":"https:\/\/sindaopcpb.org.br\/index.php\/wp-json\/wp\/v2\/categories?post=48080"},{"taxonomy":"post_tag","embeddable":true,"href":"https:\/\/sindaopcpb.org.br\/index.php\/wp-json\/wp\/v2\/tags?post=48080"}],"curies":[{"name":"wp","href":"https:\/\/api.w.org\/{rel}","templated":true}]}}