{"id":48078,"date":"2024-06-10T12:31:17","date_gmt":"2024-06-10T15:31:17","guid":{"rendered":"https:\/\/www.pbagora.com.br\/?p=836284"},"modified":"2024-06-10T12:31:17","modified_gmt":"2024-06-10T15:31:17","slug":"mulher-que-matou-filha-a-facadas-vai-a-juri-popular-em-jp-nesta-segunda-e-pode-pegar-ate-30-anos-de-prisao","status":"publish","type":"post","link":"https:\/\/sindaopcpb.org.br\/index.php\/2024\/06\/10\/mulher-que-matou-filha-a-facadas-vai-a-juri-popular-em-jp-nesta-segunda-e-pode-pegar-ate-30-anos-de-prisao\/","title":{"rendered":"Mulher que matou filha a facadas vai a j\u00fari popular em JP nesta segunda e pode pegar at\u00e9 30 anos de pris\u00e3o"},"content":{"rendered":"<p><img width=\"900\" height=\"506\" src=\"https:\/\/pbagora.s3.amazonaws.com\/2024\/06\/05123926\/WhatsApp-Image-2023-10-26-at-17.23.57-e1698351952250.jpeg\" class=\"attachment-large size-large wp-post-image\" alt=\"\" style=\"margin-bottom: 20px;\" decoding=\"async\" loading=\"lazy\" srcset=\"https:\/\/pbagora.s3.amazonaws.com\/2024\/06\/05123926\/WhatsApp-Image-2023-10-26-at-17.23.57-e1698351952250.jpeg 900w, https:\/\/pbagora.s3.amazonaws.com\/2024\/06\/05123926\/WhatsApp-Image-2023-10-26-at-17.23.57-e1698351952250-300x169.jpeg 300w, https:\/\/pbagora.s3.amazonaws.com\/2024\/06\/05123926\/WhatsApp-Image-2023-10-26-at-17.23.57-e1698351952250-150x84.jpeg 150w, https:\/\/pbagora.s3.amazonaws.com\/2024\/06\/05123926\/WhatsApp-Image-2023-10-26-at-17.23.57-e1698351952250-768x432.jpeg 768w, https:\/\/pbagora.s3.amazonaws.com\/2024\/06\/05123926\/WhatsApp-Image-2023-10-26-at-17.23.57-e1698351952250-380x214.jpeg 380w, https:\/\/pbagora.s3.amazonaws.com\/2024\/06\/05123926\/WhatsApp-Image-2023-10-26-at-17.23.57-e1698351952250-800x450.jpeg 800w, https:\/\/pbagora.s3.amazonaws.com\/2024\/06\/05123926\/WhatsApp-Image-2023-10-26-at-17.23.57-e1698351952250-80x46.jpeg 80w, https:\/\/pbagora.s3.amazonaws.com\/2024\/06\/05123926\/WhatsApp-Image-2023-10-26-at-17.23.57-e1698351952250-760x427.jpeg 760w, https:\/\/pbagora.s3.amazonaws.com\/2024\/06\/05123926\/WhatsApp-Image-2023-10-26-at-17.23.57-e1698351952250-600x337.jpeg 600w\" sizes=\"(max-width: 900px) 100vw, 900px\" \/><\/p><p data-sourcepos=\"5:1-5:326\">Eliane Nunes da Silva ser\u00e1 julgada a partir desta ter\u00e7a-feira (11) pelo crime de homic\u00eddio qualificado contra sua filha de apenas um ano de idade. O crime aconteceu no dia 26 de outubro de 2023, na casa da v\u00edtima, no Bairro Ernesto Geisel, na Capital da Para\u00edba. A r\u00e9 confessou o assassinato e pode pegar at\u00e9 30 anos de pris\u00e3o, caso seja condenada.<\/p>\n<p data-sourcepos=\"7:1-7:271\">Segundo a den\u00fancia do Minist\u00e9rio P\u00fablico, Eliane matou a filha por motivo f\u00fatil, com extrema crueldade e impossibilitando a defesa da crian\u00e7a. A v\u00edtima foi golpeada 26 vezes com uma faca peixeira, ap\u00f3s a r\u00e9 receber uma mensagem do companheiro terminando o relacionamento.<\/p>\n<p data-sourcepos=\"9:1-9:190\">O crime chocou a comunidade pessoense e ser\u00e1 julgado pelo 2\u00ba Tribunal do J\u00fari da Comarca de Jo\u00e3o Pessoa. A pena para o homic\u00eddio qualificado varia de 12 a 30 anos de reclus\u00e3o, al\u00e9m de multa.<\/p>\n<p data-sourcepos=\"13:1-13:10\">Conforme a investiga\u00e7\u00e3o, Eliane agiu com premedita\u00e7\u00e3o e frieza. Ap\u00f3s receber a mensagem do companheiro, ela se armou com uma faca e foi at\u00e9 o quarto da filha, que dormia em um ber\u00e7o. Em seguida, desferiu o primeiro golpe nas costas da crian\u00e7a, que come\u00e7ou a chorar.<\/p>\n<p data-sourcepos=\"15:1-15:293\">Mesmo com os gritos da filha, Eliane continuou o ataque e a esfaqueou outras 25 vezes, nas regi\u00f5es do abd\u00f4men, costas e pesco\u00e7o. A per\u00edcia constatou que a beb\u00ea apresentava 10 perfura\u00e7\u00f5es no abd\u00f4men, duas no pesco\u00e7o, duas na face, tr\u00eas nas costas, uma na lombar e sete na regi\u00e3o lombar direita.<\/p>\n<p data-sourcepos=\"19:1-19:199\">O homic\u00eddio qualificado por motivo torpe, meio cruel e recurso que impossibilitou a defesa da v\u00edtima, cometido por ascendente (m\u00e3e) contra descendente menor de 14 anos, \u00e9 considerado crime hediondo.<\/p>\n<p data-sourcepos=\"21:1-21:101\">Isso significa que Eliane n\u00e3o ter\u00e1 direito a fian\u00e7a, gra\u00e7a, anistia ou indulto, caso seja condenada.<\/p>\n","protected":false},"excerpt":{"rendered":"<p><img decoding=\"async\" width=\"900\" height=\"506\" src=\"https:\/\/pbagora.s3.amazonaws.com\/2024\/06\/05123926\/WhatsApp-Image-2023-10-26-at-17.23.57-e1698351952250.jpeg\" class=\"attachment-large size-large wp-post-image\" alt=\"\" loading=\"lazy\"><\/p>\n<p>Eliane Nunes da Silva ser\u00e1 julgada a partir desta ter\u00e7a-feira (11) pelo crime de homic\u00eddio qualificado contra sua\u2026<\/p>\n","protected":false},"author":123458,"featured_media":0,"comment_status":"closed","ping_status":"closed","sticky":false,"template":"","format":"standard","meta":{"advgb_blocks_editor_width":"","advgb_blocks_columns_visual_guide":"","footnotes":""},"categories":[34],"tags":[10841,35,10839],"class_list":["post-48078","post","type-post","status-publish","format-standard","hentry","category-g1","tag-destaque-centro-02","tag-g1","tag-policial"],"author_meta":{"display_name":"Feliphe Rojas","author_link":"https:\/\/sindaopcpb.org.br\/author\/feliphe-rojas\/"},"featured_img":null,"coauthors":[],"tax_additional":{"categories":{"linked":["<a href=\"https:\/\/sindaopcpb.org.br\/g1\/\" class=\"advgb-post-tax-term\">G1<\/a>"],"unlinked":["<span class=\"advgb-post-tax-term\">G1<\/span>"]},"tags":{"linked":["<a href=\"https:\/\/sindaopcpb.org.br\/g1\/\" class=\"advgb-post-tax-term\">Destaque Centro 02<\/a>","<a href=\"https:\/\/sindaopcpb.org.br\/g1\/\" class=\"advgb-post-tax-term\">g1<\/a>","<a href=\"https:\/\/sindaopcpb.org.br\/g1\/\" class=\"advgb-post-tax-term\">Policial<\/a>"],"unlinked":["<span class=\"advgb-post-tax-term\">Destaque Centro 02<\/span>","<span class=\"advgb-post-tax-term\">g1<\/span>","<span class=\"advgb-post-tax-term\">Policial<\/span>"]}},"comment_count":"0","relative_dates":{"created":"Publicado 2 anos atr\u00e1s","modified":"Atualizado 2 anos atr\u00e1s"},"absolute_dates":{"created":"Publicado em 10 de junho de 2024","modified":"Atualizado em 10 de junho de 2024"},"absolute_dates_time":{"created":"Publicado em 10 de junho de 2024 12:31","modified":"Atualizado em 10 de junho de 2024 12:31"},"featured_img_caption":"","series_order":"","_links":{"self":[{"href":"https:\/\/sindaopcpb.org.br\/index.php\/wp-json\/wp\/v2\/posts\/48078","targetHints":{"allow":["GET"]}}],"collection":[{"href":"https:\/\/sindaopcpb.org.br\/index.php\/wp-json\/wp\/v2\/posts"}],"about":[{"href":"https:\/\/sindaopcpb.org.br\/index.php\/wp-json\/wp\/v2\/types\/post"}],"author":[{"embeddable":true,"href":"https:\/\/sindaopcpb.org.br\/index.php\/wp-json\/wp\/v2\/users\/123458"}],"replies":[{"embeddable":true,"href":"https:\/\/sindaopcpb.org.br\/index.php\/wp-json\/wp\/v2\/comments?post=48078"}],"version-history":[{"count":1,"href":"https:\/\/sindaopcpb.org.br\/index.php\/wp-json\/wp\/v2\/posts\/48078\/revisions"}],"predecessor-version":[{"id":48079,"href":"https:\/\/sindaopcpb.org.br\/index.php\/wp-json\/wp\/v2\/posts\/48078\/revisions\/48079"}],"wp:attachment":[{"href":"https:\/\/sindaopcpb.org.br\/index.php\/wp-json\/wp\/v2\/media?parent=48078"}],"wp:term":[{"taxonomy":"category","embeddable":true,"href":"https:\/\/sindaopcpb.org.br\/index.php\/wp-json\/wp\/v2\/categories?post=48078"},{"taxonomy":"post_tag","embeddable":true,"href":"https:\/\/sindaopcpb.org.br\/index.php\/wp-json\/wp\/v2\/tags?post=48078"}],"curies":[{"name":"wp","href":"https:\/\/api.w.org\/{rel}","templated":true}]}}