{"id":48066,"date":"2024-06-10T09:00:32","date_gmt":"2024-06-10T12:00:32","guid":{"rendered":"https:\/\/www.pbagora.com.br\/?p=836221"},"modified":"2024-06-10T10:40:32","modified_gmt":"2024-06-10T13:40:32","slug":"policia-apreende-armas-de-fogo-apos-confronto-no-alto-do-mateus-em-jp-e-imaculada-em-bayeux","status":"publish","type":"post","link":"https:\/\/sindaopcpb.org.br\/index.php\/2024\/06\/10\/policia-apreende-armas-de-fogo-apos-confronto-no-alto-do-mateus-em-jp-e-imaculada-em-bayeux\/","title":{"rendered":"Pol\u00edcia apreende armas de fogo ap\u00f3s confronto no Alto do Mateus, em JP, e Imaculada, em Bayeux"},"content":{"rendered":"<p><img width=\"1024\" height=\"577\" src=\"https:\/\/pbagora.s3.amazonaws.com\/2024\/03\/03115915\/62dfd8db8dbfa_POLICIA-4-1024x577-1.jpg\" class=\"attachment-large size-large wp-post-image\" alt=\"\" style=\"margin-bottom: 20px;\" decoding=\"async\" srcset=\"https:\/\/pbagora.s3.amazonaws.com\/2024\/03\/03115915\/62dfd8db8dbfa_POLICIA-4-1024x577-1.jpg 1024w, https:\/\/pbagora.s3.amazonaws.com\/2024\/03\/03115915\/62dfd8db8dbfa_POLICIA-4-1024x577-1-300x169.jpg 300w, https:\/\/pbagora.s3.amazonaws.com\/2024\/03\/03115915\/62dfd8db8dbfa_POLICIA-4-1024x577-1-150x85.jpg 150w, https:\/\/pbagora.s3.amazonaws.com\/2024\/03\/03115915\/62dfd8db8dbfa_POLICIA-4-1024x577-1-768x433.jpg 768w, https:\/\/pbagora.s3.amazonaws.com\/2024\/03\/03115915\/62dfd8db8dbfa_POLICIA-4-1024x577-1-380x214.jpg 380w, https:\/\/pbagora.s3.amazonaws.com\/2024\/03\/03115915\/62dfd8db8dbfa_POLICIA-4-1024x577-1-800x451.jpg 800w, https:\/\/pbagora.s3.amazonaws.com\/2024\/03\/03115915\/62dfd8db8dbfa_POLICIA-4-1024x577-1-80x46.jpg 80w, https:\/\/pbagora.s3.amazonaws.com\/2024\/03\/03115915\/62dfd8db8dbfa_POLICIA-4-1024x577-1-760x428.jpg 760w, https:\/\/pbagora.s3.amazonaws.com\/2024\/03\/03115915\/62dfd8db8dbfa_POLICIA-4-1024x577-1-600x338.jpg 600w\" sizes=\"(max-width: 1024px) 100vw, 1024px\" \/><\/p><p>A Pol\u00edcia Militar desarticulou e fechou o cerco contra criminosos que estavam armados na localidade conhecida como Cano, que fica entre os bairros de Alto do Mateus, em Jo\u00e3o Pessoa, e Imaculada, em Bayeux. A a\u00e7\u00e3o aconteceu nesse domingo (09) ap\u00f3s confronto com os acusados. Duas armas foram apreendidas e dois criminosos foram presos.<\/p>\n<p>O cerco foi realizado pelos policiais do 1\u00ba Batalh\u00e3o e For\u00e7a Regional, que atuavam na localidade para combater il\u00edcitos. Na abordagem, os criminosos reagiram e houve confronto. Um dos acusados foi atingido, socorrido pelos pr\u00f3prios policiais no local, e encaminhado para o atendimento m\u00e9dico.<\/p>\n<p>A dupla estava com dois rev\u00f3lveres e por\u00e7\u00f5es de drogas, material que foi apreendido. A ocorr\u00eancia foi apresentada na Cidade da Pol\u00edcia Civil, onde os acusados seguem a disposi\u00e7\u00e3o da Justi\u00e7a. A participa\u00e7\u00e3o deles em outros crimes na regi\u00e3o ser\u00e1 investigada.<\/p>\n<p>Reda\u00e7\u00e3o<\/p>\n","protected":false},"excerpt":{"rendered":"<p><img loading=\"lazy\" decoding=\"async\" width=\"1024\" height=\"577\" src=\"https:\/\/pbagora.s3.amazonaws.com\/2024\/03\/03115915\/62dfd8db8dbfa_POLICIA-4-1024x577-1.jpg\" class=\"attachment-large size-large wp-post-image\" alt=\"\"><\/p>\n<p>A Pol\u00edcia Militar desarticulou e fechou o cerco contra criminosos que estavam armados na localidade conhecida como Cano,\u2026<\/p>\n","protected":false},"author":123457,"featured_media":0,"comment_status":"closed","ping_status":"closed","sticky":false,"template":"","format":"standard","meta":{"advgb_blocks_editor_width":"","advgb_blocks_columns_visual_guide":"","footnotes":""},"categories":[34],"tags":[35,10839,10846],"class_list":["post-48066","post","type-post","status-publish","format-standard","hentry","category-g1","tag-g1","tag-policial","tag-rodape-02"],"author_meta":{"display_name":"Reda\u00e7\u00e3o","author_link":"https:\/\/sindaopcpb.org.br\/author\/redacao\/"},"featured_img":null,"coauthors":[],"tax_additional":{"categories":{"linked":["<a href=\"https:\/\/sindaopcpb.org.br\/g1\/\" class=\"advgb-post-tax-term\">G1<\/a>"],"unlinked":["<span class=\"advgb-post-tax-term\">G1<\/span>"]},"tags":{"linked":["<a href=\"https:\/\/sindaopcpb.org.br\/g1\/\" class=\"advgb-post-tax-term\">g1<\/a>","<a href=\"https:\/\/sindaopcpb.org.br\/g1\/\" class=\"advgb-post-tax-term\">Policial<\/a>","<a href=\"https:\/\/sindaopcpb.org.br\/g1\/\" class=\"advgb-post-tax-term\">Rodape 02<\/a>"],"unlinked":["<span class=\"advgb-post-tax-term\">g1<\/span>","<span class=\"advgb-post-tax-term\">Policial<\/span>","<span class=\"advgb-post-tax-term\">Rodape 02<\/span>"]}},"comment_count":"0","relative_dates":{"created":"Publicado 2 anos atr\u00e1s","modified":"Atualizado 2 anos atr\u00e1s"},"absolute_dates":{"created":"Publicado em 10 de junho de 2024","modified":"Atualizado em 10 de junho de 2024"},"absolute_dates_time":{"created":"Publicado em 10 de junho de 2024 09:00","modified":"Atualizado em 10 de junho de 2024 10:40"},"featured_img_caption":"","series_order":"","_links":{"self":[{"href":"https:\/\/sindaopcpb.org.br\/index.php\/wp-json\/wp\/v2\/posts\/48066","targetHints":{"allow":["GET"]}}],"collection":[{"href":"https:\/\/sindaopcpb.org.br\/index.php\/wp-json\/wp\/v2\/posts"}],"about":[{"href":"https:\/\/sindaopcpb.org.br\/index.php\/wp-json\/wp\/v2\/types\/post"}],"author":[{"embeddable":true,"href":"https:\/\/sindaopcpb.org.br\/index.php\/wp-json\/wp\/v2\/users\/123457"}],"replies":[{"embeddable":true,"href":"https:\/\/sindaopcpb.org.br\/index.php\/wp-json\/wp\/v2\/comments?post=48066"}],"version-history":[{"count":3,"href":"https:\/\/sindaopcpb.org.br\/index.php\/wp-json\/wp\/v2\/posts\/48066\/revisions"}],"predecessor-version":[{"id":48082,"href":"https:\/\/sindaopcpb.org.br\/index.php\/wp-json\/wp\/v2\/posts\/48066\/revisions\/48082"}],"wp:attachment":[{"href":"https:\/\/sindaopcpb.org.br\/index.php\/wp-json\/wp\/v2\/media?parent=48066"}],"wp:term":[{"taxonomy":"category","embeddable":true,"href":"https:\/\/sindaopcpb.org.br\/index.php\/wp-json\/wp\/v2\/categories?post=48066"},{"taxonomy":"post_tag","embeddable":true,"href":"https:\/\/sindaopcpb.org.br\/index.php\/wp-json\/wp\/v2\/tags?post=48066"}],"curies":[{"name":"wp","href":"https:\/\/api.w.org\/{rel}","templated":true}]}}