{"id":48060,"date":"2024-06-10T06:28:15","date_gmt":"2024-06-10T09:28:15","guid":{"rendered":"https:\/\/www.pbagora.com.br\/?p=836188"},"modified":"2024-06-10T06:28:15","modified_gmt":"2024-06-10T09:28:15","slug":"motociclista-morre-apos-colidir-com-viatura-da-policia-militar-na-pb-073-entre-as-cidades-de-sape-e-sobrado","status":"publish","type":"post","link":"https:\/\/sindaopcpb.org.br\/index.php\/2024\/06\/10\/motociclista-morre-apos-colidir-com-viatura-da-policia-militar-na-pb-073-entre-as-cidades-de-sape-e-sobrado\/","title":{"rendered":"Motociclista morre ap\u00f3s colidir com viatura da Pol\u00edcia Militar, na PB-073, entre as cidades de Sap\u00e9 e Sobrado"},"content":{"rendered":"<p><img width=\"720\" height=\"800\" src=\"https:\/\/pbagora.s3.amazonaws.com\/2024\/06\/09165850\/acidente-pmpb.jpeg\" class=\"attachment-large size-large wp-post-image\" alt=\"\" style=\"margin-bottom: 20px;\" decoding=\"async\" loading=\"lazy\" srcset=\"https:\/\/pbagora.s3.amazonaws.com\/2024\/06\/09165850\/acidente-pmpb.jpeg 720w, https:\/\/pbagora.s3.amazonaws.com\/2024\/06\/09165850\/acidente-pmpb-270x300.jpeg 270w, https:\/\/pbagora.s3.amazonaws.com\/2024\/06\/09165850\/acidente-pmpb-135x150.jpeg 135w, https:\/\/pbagora.s3.amazonaws.com\/2024\/06\/09165850\/acidente-pmpb-380x422.jpeg 380w, https:\/\/pbagora.s3.amazonaws.com\/2024\/06\/09165850\/acidente-pmpb-80x89.jpeg 80w, https:\/\/pbagora.s3.amazonaws.com\/2024\/06\/09165850\/acidente-pmpb-72x80.jpeg 72w, https:\/\/pbagora.s3.amazonaws.com\/2024\/06\/09165850\/acidente-pmpb-540x600.jpeg 540w\" sizes=\"(max-width: 720px) 100vw, 720px\" \/><\/p><p>Um grave acidente vitimou na tarde de ontem (09), um motociclista que colidiu com uma viatura da Pol\u00edcia Militar (PM), na PB-073, entre os munic\u00edpios de Sap\u00e9 e Sobrado, na Zona da Mata paraibana.<\/p>\n<p>Segundo a pol\u00edcia o condutor da motocicleta tentou fazer uma ultrapassagem indevida e colidiu de frente com uma viatura da cidade de Riach\u00e3o do Po\u00e7o. O motociclista n\u00e3o resistiu aos ferimentos e morreu no local. A v\u00edtima foi identificada como Jos\u00e9 Fernandes Gomes da Silva, de 45 anos.<\/p>\n<p>Devido a colis\u00e3o a frente da viatura da PM ficou completamente destru\u00edda. Os policiais militares, que estavam na viatura, n\u00e3o sofreram ferimentos graves. O motorista foi atendido no Hospital Regional Dr. S\u00e1 Andrade, em Sap\u00e9, por conta de um ferimento na m\u00e3o e passa bem.<\/p>\n<p>Reda\u00e7\u00e3o<\/p>\n","protected":false},"excerpt":{"rendered":"<p><img loading=\"lazy\" decoding=\"async\" width=\"720\" height=\"800\" src=\"https:\/\/pbagora.s3.amazonaws.com\/2024\/06\/09165850\/acidente-pmpb.jpeg\" class=\"attachment-large size-large wp-post-image\" alt=\"\"><\/p>\n<p>Um grave acidente vitimou na tarde de ontem (09), um motociclista que colidiu com uma viatura da Pol\u00edcia\u2026<\/p>\n","protected":false},"author":123457,"featured_media":0,"comment_status":"closed","ping_status":"closed","sticky":false,"template":"","format":"standard","meta":{"advgb_blocks_editor_width":"","advgb_blocks_columns_visual_guide":"","footnotes":""},"categories":[34],"tags":[35,10839,10844],"class_list":["post-48060","post","type-post","status-publish","format-standard","hentry","category-g1","tag-g1","tag-policial","tag-principal2"],"author_meta":{"display_name":"Reda\u00e7\u00e3o","author_link":"https:\/\/sindaopcpb.org.br\/author\/redacao\/"},"featured_img":null,"coauthors":[],"tax_additional":{"categories":{"linked":["<a href=\"https:\/\/sindaopcpb.org.br\/g1\/\" class=\"advgb-post-tax-term\">G1<\/a>"],"unlinked":["<span class=\"advgb-post-tax-term\">G1<\/span>"]},"tags":{"linked":["<a href=\"https:\/\/sindaopcpb.org.br\/g1\/\" class=\"advgb-post-tax-term\">g1<\/a>","<a href=\"https:\/\/sindaopcpb.org.br\/g1\/\" class=\"advgb-post-tax-term\">Policial<\/a>","<a href=\"https:\/\/sindaopcpb.org.br\/g1\/\" class=\"advgb-post-tax-term\">Principal2<\/a>"],"unlinked":["<span class=\"advgb-post-tax-term\">g1<\/span>","<span class=\"advgb-post-tax-term\">Policial<\/span>","<span class=\"advgb-post-tax-term\">Principal2<\/span>"]}},"comment_count":"0","relative_dates":{"created":"Publicado 2 anos atr\u00e1s","modified":"Atualizado 2 anos atr\u00e1s"},"absolute_dates":{"created":"Publicado em 10 de junho de 2024","modified":"Atualizado em 10 de junho de 2024"},"absolute_dates_time":{"created":"Publicado em 10 de junho de 2024 06:28","modified":"Atualizado em 10 de junho de 2024 06:28"},"featured_img_caption":"","series_order":"","_links":{"self":[{"href":"https:\/\/sindaopcpb.org.br\/index.php\/wp-json\/wp\/v2\/posts\/48060","targetHints":{"allow":["GET"]}}],"collection":[{"href":"https:\/\/sindaopcpb.org.br\/index.php\/wp-json\/wp\/v2\/posts"}],"about":[{"href":"https:\/\/sindaopcpb.org.br\/index.php\/wp-json\/wp\/v2\/types\/post"}],"author":[{"embeddable":true,"href":"https:\/\/sindaopcpb.org.br\/index.php\/wp-json\/wp\/v2\/users\/123457"}],"replies":[{"embeddable":true,"href":"https:\/\/sindaopcpb.org.br\/index.php\/wp-json\/wp\/v2\/comments?post=48060"}],"version-history":[{"count":2,"href":"https:\/\/sindaopcpb.org.br\/index.php\/wp-json\/wp\/v2\/posts\/48060\/revisions"}],"predecessor-version":[{"id":48069,"href":"https:\/\/sindaopcpb.org.br\/index.php\/wp-json\/wp\/v2\/posts\/48060\/revisions\/48069"}],"wp:attachment":[{"href":"https:\/\/sindaopcpb.org.br\/index.php\/wp-json\/wp\/v2\/media?parent=48060"}],"wp:term":[{"taxonomy":"category","embeddable":true,"href":"https:\/\/sindaopcpb.org.br\/index.php\/wp-json\/wp\/v2\/categories?post=48060"},{"taxonomy":"post_tag","embeddable":true,"href":"https:\/\/sindaopcpb.org.br\/index.php\/wp-json\/wp\/v2\/tags?post=48060"}],"curies":[{"name":"wp","href":"https:\/\/api.w.org\/{rel}","templated":true}]}}